{"id":131587,"date":"2026-01-07T22:29:09","date_gmt":"2026-01-07T22:29:09","guid":{"rendered":"https:\/\/www.europesays.com\/no\/131587\/"},"modified":"2026-01-07T22:29:09","modified_gmt":"2026-01-07T22:29:09","slug":"sesko-dobbel-da-united-rotet-bort-seieren-mot-burnley","status":"publish","type":"post","link":"https:\/\/www.europesays.com\/no\/131587\/","title":{"rendered":"Sesko-dobbel da United rotet bort seieren mot Burnley"},"content":{"rendered":"\n<p class=\"_lead_o9xde_2 _lead_xtcu6_50 layout-component text-serif-m layout-normal text-serif-l layout-component layout-wide layout-padded _wide_17hqh_1 layout-padded\">Ruben Amorim er historie i Manchester United. Tr\u00f8bbelet er langt fra borte.<\/p>\n<p> <img class=\"_image_qp4xg_65 layout-component layout-wide\" data-fullscreen- data-track-element-type=\"Article image fullscreen\" data-track-name=\"ImageFullscreen\" fetchpriority=\"high\" decoding=\"sync\" loading=\"eager\" height=\"102\" itemprop=\"image\"  src=\"https:\/\/www.europesays.com\/no\/wp-content\/uploads\/2026\/01\/67ff794af2ea7a08b79fd6839ff6c363.jpg\"  style=\"object-position:50% 50%;aspect-ratio:1.75;height:auto;object-fit:cover;width:100%\" width=\"102\"\/>  <\/p>\n<ul aria-hidden=\"true\" class=\"_images_ntbth_112\">\n<li><a class=\"_link_ntbth_117\" href=\"https:\/\/www.vg.no\/forfatter\/sindre-oegar\" style=\"z-index:1\" title=\"Sindre \u00d8gar\" rel=\"nofollow noopener\" target=\"_blank\"><img alt=\"Bilde av Sindre \u00d8gar\" class=\"_image_ntbth_93\" fetchpriority=\"low\" loading=\"lazy\" decoding=\"async\" itemprop=\"image\"  src=\"https:\/\/www.europesays.com\/no\/wp-content\/uploads\/2026\/01\/1767824948_775_104d6818-f429-4f77-a08f-a7022fcc3fa3.png\"  width=\"480\"\/><\/a><\/li>\n<\/ul>\n<p> Oppdatert onsdag 7. januar kl. 23:24     <\/p>\n<p class=\"_paragraph_o9xde_4 _paragraph_xtcu6_10 layout-component text-serif-m layout-normal text-serif-m layout-padded\">\u2013 Det er nok en gang to poeng som glipper mot et lag i bunnen av ligaen. De har mistet sv\u00e6rt mange poeng de siste ukene, oppsummerer Sky Sports-ekspert Gary Neville, etter 2\u20132 mot Burnely.<\/p>\n<p class=\"_paragraph_o9xde_4 _paragraph_xtcu6_10 layout-component text-serif-m layout-normal text-serif-m layout-padded\">\u2013 <a href=\"https:\/\/www.vg.no\/tag\/manchester-united?utm_source=vg-article&amp;utm_medium=auto-tagger&amp;utm_campaign=K83On5\" class=\"_link_o9xde_39\" rel=\"nofollow noopener\" target=\"_blank\">Manchester United<\/a> var bedre i andre omgang, men vil v\u00e6re sv\u00e6rt skuffet over baklengsm\u00e5let nummer to. Det m\u00e5 forsvares bedre, mener Neville.<\/p>\n<p class=\"_paragraph_o9xde_4 _paragraph_xtcu6_10 layout-component text-serif-m layout-normal text-serif-m layout-padded\">Alt som kunne g\u00e5 galt for United i f\u00f8rste omgang p\u00e5 Turf Moor, gikk galt.<\/p>\n<p class=\"_paragraph_o9xde_4 _paragraph_xtcu6_10 layout-component text-serif-m layout-normal text-serif-m layout-padded\">Stopper-talentet Ayden Heaven scoret selvm\u00e5l tidlig i f\u00f8rste omgang, da han ble truffet av et innlegg. Noe senere reagerte ekspertene da Uniteds Lisandro Martinez fikk sin scoring annullert.<\/p>\n<p class=\"_paragraph_o9xde_4 _paragraph_xtcu6_10 layout-component text-serif-m layout-normal text-serif-m layout-padded\">Det var flere spillere som holdt i feltet, men i Viaplays Premier League-studio argumenterte b\u00e5de Tor Ole Skullerud og P\u00e5l Andr\u00e9 Helland for at dommeren tok feil \u2013 og at han burde godkjent scoringen.<\/p>\n<p class=\"_paragraph_o9xde_4 _paragraph_xtcu6_10 layout-component text-serif-m layout-normal text-serif-m layout-padded\">\u2013 Martinez holder litt i ham, men Walker g\u00e5r ganske lett i bakken, vurderte Sky Sports-ekspert Gary Neville \u2013 om duellen mellom Martinez og Kyle Walker.<\/p>\n<p class=\"_paragraph_o9xde_4 _paragraph_xtcu6_10 layout-component text-serif-m layout-normal text-serif-m layout-padded\">Darren Fletcher, som er midlertidig trener mens United leter etter en noe mer langsiktig l\u00f8sning, s\u00e5 fortvilet ut \u2013 og ikke som den lykkebringeren klubben trenger.<\/p>\n<p><img alt=\"Darren Fletcher etter 2\u20132-oppgj\u00f8ret.  Foto: Martin Rickett \/ Pa Photos \/ NTB\" class=\"_image_qp4xg_65 layout-component layout-normal\" data-fullscreen- data-track-element-type=\"Article image fullscreen\" data-track-name=\"ImageFullscreen\" decoding=\"async\" loading=\"lazy\" height=\"2045\" itemprop=\"image\"  src=\"https:\/\/www.europesays.com\/no\/wp-content\/uploads\/2026\/01\/8cb0d874-4eac-4da2-ba3c-e5fb5fe767f1.jpeg\"  style=\"object-position:0% 0%\" width=\"3067\"\/>Darren Fletcher etter 2\u20132-oppgj\u00f8ret.  Foto: Martin Rickett \/ Pa Photos \/ NTB<\/p>\n<p class=\"_paragraph_o9xde_4 _paragraph_xtcu6_10 layout-component text-serif-m layout-normal text-serif-m layout-padded\">\u2013 United har hatt alle mulige marginer imot seg hele omgangen, vurderte P\u00e5l Andr\u00e9 Helland i Viaplay-studioet.<\/p>\n<p class=\"_paragraph_o9xde_4 _paragraph_xtcu6_10 layout-component text-serif-m layout-normal text-serif-m layout-padded\">Manchester United lignet mest p\u00e5 Manchester United under Ruben Amorim. Statiske, og ganske enkle \u00e5 lese fremover i banen.<\/p>\n<p class=\"_paragraph_o9xde_4 _paragraph_xtcu6_10 layout-component text-serif-m layout-normal text-serif-m layout-padded\">Men s\u00e5.<\/p>\n<p class=\"_paragraph_o9xde_4 _paragraph_xtcu6_10 layout-component text-serif-m layout-normal text-serif-m layout-padded\">De siste minuttene av 1. omgang dominterte United kraftig. <\/p>\n<p class=\"_paragraph_o9xde_4 _paragraph_xtcu6_10 layout-component text-serif-m layout-normal text-serif-m layout-padded\">Og slik fortsatt det utover i 2. omgang. Benjamin Sesko utlignet etter en kreativ stikker fra Bruno Fernandes, og ti minutter senere var sloveneren tom\u00e5lsscorer. <\/p>\n<p class=\"_paragraph_o9xde_4 _paragraph_xtcu6_10 layout-component text-serif-m layout-normal text-serif-m layout-padded\">22-\u00e5ringen gjorde det beste ut av Dorgus presise innlegg, og scoret med en volley \u2013 plutselig s\u00e5 han ut som er m\u00e5ljeger.<\/p>\n<p class=\"_paragraph_o9xde_4 _paragraph_xtcu6_10 layout-component text-serif-m layout-normal text-serif-m layout-padded\">\u2013 Manchester United har v\u00e6rt veldig gode i andre omgang, kommentere Gary Neville hos Sky Sports, omtrent midtveis i omgangen. <\/p>\n<p class=\"_paragraph_o9xde_4 _paragraph_xtcu6_10 layout-component text-serif-m layout-normal text-serif-m layout-padded\">Men problemene sitter dypt i United-laget. <\/p>\n<p class=\"_paragraph_o9xde_4 _paragraph_xtcu6_10 layout-component text-serif-m layout-normal text-serif-m layout-padded\">Innbytter Jaidon Anthony utlignet med et vakkert skudd i lengste, da United-forsvarerne sto for passive rundt ham. <\/p>\n<p><img alt=\"Talentet Shea Lacey holdt p\u00e5 \u00e5 bli United-helt.  Foto: OLI SCARFF \/ AFP \/ NTB\" class=\"_image_qp4xg_65 layout-component layout-normal\" data-fullscreen- data-track-element-type=\"Article image fullscreen\" data-track-name=\"ImageFullscreen\" decoding=\"async\" loading=\"lazy\" height=\"5504\" itemprop=\"image\"  src=\"https:\/\/www.europesays.com\/no\/wp-content\/uploads\/2026\/01\/656f1d8d-be4d-49c8-8c2f-41ec3850ca79.png\"  style=\"object-position:0% 0%\" width=\"8256\"\/>Talentet Shea Lacey holdt p\u00e5 \u00e5 bli United-helt.  Foto: OLI SCARFF \/ AFP \/ NTB<\/p>\n<p class=\"_paragraph_o9xde_4 _paragraph_xtcu6_10 layout-component text-serif-m layout-normal text-serif-m layout-padded\">United-innbytter Shea Lacey (18) holdt p\u00e5 \u00e5 gj\u00f8re det helt store. Tverrliggeren stoppet 18-\u00e5ringen fra \u00e5 bli den store helten, da han smalt til fra distanse. <\/p>\n<p class=\"_paragraph_o9xde_4 _paragraph_xtcu6_10 layout-component text-serif-m layout-normal text-serif-m layout-padded\">\u2013 United var det klart beste laget til Sesko gjorde 2-1, men etterp\u00e5 falt de i kvalitet, oppsummerte Nils Johan Semb, som kommenterte kampen for Viaplay.<\/p>\n<p class=\"_paragraph_o9xde_4 _paragraph_xtcu6_10 layout-component text-serif-m layout-normal text-serif-m layout-padded\">Allerede i kveld, etter kampen, fortsetter United dialogen med kandidatene som kan bli klubbens neste manager \u2013 der <a href=\"https:\/\/www.vg.no\/sport\/i\/OkpGmw\/david-ornstein-solskjaer-er-ett-av-tre-navn\" data-track-element-type=\"Link\" data-track-id=\"link:OkpGmw\" class=\"_link_o9xde_39\" rel=\"nofollow noopener\" target=\"_blank\">Ole Gunnar Solskj\u00e6r er en av favorittene<\/a>. <\/p>\n","protected":false},"excerpt":{"rendered":"Ruben Amorim er historie i Manchester United. Tr\u00f8bbelet er langt fra borte. Oppdatert onsdag 7. januar kl. 23:24&hellip;\n","protected":false},"author":2,"featured_media":131588,"comment_status":"","ping_status":"","sticky":false,"template":"","format":"standard","meta":{"footnotes":""},"categories":[5],"tags":[20,21,24,25,15,19,22,23,17,18,158,13,30,28,29,14,505,16,161,26,27],"class_list":{"0":"post-131587","1":"post","2":"type-post","3":"status-publish","4":"format-standard","5":"has-post-thumbnail","7":"category-overskrifter","8":"tag-breaking-news","9":"tag-breakingnews","10":"tag-featured-news","11":"tag-featurednews","12":"tag-headlines","13":"tag-hovedoppslag","14":"tag-latest-news","15":"tag-latestnews","16":"tag-main-news","17":"tag-mainnews","18":"tag-manchester-united","19":"tag-news","20":"tag-no","21":"tag-norge","22":"tag-norway","23":"tag-nyheter","24":"tag-ole-gunnar-solskjaer","25":"tag-overskrifter","26":"tag-premier-league","27":"tag-top-stories","28":"tag-topstories"},"share_on_mastodon":{"url":"https:\/\/pubeurope.com\/@no\/115856183360662219","error":""},"_links":{"self":[{"href":"https:\/\/www.europesays.com\/no\/wp-json\/wp\/v2\/posts\/131587","targetHints":{"allow":["GET"]}}],"collection":[{"href":"https:\/\/www.europesays.com\/no\/wp-json\/wp\/v2\/posts"}],"about":[{"href":"https:\/\/www.europesays.com\/no\/wp-json\/wp\/v2\/types\/post"}],"author":[{"embeddable":true,"href":"https:\/\/www.europesays.com\/no\/wp-json\/wp\/v2\/users\/2"}],"replies":[{"embeddable":true,"href":"https:\/\/www.europesays.com\/no\/wp-json\/wp\/v2\/comments?post=131587"}],"version-history":[{"count":0,"href":"https:\/\/www.europesays.com\/no\/wp-json\/wp\/v2\/posts\/131587\/revisions"}],"wp:featuredmedia":[{"embeddable":true,"href":"https:\/\/www.europesays.com\/no\/wp-json\/wp\/v2\/media\/131588"}],"wp:attachment":[{"href":"https:\/\/www.europesays.com\/no\/wp-json\/wp\/v2\/media?parent=131587"}],"wp:term":[{"taxonomy":"category","embeddable":true,"href":"https:\/\/www.europesays.com\/no\/wp-json\/wp\/v2\/categories?post=131587"},{"taxonomy":"post_tag","embeddable":true,"href":"https:\/\/www.europesays.com\/no\/wp-json\/wp\/v2\/tags?post=131587"}],"curies":[{"name":"wp","href":"https:\/\/api.w.org\/{rel}","templated":true}]}}