{"id":131589,"date":"2026-01-07T22:34:12","date_gmt":"2026-01-07T22:34:12","guid":{"rendered":"https:\/\/www.europesays.com\/no\/131589\/"},"modified":"2026-01-07T22:34:12","modified_gmt":"2026-01-07T22:34:12","slug":"siktet-for-drapet-pa-foreldrene","status":"publish","type":"post","link":"https:\/\/www.europesays.com\/no\/131589\/","title":{"rendered":"Siktet for drapet p\u00e5 foreldrene"},"content":{"rendered":"<p class=\"kicker \" style=\"\">Dobbeldrapet p\u00e5 Rob &amp; Michele Reiner:\u00a0<\/p>\n<p>  Advokaten til drapsd\u00f8mte Nick Reiner trekker seg f\u00f8r rettsm\u00f8te.\u00a0<\/p>\n<p>\n    FORSVARER: Alan Jackson, advokat for Nick Reiner, ankommer Los Angeles Superior Court f\u00f8r rettsm\u00f8tet der Reiner skal stilles for retten, siktet for drapet p\u00e5 foreldrene sine, Rob og Michele Reiner, i Los Angeles, California, 7. januar 2026. Foto: Frederic J. Brown \/ NTB\n  <\/p>\n<p>Nick Reiner, som er siktet for drapet p\u00e5 sine foreldre, Rob Reiner (78) og Michele Singer Reiner (70), vil n\u00e5 bli representert av en offentlig oppnevnt advokat.\u00a0<\/p>\n<p>    <a itemprop=\"url\" href=\"https:\/\/www.dagbladet.no\/kjendis\/nrk-profilene-deler-gladnyhet\/84066977\" rel=\"nofollow noopener\" target=\"_blank\"><\/p>\n<p>        <img loading=\"lazy\" decoding=\"async\" src=\"https:\/\/www.europesays.com\/no\/wp-content\/uploads\/2026\/01\/1767825248_599_84067085.webp.webp\" width=\"980\" height=\"441\" title=\"NRK-profilene deler gladnyhet\" alt=\"\" class=\"lazyload\" style=\"--aspect-ratio-image: 2.22; \"\/><\/p>\n<p>        NRK-profilene deler gladnyhet<\/p>\n<p>    <\/a><\/p>\n<p>Det skriver <a href=\"https:\/\/people.com\/nick-reiner-attorney-withdraws-from-case-ahead-of-scheduled-arraignment-11871330\" rel=\"nofollow noopener\" target=\"_blank\">People<\/a>.\u00a0<\/p>\n<p>Beslutningen kommer kort tid f\u00f8r han skulle m\u00f8te i retten for \u00e5 avgi sitt formelle svar p\u00e5 drapstiltalen.<\/p>\n<p>        <img loading=\"lazy\" decoding=\"async\" src=\"https:\/\/www.europesays.com\/no\/wp-content\/uploads\/2026\/01\/84068555.webp.webp\" width=\"686\" height=\"762\" title=\"SIKTET: Nick Reiner er siktet for drapene p\u00e5 foreldrene Rob og Michele. Her er s\u00f8nnen avbildet p\u00e5 den r\u00f8d l\u00f8peren i anledning Rob Reiners filmpremiere i september. Foto: Aude Guerrucci\/Reuters\/NTB\" alt=\"\" class=\"\" style=\"--aspect-ratio-image: 0.90; \"\/><\/p>\n<p>\n        SIKTET: Nick Reiner er siktet for drapene p\u00e5 foreldrene Rob og Michele. Her er s\u00f8nnen avbildet p\u00e5 den r\u00f8d l\u00f8peren i anledning Rob Reiners filmpremiere i september. Foto: Aude Guerrucci\/Reuters\/NTB\n    <\/p>\n<p>Alan Jackson, som tidligere representerte Reiner og m\u00f8tte opp ved hans f\u00f8rste rettsm\u00f8te etter arrestasjonen, trekker seg fra saken. Nick Reiner vil i stedet f\u00e5 bistand fra offentlig oppnevnt advokat Kimberly Greene.<\/p>\n<p>    <a itemprop=\"url\" href=\"https:\/\/www.dagbladet.no\/kjendis\/roper-dodsarsaken\/84066109\" rel=\"nofollow noopener\" target=\"_blank\"><\/p>\n<p>        <img loading=\"lazy\" decoding=\"async\" src=\"https:\/\/www.europesays.com\/no\/wp-content\/uploads\/2026\/01\/84055838.webp.webp\" width=\"980\" height=\"441\" title=\"R\u00f8per d\u00f8ds\u00e5rsaken\" alt=\"\" class=\"lazyload\" style=\"--aspect-ratio-image: 2.22; \"\/><\/p>\n<p>        R\u00f8per d\u00f8ds\u00e5rsaken<\/p>\n<p>    <\/a><\/p>\n<p>Den 32 \u00e5r gamle s\u00f8nnen m\u00f8tte i retten i Los Angeles onsdag 7. januar, med barbert hode og if\u00f8rt beige fengselsdrakt. Han avgav ingen erkl\u00e6ring i retten.<\/p>\n<p>Rob og Michele Reiner ble funnet drept i hjemmet sitt p\u00e5 Brentwood i Los Angeles s\u00f8ndag 14. desember.\u00a0<\/p>\n<p class=\"font-weight-bold m-font-weight-bold\" data-lab-font_weight=\"font-weight-bold\">Nick ble p\u00e5grepet omtrent seks timer senere.<\/p>\n<p>        <img loading=\"lazy\" decoding=\"async\" src=\"https:\/\/www.europesays.com\/no\/wp-content\/uploads\/2026\/01\/84068596.webp.webp\" width=\"686\" height=\"474\" title=\"SJOKKD\u00d8DSFALL: 14. desember ble Michele Singer Reiner og Rob Reiner funnet d\u00f8de. De ble henholdvis 68 og 78 \u00e5r. N\u00e5 er s\u00f8nnen Nicholas siktet for overlagt drap p\u00e5 begge foreldrene. Foto: Alex Berliner \/BEI \/ REX \/ NTB\" alt=\"\" class=\"\" style=\"--aspect-ratio-image: 1.45; \"\/><\/p>\n<p>\n        SJOKKD\u00d8DSFALL: 14. desember ble Michele Singer Reiner og Rob Reiner funnet d\u00f8de. De ble henholdvis 68 og 78 \u00e5r. N\u00e5 er s\u00f8nnen Nicholas siktet for overlagt drap p\u00e5 begge foreldrene. Foto: Alex Berliner \/BEI \/ REX \/ NTB\n    <\/p>\n<p>Risikerer d\u00f8dsstraff\t<\/p>\n<p>Skjerpende omstendigheter rundt en overlagt drapstiltale i California kan gj\u00f8re forbrytelsen mer alvorlig, og heve maksimumsstraffen til d\u00f8dsstraff eller livsvarig fengsel uten mulighet for pr\u00f8vel\u00f8slatelse.\u00a0<\/p>\n<p>Statsadvokaten i Los Angeles County, Nathan Hochman, har sagt at de vil ta hensyn til \u00f8nskene til Reiner-familien, skriver\u00a0<a href=\"https:\/\/www.nytimes.com\/2025\/12\/16\/us\/nick-reiner-death-penalty-murder.html\" rel=\"nofollow noopener\" target=\"_blank\">New York Times<\/a>.<\/p>\n<p>        KREVENDE INNSPILLING: David Eriksen \u00e5pner seg om hvordan det var \u00e5 spille inn \u00abAlle elsker David\u00bb samtidig som Tone Damlis s\u00f8ster gikk bort. Reporter: Nora Skavhaug. Video: Sanne Holt\/ R\u00f8d L\u00f8per\/ TV 2<\/p>\n<p>&#8211; \u00c5 p\u00e5tale disse sakene som involverer familiemedlemmer er noen av de mest krevende og hjerteskj\u00e6rende sakene dette kontoret st\u00e5r overfor, p\u00e5 grunn av den intime og ofte brutale naturen til forbrytelsene som er involvert, sa Hochman under en pressekonferanse i desember.\u00a0<\/p>\n<p>Funnet drept\t<\/p>\n<p>En massasjeterapeut skal ha ankommet Rob og Michele Singer Reiners hjem i Brentwood s\u00f8ndag ettermiddag til en avtalt time. Paret\u00a0<a href=\"https:\/\/www.dagbladet.no\/kjendis\/smeller-tilbake-etter-trump-melding\/83989011\" target=\"_blank\" rel=\"nofollow noopener\">skulle p\u00e5 middag med Barack og Michelle Obama<\/a>\u00a0bare noen timer senere.<\/p>\n<p>        <img loading=\"lazy\" decoding=\"async\" src=\"https:\/\/www.europesays.com\/no\/wp-content\/uploads\/2026\/01\/84068570.webp.webp\" width=\"980\" height=\"559\" title=\"FUNNET HER: Politiet har bekreftet at ekteparet ble funnet i sitt hjem i Brentwood i California. Foto: Mario Tama\/Getty Images North America\/Getty Images via AFP\/NTB\" alt=\"\" class=\"\" style=\"--aspect-ratio-image: 1.75; \"\/><\/p>\n<p>\n        FUNNET HER: Politiet har bekreftet at ekteparet ble funnet i sitt hjem i Brentwood i California. Foto: Mario Tama\/Getty Images North America\/Getty Images via AFP\/NTB\n    <\/p>\n<p>Da terapeuten ikke fikk svar ved porten, skal hun ha ringt parets datter, Romy Reiner. Hun kom raskt til stedet sammen med en romkamerat.<\/p>\n<p>Inne i huset fant hun faren d\u00f8d. Kilden hevder at hun flyktet fra \u00e5stedet uten \u00e5 innse at moren ogs\u00e5 var d\u00f8d.<\/p>\n","protected":false},"excerpt":{"rendered":"Dobbeldrapet p\u00e5 Rob &amp; Michele Reiner:\u00a0 Advokaten til drapsd\u00f8mte Nick Reiner trekker seg f\u00f8r rettsm\u00f8te.\u00a0 FORSVARER: Alan Jackson,&hellip;\n","protected":false},"author":2,"featured_media":131590,"comment_status":"","ping_status":"","sticky":false,"template":"","format":"standard","meta":{"footnotes":""},"categories":[12],"tags":[20,21,24,25,15,479,22,23,13,13951,30,28,29,14,16,13950,26,27,42,43,44,45],"class_list":{"0":"post-131589","1":"post","2":"type-post","3":"status-publish","4":"format-standard","5":"has-post-thumbnail","7":"category-verden","8":"tag-breaking-news","9":"tag-breakingnews","10":"tag-featured-news","11":"tag-featurednews","12":"tag-headlines","13":"tag-kjendis","14":"tag-latest-news","15":"tag-latestnews","16":"tag-news","17":"tag-nick-reiner","18":"tag-no","19":"tag-norge","20":"tag-norway","21":"tag-nyheter","22":"tag-overskrifter","23":"tag-rob-reiner","24":"tag-top-stories","25":"tag-topstories","26":"tag-verden","27":"tag-world","28":"tag-world-news","29":"tag-worldnews"},"share_on_mastodon":{"url":"https:\/\/pubeurope.com\/@no\/115856203152376042","error":""},"_links":{"self":[{"href":"https:\/\/www.europesays.com\/no\/wp-json\/wp\/v2\/posts\/131589","targetHints":{"allow":["GET"]}}],"collection":[{"href":"https:\/\/www.europesays.com\/no\/wp-json\/wp\/v2\/posts"}],"about":[{"href":"https:\/\/www.europesays.com\/no\/wp-json\/wp\/v2\/types\/post"}],"author":[{"embeddable":true,"href":"https:\/\/www.europesays.com\/no\/wp-json\/wp\/v2\/users\/2"}],"replies":[{"embeddable":true,"href":"https:\/\/www.europesays.com\/no\/wp-json\/wp\/v2\/comments?post=131589"}],"version-history":[{"count":0,"href":"https:\/\/www.europesays.com\/no\/wp-json\/wp\/v2\/posts\/131589\/revisions"}],"wp:featuredmedia":[{"embeddable":true,"href":"https:\/\/www.europesays.com\/no\/wp-json\/wp\/v2\/media\/131590"}],"wp:attachment":[{"href":"https:\/\/www.europesays.com\/no\/wp-json\/wp\/v2\/media?parent=131589"}],"wp:term":[{"taxonomy":"category","embeddable":true,"href":"https:\/\/www.europesays.com\/no\/wp-json\/wp\/v2\/categories?post=131589"},{"taxonomy":"post_tag","embeddable":true,"href":"https:\/\/www.europesays.com\/no\/wp-json\/wp\/v2\/tags?post=131589"}],"curies":[{"name":"wp","href":"https:\/\/api.w.org\/{rel}","templated":true}]}}