{"id":131591,"date":"2026-01-07T22:35:11","date_gmt":"2026-01-07T22:35:11","guid":{"rendered":"https:\/\/www.europesays.com\/no\/131591\/"},"modified":"2026-01-07T22:35:11","modified_gmt":"2026-01-07T22:35:11","slug":"trafikk-trygve-slagsvold-vedum-slik-avsluttet-trygve-gjovik-besoket-hjalp-bilist-som-havnet-i-grofta","status":"publish","type":"post","link":"https:\/\/www.europesays.com\/no\/131591\/","title":{"rendered":"Trafikk, Trygve Slagsvold Vedum | Slik avsluttet Trygve Gj\u00f8vik-bes\u00f8ket \u2013 hjalp bilist som havnet i gr\u00f8fta"},"content":{"rendered":"\n<p>Sn\u00f8, sn\u00f8 og mer sn\u00f8.<\/p>\n<p>Tirsdagens v\u00e6r har f\u00f8rt til en travel dag for bergingsbilene og n\u00f8detatene.<\/p>\n<p>Politiet meldte tirsdag ettermiddag at de fikk inn en rekke meldinger om trafikkuhell i distriktet.<\/p>\n<p>P\u00e5 riksvei 4 mellom Gj\u00f8vik og Raufoss var det to ulkker p\u00e5 samme sted tirsdag. Onsdag smalt det igjen p\u00e5 samme sted. Flere trafikkhendelser er meldt om det siste d\u00f8gnet, ogs\u00e5 langs fylkesvei 33 var det bilister som havnet i tr\u00f8bbel. Den ene av dem fikk hjelp fra uventet hold.<\/p>\n<p>P\u00e5 vei hjem fra et bedriftsbes\u00f8k p\u00e5 Gj\u00f8vik m\u00e5tte Trygve Slagsvold Veum tr\u00e5 til.<\/p>\n<p>Stoppet opp<\/p>\n<p>Tirsdag var Trygve Slagsvold Vedum ute p\u00e5 kj\u00f8retur.<\/p>\n<p>Ferden startet hjemme p\u00e5 Ilseng. Deretter fulgte han E6 fra Hamar til Mj\u00f8sbrua og fortsatte s\u00f8rover langs Mj\u00f8sa. M\u00e5let for turen var et bedriftsbes\u00f8k p\u00e5 gjenvinningsstasjonen til \u00d8stlandet Gjenvinning p\u00e5 Gj\u00f8vik.<\/p>\n<p>Her var det s\u00e6rlig CO\u2082-avgiften som ble tema for samtalene.<\/p>\n<p>  <a href=\"https:\/\/www.oa.no\/5-35-2210205\" class=\"related-teaser has-image default-story-teaser article--c-eRUmMG article--c-eRUmMG-jKCPdD-design-default\" rel=\"nofollow noopener\" target=\"_blank\"><\/p>\n<p>    <img decoding=\"async\" loading=\"lazy\"  src=\"https:\/\/www.europesays.com\/no\/wp-content\/uploads\/2026\/01\/TAM00594.jpg\" alt=\"\" class=\"brick-c-cFOWSL\" style=\"\"\/><\/p>\n<p>\n            Les ogs\u00e5<\/p>\n<p>              Vedum om \u00abrare\u00bb klimatiltak: \u2013 St\u00f8tten vil bli borte\n        <\/p>\n<p>  <\/a><\/p>\n<p>Etter \u00e5 ha blitt imponert av anlegget p\u00e5 Gj\u00f8vik vendte han nesen s\u00f8rover langs Mj\u00f8sa. P\u00e5 vei hjem igjen kom han over en medborger som hadde v\u00e6rt uheldig i det krevende kj\u00f8reforholdene.<\/p>\n<p>Et sted p\u00e5 fylkesveg 33 mellom Toten og Minnesund var det en bil som hadde kj\u00f8rt ut i gr\u00f8fta.<\/p>\n<p>\u2013 Bilen som kj\u00f8rte foran meg dro videre, men jeg tenkte at det kunne hende noen satt i bilen s\u00e5 jeg stoppet opp for \u00e5 se, sier Vedum til <a href=\"https:\/\/www.h-a.no\/trygve-stoppet-opp-da-han-sa-hva-som-hadde-skjedd\/s\/5-139-1911026\" rel=\"Follow nofollow noopener\" target=\"_blank\">Hamar Arbeiderblad<\/a>, og fortsetter:<\/p>\n<p>\u2013 Inne i bilen s\u00e5 satt det ei hyggelig dame.<\/p>\n<p>Det var Heidi Aasen fra Feiring. Hun hadde sittet i bilen i et kvarters tid da Vedum kom bort.<\/p>\n<p>\u2013 Det var kjempehyggelig, og det som var det hyggeligste var at det var noen som kom og brydde seg, sier Aasen til HA.<\/p>\n<p>Fikk skyss hjem<\/p>\n<p>B\u00e5de hun og bilen hadde det bra, men hun kom seg ikke opp p\u00e5 vegen igjen og satt i bilen og ventet p\u00e5 bergingsbil. Det kunne ta alt fra \u00e9n til tre timer.<\/p>\n<p>Da Vedum spurte om hun skulle samme vei, takket hun raskt ja til skyss hjem.<\/p>\n<p>\u2013 Det var veldig hyggelig og stort gjort. Vi flira og kosa oss, sier Aasen som p\u00e5peker at det ogs\u00e5 var flere som stoppet opp for \u00e5 sp\u00f8rre om det gikk bra.<\/p>\n<p>   <img decoding=\"async\" width=\"2048\" height=\"1512\" fetchpriority=\"low\"  loading=\"lazy\"  src=\"https:\/\/www.europesays.com\/no\/wp-content\/uploads\/2026\/01\/Utforkjring+Vedum+2.jpg\" alt=\"\" class=\"brick-c-cFOWSL\" style=\"--brick-image-ratio: 2048 \/ 1512;\"\/><\/p>\n<p>      Trygve Slagsvold Vedum fikk hyggelig selskap av Heidi Aasen p\u00e5 bilturen.<br \/>\n      Foto: Privat\n    <\/p>\n<p>\u2013 Det var ei veldig hyggelig dame. S\u00e5 det var bare hell og en bonus for meg at jeg fikk hyggelig selskap, sier politikeren som delte historien p\u00e5 sin Facebook-side tirsdag kveld.<\/p>\n<p>Halvannen time etter at Aasen kom hjem, ringte bilbergeren og sa de hadde f\u00e5tt bilen opp p\u00e5 vegen igjen.<\/p>\n<p>\u2013 Jeg skal innr\u00f8mme at jeg kj\u00f8rte enda saktere p\u00e5 vei hjem n\u00e5r jeg hentet bilen, sier hun.<\/p>\n<p>\u2013 All \u00e6re<\/p>\n<p>Vedum roser mannskapene som er ute og sikrer god framkommelighet p\u00e5 vegene i fylket.<\/p>\n<p>\u2013 All \u00e6re til dem som br\u00f8yter. Det er utrolig mange som st\u00e5r p\u00e5 og jobber dag og natt.<\/p>\n<p>Heldigvis gikk det bra denne gangen, men Vedum p\u00e5peker at det p\u00e5 slikt vinterf\u00f8re er fort gjort \u00e5 f\u00e5 sleng p\u00e5 bilen og miste kontroll selv om man kj\u00f8rer forsiktig.<\/p>\n<p>\u2013 Jeg kj\u00f8rte p\u00e5 E6 og m\u00e5tte v\u00e6re forsiktig, men for min del gikk det fint i dag.<\/p>\n<p>\u2013 Jeg hadde elendig vinterdekk fram til lille julaften. Det var en god investering i dag, humrer han.<\/p>\n","protected":false},"excerpt":{"rendered":"Sn\u00f8, sn\u00f8 og mer sn\u00f8. Tirsdagens v\u00e6r har f\u00f8rt til en travel dag for bergingsbilene og n\u00f8detatene. Politiet&hellip;\n","protected":false},"author":2,"featured_media":131592,"comment_status":"","ping_status":"","sticky":false,"template":"","format":"standard","meta":{"footnotes":""},"categories":[10],"tags":[36,20,21,24,25,8342,15,813,22,23,13,30,28,29,14,16,1510,26,27,224,280],"class_list":{"0":"post-131591","1":"post","2":"type-post","3":"status-publish","4":"format-standard","5":"has-post-thumbnail","7":"category-norge","8":"tag-art","9":"tag-breaking-news","10":"tag-breakingnews","11":"tag-featured-news","12":"tag-featurednews","13":"tag-fylkesvei-33","14":"tag-headlines","15":"tag-innlandet","16":"tag-latest-news","17":"tag-latestnews","18":"tag-news","19":"tag-no","20":"tag-norge","21":"tag-norway","22":"tag-nyheter","23":"tag-overskrifter","24":"tag-story","25":"tag-top-stories","26":"tag-topstories","27":"tag-trafikk","28":"tag-trygve-slagsvold-vedum"},"share_on_mastodon":{"url":"https:\/\/pubeurope.com\/@no\/115856207061606072","error":""},"_links":{"self":[{"href":"https:\/\/www.europesays.com\/no\/wp-json\/wp\/v2\/posts\/131591","targetHints":{"allow":["GET"]}}],"collection":[{"href":"https:\/\/www.europesays.com\/no\/wp-json\/wp\/v2\/posts"}],"about":[{"href":"https:\/\/www.europesays.com\/no\/wp-json\/wp\/v2\/types\/post"}],"author":[{"embeddable":true,"href":"https:\/\/www.europesays.com\/no\/wp-json\/wp\/v2\/users\/2"}],"replies":[{"embeddable":true,"href":"https:\/\/www.europesays.com\/no\/wp-json\/wp\/v2\/comments?post=131591"}],"version-history":[{"count":0,"href":"https:\/\/www.europesays.com\/no\/wp-json\/wp\/v2\/posts\/131591\/revisions"}],"wp:featuredmedia":[{"embeddable":true,"href":"https:\/\/www.europesays.com\/no\/wp-json\/wp\/v2\/media\/131592"}],"wp:attachment":[{"href":"https:\/\/www.europesays.com\/no\/wp-json\/wp\/v2\/media?parent=131591"}],"wp:term":[{"taxonomy":"category","embeddable":true,"href":"https:\/\/www.europesays.com\/no\/wp-json\/wp\/v2\/categories?post=131591"},{"taxonomy":"post_tag","embeddable":true,"href":"https:\/\/www.europesays.com\/no\/wp-json\/wp\/v2\/tags?post=131591"}],"curies":[{"name":"wp","href":"https:\/\/api.w.org\/{rel}","templated":true}]}}