{"id":131595,"date":"2026-01-07T22:38:08","date_gmt":"2026-01-07T22:38:08","guid":{"rendered":"https:\/\/www.europesays.com\/no\/131595\/"},"modified":"2026-01-07T22:38:08","modified_gmt":"2026-01-07T22:38:08","slug":"pat-finns-dodsarsak-avslort-friends-stjernen-dode-av-blaerekreft","status":"publish","type":"post","link":"https:\/\/www.europesays.com\/no\/131595\/","title":{"rendered":"Pat Finns d\u00f8ds\u00e5rsak avsl\u00f8rt: \u00abFriends\u00bb-stjernen d\u00f8de av bl\u00e6rekreft"},"content":{"rendered":"<p class=\"kicker \" style=\"\">Pat Finn:\u00a0<\/p>\n<p>  Skuespilleren gikk bort i desember og ble 60 \u00e5r gammel.\u00a0<\/p>\n<p>\n    BEKREFTET: 90-talls skuespillerens d\u00f8ds\u00e5rsak er offentliggjort. Her med datteren Caitlin. Foto: Skjermdump \/ Instagram\n  <\/p>\n<p>I slutten av desember kom nyheten om at<a href=\"https:\/\/www.seher.no\/kjendis\/friends-skuespiller-dode\/84030611\" rel=\"nofollow noopener\" target=\"_blank\"> \u00abFriends\u00bb-skuespiller\u00a0Pat Finn hadde g\u00e5tt bort<\/a>, 60 \u00e5r gammel. En talsperson bekreftet at han d\u00f8de etter lengre tids sykdom.\u00a0<\/p>\n<p>Skuespilleren d\u00f8de hjemme i Los Angeles, omgitt av familien. Finn etterlot seg kona Donna, som han var gift med i 35 \u00e5r, og deres tre barn Cassidy, Caitlin og Ryan.<\/p>\n<p>    <a itemprop=\"url\" href=\"https:\/\/www.seher.no\/kjendis\/dode\/84059100\" rel=\"nofollow noopener\" target=\"_blank\"><\/p>\n<p>        <img loading=\"lazy\" decoding=\"async\" src=\"https:\/\/www.europesays.com\/no\/wp-content\/uploads\/2026\/01\/84059151.webp.webp\" width=\"147\" height=\"98\" title=\"D\u00f8de\" alt=\"\" class=\"lazyload\" style=\"--aspect-ratio-image: 1.50; \"\/><\/p>\n<p>        D\u00f8de<\/p>\n<p>    <\/a><\/p>\n<p> Finn var best kjent for sin rolle som Bill Norwood i TV-serien \u00abThe Middle\u00bb, som han spilte fra 2011 til 2018. <\/p>\n<p> Skuespilleren ble f\u00f8rst diagnostisert med kreft i 2022, og havnet etter hvert p\u00e5 bedringens vei. Sykdommen kom imidlertid tilbake senere og spredte seg. <\/p>\n<p>        MISTET FAREN: Maud Angelica tok til t\u00e5rene da hun snakket om d\u00f8den til sin far Ari Behn. Video: Simone Holen S\u00f8nstr\u00f8d \/ Dagbladet TV Reporter: Vanja Skustad Floberg<\/p>\n<p class=\"font-weight-bold m-font-weight-bold\" data-lab-font_weight=\"font-weight-bold\">N\u00e5 melder<a href=\"https:\/\/www.tmz.com\/2026\/01\/07\/pat-finn-cause-of-death-the-middle-actor\/\" rel=\"nofollow noopener\" target=\"_blank\">TMZ<\/a>, som har f\u00e5tt innsyn i d\u00f8dsattesten, at Finn d\u00f8de av bl\u00e6rekreft. If\u00f8lge dokumentene hadde skuespilleren hatt en kreftsvulst i bl\u00e6ren i flere \u00e5r, og det var ingen andre betydelige tilstander som bidro til d\u00f8dsfallet.<\/p>\n<p>Da det ble kjent at skuespilleren hadde g\u00e5tt bort tok flere av hans\u00a0kollegaer til sosiale medier for \u00e5 hedre ham.\u00a0<\/p>\n<p class=\"font-weight-bold m-font-weight-bold\" data-lab-font_weight=\"font-weight-bold\">\u00abJeg elsket \u00e5 jobbe med ham. S\u00e5 morsom og fin \u00e5 ha med \u00e5 gj\u00f8re. Jeg kondolerer s\u00e5 mye\u00bb, skriver filmskaper Nancy Meyers (76).<\/p>\n<p>Datteren Cassidy har hedret faren p\u00e5 Instagram med r\u00f8rende ord.<\/p>\n<p>\u00abPappa, du var og er et forbilde og en inspirasjon for alle du m\u00f8tte. Jeg pr\u00f8vde \u00e5 tenke p\u00e5 et ord for \u00e5 beskrive deg, men ingen ord er nok. Du er Pat Finn\u00bb, var blant det hun skrev.\u00a0<\/p>\n<p>    <a itemprop=\"url\" href=\"https:\/\/www.seher.no\/kjendis\/tok-farvel-med-applaus\/84064890\" rel=\"nofollow noopener\" target=\"_blank\"><\/p>\n<p>        <img loading=\"lazy\" decoding=\"async\" src=\"https:\/\/www.europesays.com\/no\/wp-content\/uploads\/2026\/01\/1767825488_962_84065415.webp.webp\" width=\"147\" height=\"98\" title=\"Tok farvel med applaus\" alt=\"\" class=\"lazyload\" style=\"--aspect-ratio-image: 1.50; \"\/><\/p>\n<p>        Tok farvel med applaus<\/p>\n<p>    <\/a><\/p>\n<p>Finn studerte ved Marquette University hvor han spilte rugby sammen med den avd\u00f8de \u00abSaturday Night Live\u00bb-stjernen Chris Farley. Etter endt utdanning flyttet de til Chicago for \u00e5 bli med i komedigruppen Second City.<\/p>\n<p>I 1995 dukket han opp p\u00e5 TV-skjermen for aller f\u00f8rste gang, i programmet \u00abThe George Wendt Show\u00bb.\u00a0<\/p>\n<p>        HYLLES: Familien ble overrasket med en hyllest fra sin avd\u00f8de morfar under \u00abVilket liv!\u00bb. Video: \u00abVilket liv!\u00bb\/TV4.<\/p>\n<p>Senere var han \u00e5 se i en rekke mindre roller i ulike seriefavoritter, deriblant \u00abThat 70&#8217;s Show\u00bb, \u00abThe King of Queens\u00bb og \u00abFriends\u00bb. I sistnevnte program spilte han en av de mange kj\u00e6restene til Monica Geller, spilt av Courteney Cox (61).<\/p>\n","protected":false},"excerpt":{"rendered":"Pat Finn:\u00a0 Skuespilleren gikk bort i desember og ble 60 \u00e5r gammel.\u00a0 BEKREFTET: 90-talls skuespillerens d\u00f8ds\u00e5rsak er offentliggjort.&hellip;\n","protected":false},"author":2,"featured_media":131596,"comment_status":"","ping_status":"","sticky":false,"template":"","format":"standard","meta":{"footnotes":""},"categories":[58],"tags":[10108,576,71,479,2543,30,28,29,15230,3318,72],"class_list":{"0":"post-131595","1":"post","2":"type-post","3":"status-publish","4":"format-standard","5":"has-post-thumbnail","7":"category-underholdning","8":"tag-dodsarsak","9":"tag-dodsfall","10":"tag-entertainment","11":"tag-kjendis","12":"tag-kjendisdesken","13":"tag-no","14":"tag-norge","15":"tag-norway","16":"tag-pat-finn","17":"tag-skuespiller","18":"tag-underholdning"},"share_on_mastodon":{"url":"https:\/\/pubeurope.com\/@no\/115856218714262607","error":""},"_links":{"self":[{"href":"https:\/\/www.europesays.com\/no\/wp-json\/wp\/v2\/posts\/131595","targetHints":{"allow":["GET"]}}],"collection":[{"href":"https:\/\/www.europesays.com\/no\/wp-json\/wp\/v2\/posts"}],"about":[{"href":"https:\/\/www.europesays.com\/no\/wp-json\/wp\/v2\/types\/post"}],"author":[{"embeddable":true,"href":"https:\/\/www.europesays.com\/no\/wp-json\/wp\/v2\/users\/2"}],"replies":[{"embeddable":true,"href":"https:\/\/www.europesays.com\/no\/wp-json\/wp\/v2\/comments?post=131595"}],"version-history":[{"count":0,"href":"https:\/\/www.europesays.com\/no\/wp-json\/wp\/v2\/posts\/131595\/revisions"}],"wp:featuredmedia":[{"embeddable":true,"href":"https:\/\/www.europesays.com\/no\/wp-json\/wp\/v2\/media\/131596"}],"wp:attachment":[{"href":"https:\/\/www.europesays.com\/no\/wp-json\/wp\/v2\/media?parent=131595"}],"wp:term":[{"taxonomy":"category","embeddable":true,"href":"https:\/\/www.europesays.com\/no\/wp-json\/wp\/v2\/categories?post=131595"},{"taxonomy":"post_tag","embeddable":true,"href":"https:\/\/www.europesays.com\/no\/wp-json\/wp\/v2\/tags?post=131595"}],"curies":[{"name":"wp","href":"https:\/\/api.w.org\/{rel}","templated":true}]}}