{"id":131597,"date":"2026-01-07T22:41:10","date_gmt":"2026-01-07T22:41:10","guid":{"rendered":"https:\/\/www.europesays.com\/no\/131597\/"},"modified":"2026-01-07T22:41:10","modified_gmt":"2026-01-07T22:41:10","slug":"venezuela-skal-kun-kjope-amerikanske-produkter","status":"publish","type":"post","link":"https:\/\/www.europesays.com\/no\/131597\/","title":{"rendered":"Venezuela skal kun kj\u00f8pe amerikanske produkter"},"content":{"rendered":"\n<p class=\"_lead_o9xde_2 _lead_xtcu6_50 layout-component text-serif-m layout-normal text-serif-l layout-component layout-wide layout-padded _wide_17hqh_1 layout-padded\">Presidenten hevder ny oljeavtale sikrer USA som hovedpartner.<\/p>\n<p><img alt=\" Foto: BRENDAN SMIALOWSKI \/ AFP \/ NTB\" class=\"_image_qp4xg_65 layout-component layout-wide\" data-fullscreen- data-track-element-type=\"Article image fullscreen\" data-track-name=\"ImageFullscreen\" fetchpriority=\"high\" decoding=\"sync\" loading=\"eager\" height=\"5043\" itemprop=\"image\"  src=\"https:\/\/www.europesays.com\/no\/wp-content\/uploads\/2026\/01\/1275614d-99ec-42fd-b2ca-eb687f3dab65.png\"  style=\"object-position:0% 0%\" width=\"7565\"\/> Foto: BRENDAN SMIALOWSKI \/ AFP \/ NTB<\/p>\n<ul aria-hidden=\"true\" class=\"_images_ntbth_112\">\n<li><a class=\"_link_ntbth_117\" href=\"https:\/\/www.vg.no\/forfatter\/isak-loeve-pilskog-loe\" style=\"z-index:1\" title=\"Isak L\u00f8ve Pilskog Loe\" rel=\"nofollow noopener\" target=\"_blank\"><img alt=\"Bilde av Isak L\u00f8ve Pilskog Loe\" class=\"_image_ntbth_93\" fetchpriority=\"low\" loading=\"lazy\" decoding=\"async\" itemprop=\"image\"  src=\"https:\/\/www.europesays.com\/no\/wp-content\/uploads\/2026\/01\/1767825668_432_8b0354e3-bf53-460c-9c1c-790321a0c923.jpeg\"  width=\"480\"\/><\/a><\/li>\n<\/ul>\n<p> Oppdatert onsdag 7. januar kl. 23:28     <\/p>\n<p class=\"_paragraph_o9xde_4 _paragraph_xtcu6_10 layout-component text-serif-m layout-normal text-serif-m layout-padded\">President Donald Trump opplyser p\u00e5 Truth Social at Venezuela har inng\u00e5tt en ny oljeavtale med USA. If\u00f8lge Trump skal landet bruke alle inntektene fra avtalen utelukkende p\u00e5 amerikanskproduserte varer.<\/p>\n<p class=\"_paragraph_o9xde_4 _paragraph_xtcu6_10 layout-component text-serif-m layout-normal text-serif-m layout-padded\">\u2013 Jeg har nettopp blitt informert om at Venezuela kommer til \u00e5 kj\u00f8pe KUN amerikanske produkter, med pengene de mottar fra v\u00e5r nye oljeavtale, skriver Trump p\u00e5 sin egen plattform Truth Social<\/p>\n<p><img alt=\"\" class=\"_image_qp4xg_65 layout-component layout-normal\" data-fullscreen- data-track-element-type=\"Article image fullscreen\" data-track-name=\"ImageFullscreen\" decoding=\"async\" loading=\"lazy\" height=\"326\" itemprop=\"image\"  src=\"https:\/\/www.europesays.com\/no\/wp-content\/uploads\/2026\/01\/076146c6-0fbd-4279-8cad-74119becaba0.jpeg\"  style=\"object-position:0% 0%\" width=\"395\"\/><\/p>\n<p class=\"_paragraph_o9xde_4 _paragraph_xtcu6_10 layout-component text-serif-m layout-normal text-serif-m layout-padded\">Onsdag kveld lister president Trump opp hva de venezuelansk oljepengene skal brukes p\u00e5. Kj\u00f8pene skal blant annet omfatte amerikanske landbruksprodukter, medisiner og medisinsk utstyr. I tillegg skal Venezuela kj\u00f8pe amerikansk teknologi for \u00e5 oppgradere landets str\u00f8mnett og energiinfrastruktur.<\/p>\n<p class=\"_paragraph_o9xde_4 _paragraph_xtcu6_10 layout-component text-serif-m layout-normal layout-padded\"><strong class=\"_strong_o9xde_25\">Les ogs\u00e5:<\/strong> <a href=\"https:\/\/www.vg.no\/i\/xrP0Ql\" data-track-element-type=\"Link\" data-track-id=\"link:xrP0Ql\" class=\"_link_o9xde_39\" rel=\"nofollow noopener\" target=\"_blank\">Nicol\u00e1s Maduro m\u00f8ter Alvin (92) i retten<\/a><\/p>\n<p class=\"_paragraph_o9xde_4 _paragraph_xtcu6_10 layout-component text-serif-m layout-normal text-serif-m layout-padded\">Presidenten kaller avtalen et \u00abklokt valg\u00bb og hevder den vil v\u00e6re til fordel for b\u00e5de venezuelanerne og amerikanerne.<\/p>\n<p class=\"_paragraph_o9xde_4 _paragraph_xtcu6_10 layout-component text-serif-m layout-normal text-serif-m layout-padded\"><strong class=\"_strong_o9xde_25\">\u2013 Med andre ord forplikter Venezuela seg til \u00e5 gj\u00f8re forretninger med USA som sin hovedpartner, skriver han.<\/strong><\/p>\n<p>Innflytelse p\u00e5 Maduro-etterf\u00f8lger<\/p>\n<p class=\"_paragraph_o9xde_4 _paragraph_xtcu6_10 layout-component text-serif-m layout-normal text-serif-m layout-padded\">L\u00f8rdag gjennomf\u00f8rte USA et angrep i Venezuela, der president Nicol\u00e1s Maduro ble fanget og fraktet til USA, hvor han og kona er tiltalt for en rekke lovbrudd.<\/p>\n<p class=\"_paragraph_o9xde_4 _paragraph_xtcu6_10 layout-component text-serif-m layout-normal text-serif-m layout-padded\">Venezuelas visepresident Delcy Rodr\u00edguez er tatt i ed som fungerende president etter Maduros p\u00e5gripelse, og har offentlig ford\u00f8mt det amerikanske angrepet og bortf\u00f8ringen.<\/p>\n<p class=\"_paragraph_o9xde_4 _paragraph_xtcu6_10 layout-component text-serif-m layout-normal text-serif-m layout-padded\">Samtidig har Trump-administrasjonen signalisert at de \u00f8nsker samarbeid med Rodr\u00edguez for \u00e5 styre landet i tr\u00e5d med amerikanske interesser.<\/p>\n<p class=\"_paragraph_o9xde_4 _paragraph_xtcu6_10 layout-component text-serif-m layout-normal text-serif-m layout-padded\">USAs utenriksminister Marco Rubio uttalte onsdag at USA opplever \u00e5 ha betydelig innflytelse over Rodr\u00edguez-regjeringen.<\/p>\n<p>Ligner p\u00e5 Irak og Afghanistan<\/p>\n<p class=\"_paragraph_o9xde_4 _paragraph_xtcu6_10 layout-component text-serif-m layout-normal text-serif-m layout-padded\">Demokratene kaller USAs beslag av venezuelansk olje for et ran etter \u00e5 ha blitt orientert om Trumps plan i Senatet og Representantenes hus onsdag. <\/p>\n<p class=\"_paragraph_o9xde_4 _paragraph_xtcu6_10 layout-component text-serif-m layout-normal text-serif-m layout-padded\">\u2013 Dette er en vanvittig plan. De snakker om \u00e5 stjele den venezuelanske oljen med v\u00e5penmakt i en udefinert tidsperiode som pressmiddel for \u00e5 mikrostyre landet, sa den demokratiske senatoren Chris Murphy.<\/p>\n<p><img alt=\"Senator Chris Murphy.  Foto: Evelyn Hockstein \/ Reuters \/ NTB\" class=\"_image_qp4xg_65 layout-component layout-normal\" data-fullscreen- data-track-element-type=\"Article image fullscreen\" data-track-name=\"ImageFullscreen\" decoding=\"async\" loading=\"lazy\" height=\"4335\" itemprop=\"image\"  src=\"https:\/\/www.europesays.com\/no\/wp-content\/uploads\/2026\/01\/1767825669_897_b7160210-2f16-43f6-bc41-3ed239cdd83b.png\"  style=\"object-position:0% 0%\" width=\"6500\"\/>Senator Chris Murphy.  Foto: Evelyn Hockstein \/ Reuters \/ NTB<\/p>\n<p class=\"_paragraph_o9xde_4 _paragraph_xtcu6_10 layout-component text-serif-m layout-normal text-serif-m layout-padded\">Murphy sammenlignet planen med amerikanske milit\u00e6re intervensjoner milit\u00e6re intervensjoner Milit\u00e6re intervensjoner er handlinger der et land bruker sine v\u00e6pnede styrker for \u00e5 p\u00e5virke situasjonen i et annet land, ofte for \u00e5 oppn\u00e5 politiske m\u00e5l.i Irak og Afghanistan.<\/p>\n<p class=\"_paragraph_o9xde_4 _paragraph_xtcu6_10 layout-component text-serif-m layout-normal text-serif-m layout-padded\">\u2013 Dette h\u00f8res ut som en oppskrift p\u00e5 katastrofe. Det ligner skremmende mye p\u00e5 feilene vi gjorde i Irak og Afghanistan. Der fors\u00f8kte vi \u00e5 bruke milit\u00e6ret til \u00e5 detaljstyre et land. De ventet oss ut \u2013 og s\u00e5 snart vi dro, br\u00f8t kaoset l\u00f8s.<\/p>\n<p class=\"_paragraph_o9xde_4 _paragraph_xtcu6_10 layout-component text-serif-m layout-normal layout-padded\"><strong class=\"_strong_o9xde_25\">Les ogs\u00e5:<\/strong> <a href=\"https:\/\/www.vg.no\/i\/43qMbG\" data-track-element-type=\"Link\" data-track-id=\"link:43qMbG\" class=\"_link_o9xde_39\" rel=\"nofollow noopener\" target=\"_blank\">Stillheten etter Maduro: \u2013 Folk feirer i det skjulte<\/a><\/p>\n<p>    <img decoding=\"async\" alt=\"Tips oss illustrasjon\" src=\"https:\/\/www.europesays.com\/no\/wp-content\/uploads\/2025\/10\/pssst-small.webp.webp\"\/>    <\/p>\n<p class=\"title-serif-s\">Har du tips?<\/p>\n<p class=\"text-sans-m\">Send oss informasjon, bilder eller video.<\/p>\n<p>  <a href=\"https:\/\/www.vg.no\/tips-oss\" rel=\"nofollow noopener\" target=\"_blank\"> Tips oss <\/a>      <\/p>\n","protected":false},"excerpt":{"rendered":"Presidenten hevder ny oljeavtale sikrer USA som hovedpartner. Foto: BRENDAN SMIALOWSKI \/ AFP \/ NTB Oppdatert onsdag 7.&hellip;\n","protected":false},"author":2,"featured_media":131598,"comment_status":"","ping_status":"","sticky":false,"template":"","format":"standard","meta":{"footnotes":""},"categories":[12],"tags":[14960,31,20,21,24,25,15,22,23,13,30,28,29,14,16,26,27,42,43,44,45],"class_list":{"0":"post-131597","1":"post","2":"type-post","3":"status-publish","4":"format-standard","5":"has-post-thumbnail","7":"category-verden","8":"tag-angrepet-mot-venezuela","9":"tag-breaking","10":"tag-breaking-news","11":"tag-breakingnews","12":"tag-featured-news","13":"tag-featurednews","14":"tag-headlines","15":"tag-latest-news","16":"tag-latestnews","17":"tag-news","18":"tag-no","19":"tag-norge","20":"tag-norway","21":"tag-nyheter","22":"tag-overskrifter","23":"tag-top-stories","24":"tag-topstories","25":"tag-verden","26":"tag-world","27":"tag-world-news","28":"tag-worldnews"},"share_on_mastodon":{"url":"https:\/\/pubeurope.com\/@no\/115856230589787707","error":""},"_links":{"self":[{"href":"https:\/\/www.europesays.com\/no\/wp-json\/wp\/v2\/posts\/131597","targetHints":{"allow":["GET"]}}],"collection":[{"href":"https:\/\/www.europesays.com\/no\/wp-json\/wp\/v2\/posts"}],"about":[{"href":"https:\/\/www.europesays.com\/no\/wp-json\/wp\/v2\/types\/post"}],"author":[{"embeddable":true,"href":"https:\/\/www.europesays.com\/no\/wp-json\/wp\/v2\/users\/2"}],"replies":[{"embeddable":true,"href":"https:\/\/www.europesays.com\/no\/wp-json\/wp\/v2\/comments?post=131597"}],"version-history":[{"count":0,"href":"https:\/\/www.europesays.com\/no\/wp-json\/wp\/v2\/posts\/131597\/revisions"}],"wp:featuredmedia":[{"embeddable":true,"href":"https:\/\/www.europesays.com\/no\/wp-json\/wp\/v2\/media\/131598"}],"wp:attachment":[{"href":"https:\/\/www.europesays.com\/no\/wp-json\/wp\/v2\/media?parent=131597"}],"wp:term":[{"taxonomy":"category","embeddable":true,"href":"https:\/\/www.europesays.com\/no\/wp-json\/wp\/v2\/categories?post=131597"},{"taxonomy":"post_tag","embeddable":true,"href":"https:\/\/www.europesays.com\/no\/wp-json\/wp\/v2\/tags?post=131597"}],"curies":[{"name":"wp","href":"https:\/\/api.w.org\/{rel}","templated":true}]}}