{"id":131611,"date":"2026-01-07T22:55:06","date_gmt":"2026-01-07T22:55:06","guid":{"rendered":"https:\/\/www.europesays.com\/no\/131611\/"},"modified":"2026-01-07T22:55:06","modified_gmt":"2026-01-07T22:55:06","slug":"lier-strombrudd-over-9-400-uten-strom-store-deler-av-lier-er-berort","status":"publish","type":"post","link":"https:\/\/www.europesays.com\/no\/131611\/","title":{"rendered":"Lier, Str\u00f8mbrudd | Over 9 400 uten str\u00f8m: \u2013 Store deler av Lier er ber\u00f8rt"},"content":{"rendered":"\n<p><b>LIER: <\/b>Onsdag klokken 23.03 fikk nettsentralen i Glitre Nett melding om et stort str\u00f8mbrudd som ber\u00f8rer omkring 3 635 kunder i Lier-omr\u00e5det. <\/p>\n<p>\u2013 Forel\u00f8pig vet vi ikke noe mer enn det, det er mannskap p\u00e5 vei ut for \u00e5 sjekke hva som er feil, opplyser kommunikasjonssjef i Glitre Nett, Nils Tore Augland. <\/p>\n<p>Nettsidene til Glitre opplever ogs\u00e5 problemer.<\/p>\n<p>\u2013 Det har jeg ikke noe informasjon om, sier Augland.<\/p>\n<p>Like f\u00f8r 23.30 \u00f8ker antallet ber\u00f8rte. If\u00f8lge Augland er 9 476 uten str\u00f8m.<\/p>\n<p>\u2013 Det er store deler av Lier som er ber\u00f8rt. Vi vet enn\u00e5 ikke \u00e5rsaken.<\/p>\n<p>Saken oppdateres<\/p>\n","protected":false},"excerpt":{"rendered":"LIER: Onsdag klokken 23.03 fikk nettsentralen i Glitre Nett melding om et stort str\u00f8mbrudd som ber\u00f8rer omkring 3&hellip;\n","protected":false},"author":2,"featured_media":131612,"comment_status":"","ping_status":"","sticky":false,"template":"","format":"standard","meta":{"footnotes":""},"categories":[12],"tags":[36,20,21,24,25,6074,15,22,23,5523,13,30,28,29,14,16,1510,2245,26,27,42,43,44,45],"class_list":{"0":"post-131611","1":"post","2":"type-post","3":"status-publish","4":"format-standard","5":"has-post-thumbnail","7":"category-verden","8":"tag-art","9":"tag-breaking-news","10":"tag-breakingnews","11":"tag-featured-news","12":"tag-featurednews","13":"tag-glitre-nett","14":"tag-headlines","15":"tag-latest-news","16":"tag-latestnews","17":"tag-lier","18":"tag-news","19":"tag-no","20":"tag-norge","21":"tag-norway","22":"tag-nyheter","23":"tag-overskrifter","24":"tag-story","25":"tag-strombrudd","26":"tag-top-stories","27":"tag-topstories","28":"tag-verden","29":"tag-world","30":"tag-world-news","31":"tag-worldnews"},"share_on_mastodon":{"url":"https:\/\/pubeurope.com\/@no\/115856285732103481","error":""},"_links":{"self":[{"href":"https:\/\/www.europesays.com\/no\/wp-json\/wp\/v2\/posts\/131611","targetHints":{"allow":["GET"]}}],"collection":[{"href":"https:\/\/www.europesays.com\/no\/wp-json\/wp\/v2\/posts"}],"about":[{"href":"https:\/\/www.europesays.com\/no\/wp-json\/wp\/v2\/types\/post"}],"author":[{"embeddable":true,"href":"https:\/\/www.europesays.com\/no\/wp-json\/wp\/v2\/users\/2"}],"replies":[{"embeddable":true,"href":"https:\/\/www.europesays.com\/no\/wp-json\/wp\/v2\/comments?post=131611"}],"version-history":[{"count":0,"href":"https:\/\/www.europesays.com\/no\/wp-json\/wp\/v2\/posts\/131611\/revisions"}],"wp:featuredmedia":[{"embeddable":true,"href":"https:\/\/www.europesays.com\/no\/wp-json\/wp\/v2\/media\/131612"}],"wp:attachment":[{"href":"https:\/\/www.europesays.com\/no\/wp-json\/wp\/v2\/media?parent=131611"}],"wp:term":[{"taxonomy":"category","embeddable":true,"href":"https:\/\/www.europesays.com\/no\/wp-json\/wp\/v2\/categories?post=131611"},{"taxonomy":"post_tag","embeddable":true,"href":"https:\/\/www.europesays.com\/no\/wp-json\/wp\/v2\/tags?post=131611"}],"curies":[{"name":"wp","href":"https:\/\/api.w.org\/{rel}","templated":true}]}}