{"id":131613,"date":"2026-01-07T22:56:26","date_gmt":"2026-01-07T22:56:26","guid":{"rendered":"https:\/\/www.europesays.com\/no\/131613\/"},"modified":"2026-01-07T22:56:26","modified_gmt":"2026-01-07T22:56:26","slug":"hva-er-sant-og-hva-er-fiksjon","status":"publish","type":"post","link":"https:\/\/www.europesays.com\/no\/131613\/","title":{"rendered":"Hva er sant og hva er fiksjon?"},"content":{"rendered":"<p class=\"kicker \" style=\"\">Flukten fra Bolivia<\/p>\n<p>  \u00abFlukten fra Bolivia\u00bb-regiss\u00f8r Emilie Beck r\u00f8per detaljer rundt prosessen.<\/p>\n<p>\n    FLUKTEN FRA BOLIVIA: Ella \u00d8verbye, Josephine Tetlie, Lisa Hovden i rollene som de tre norske kvinnene kjent fra Bolivia-saken. Foto: Charlie Sperring\n  <\/p>\n<p>TV 2-serien \u00abFlukten fra Bolivia\u00bb har v\u00e6rt en snakkis den<br \/>\nsiste tiden etter premieren andre juledag.<\/p>\n<p>Serien handler om de tre norske kvinnene Stina Brendemo<br \/>\nHagen (17), Madelaine Rodriguez (21) som reiste med sin to \u00e5r gamle datter, og<br \/>\nLillesand-kvinnen (18), som ble arrestert i Bolivia i mai 2008, da det ble<br \/>\nfunnet flere kilo kokain i koffertene deres. <\/p>\n<p>Lillesand-kvinnen ble l\u00f8slatt mot kausjon og kom seg bort<br \/>\nfra Bolivia f\u00f8r rettssaken startet. Etter fire \u00e5r i fengsel ble Stina Brendemo Hagen<br \/>\nl\u00f8slatt mot kausjon, og hun klarte \u00e5 flykte. Etter en dramatisk flukt kom hun seg<br \/>\ntil slutt hjem til Norge.\u00a0<\/p>\n<p>        <img loading=\"lazy\" decoding=\"async\" src=\"https:\/\/www.europesays.com\/no\/wp-content\/uploads\/2026\/01\/84065976.webp.webp\" width=\"980\" height=\"559\" title=\"BOLIVIA-SAKEN: Stina og Madelaine. Foto: Stian Lyseberg Solum\" alt=\"\" class=\"\" style=\"--aspect-ratio-image: 1.75; \"\/><\/p>\n<p>\n        BOLIVIA-SAKEN: Stina og Madelaine. Foto: Stian Lyseberg Solum\n    <\/p>\n<p>Den tredje kvinnen, Madelaine Rodriguez, ble l\u00f8slatt<br \/>\nmot kausjon i 2016 \u2013 etter \u00e5tte \u00e5r i varetekt. Men dommen er ikke rettskraftig,<br \/>\nog hun f\u00e5r dermed ikke reise fra Cochabamba i Bolivia.<a href=\"https:\/\/www.tv2.no\/underholdning\/dette-er-den-ekte-historien\/18420755\/\" target=\"_blank\" rel=\"nofollow noopener\"> Dette skriver TV 2.\u00a0<\/a><\/p>\n<p>    <a itemprop=\"url\" href=\"https:\/\/www.kk.no\/underholdning\/for-forste-gang-i-livet-kjente-jeg-pa-dette\/83984297\" rel=\"nofollow noopener\" target=\"_blank\"><\/p>\n<p>        <img loading=\"lazy\" decoding=\"async\" src=\"https:\/\/www.europesays.com\/no\/wp-content\/uploads\/2026\/01\/83984429.webp.webp\" width=\"980\" height=\"441\" title=\"- For f\u00f8rste gang i livet kjente jeg p\u00e5 dette\" alt=\"\" class=\"lazyload\" style=\"--aspect-ratio-image: 2.22; \"\/><\/p>\n<p>        &#8211; For f\u00f8rste gang i livet kjente jeg p\u00e5 dette<\/p>\n<p>    <\/a><\/p>\n<p>Slik ble serien til\t<\/p>\n<p>Mange lurer p\u00e5 hvordan serien er blitt til, hvor all<br \/>\ninformasjon kommer fra og hvem som er involvert. Hva er sant, og hva er<br \/>\nfiksjon?<\/p>\n<p>Det er mye som er gjenkjennelig fra det de tre norske<br \/>\nkvinnene opplevde da de ble arrestert og fengslet i Bolivia. Serieskaper Emilie Beck holder kortene tett til brystet n\u00e5r KK tar kontakt.<\/p>\n<p>&#8211; Serien er inspirter av det som skjedde, og s\u00e5 har vi lagt<br \/>\ntil fiksjon. Jeg kommer ikke til \u00e5 si noe om hvem jeg har snakket med, og hvor<br \/>\nmye de har v\u00e6rt involvert, p\u00e5 grunn av kildevern.<\/p>\n<p>Beck legger dog ikke skjul p\u00e5 at det har v\u00e6rt mye jobb med<br \/>\nserien:<\/p>\n<p class=\"font-weight-bold m-font-weight-bold\" data-lab-font_weight=\"font-weight-bold\">&#8211; Det jeg kan si er at research har blitt gjort over<br \/>\nsyv-\u00e5tte \u00e5r, og rommer mye. Alt fra sakspapirer, p\u00e5r\u00f8rende, involverte,<br \/>\ninnsatte, offentlige instanser og mennesker rundt saken.<\/p>\n<p>        <img loading=\"lazy\" decoding=\"async\" src=\"https:\/\/www.europesays.com\/no\/wp-content\/uploads\/2026\/01\/84065966.webp.webp\" width=\"667\" height=\"587\" title=\"SERIESKAPER: Emilie beck. Foto: Espen Solli \/TV 2\" alt=\"\" class=\"\" style=\"--aspect-ratio-image: 1.14; \"\/><\/p>\n<p>\n        SERIESKAPER: Emilie beck. Foto: Espen Solli \/TV 2\n    <\/p>\n<p>    <a itemprop=\"url\" href=\"https:\/\/www.kk.no\/underholdning\/vi-var-ufattelig-dumme-som-lot-loven-bo-i-huset-med-oss\/71154610\" rel=\"nofollow noopener\" target=\"_blank\"><\/p>\n<p>        <img loading=\"lazy\" decoding=\"async\" src=\"https:\/\/www.europesays.com\/no\/wp-content\/uploads\/2026\/01\/71156184.webp.webp\" width=\"980\" height=\"441\" title=\"- Vi var ufattelig dumme som lot l\u00f8ven bo i huset med oss\" alt=\"\" class=\"lazyload\" style=\"--aspect-ratio-image: 2.22; \"\/><\/p>\n<p>        &#8211; Vi var ufattelig dumme som lot l\u00f8ven bo i huset med oss<\/p>\n<p>    <\/a><\/p>\n<p>Over all forventning<\/p>\n<p class=\"font-weight-normal m-font-weight-normal\" data-lab-font_weight=\"font-weight-normal\">Beck forteller at mottakelsen har g\u00e5tt over all forventning.\u00a0<\/p>\n<p class=\"font-weight-normal m-font-weight-normal\" data-lab-font_weight=\"font-weight-normal\">&#8211; Vi kan trygt si at vi ikke var forberedt p\u00e5 det enorme trykket som kom da s\u00e5 mange s\u00e5 serien. Vi er veldig stolte og glade for engasjementet serien har skapt, og refleksjonene folk gj\u00f8r seg, sier hun, og legger til:<\/p>\n<p class=\"font-weight-normal m-font-weight-normal\" data-lab-font_weight=\"font-weight-normal\">&#8211; Jeg er spesielt r\u00f8rt over at folk donerer penger s\u00e5 Madelaine som fortsatt er i Bolivia kommer seg hjem.<\/p>\n<p>    <a itemprop=\"url\" href=\"https:\/\/www.kk.no\/underholdning\/jeg-sa-alt-annet-enn-ja\/83975235\" rel=\"nofollow noopener\" target=\"_blank\"><\/p>\n<p>        <img loading=\"lazy\" decoding=\"async\" src=\"https:\/\/www.europesays.com\/no\/wp-content\/uploads\/2026\/01\/1767826583_990_83975276.webp.webp\" width=\"980\" height=\"441\" title=\"- Jeg sa alt annet enn ja\" alt=\"\" class=\"lazyload\" style=\"--aspect-ratio-image: 2.22; \"\/><\/p>\n<p>        &#8211; Jeg sa alt annet enn ja<\/p>\n<p>    <\/a><\/p>\n<p>Ubesvart sp\u00f8rsm\u00e5l<\/p>\n<p>Et sp\u00f8rsm\u00e5l mange sitter igjen med er: Visste disse tre<br \/>\nkvinnene hva de gjorde? P\u00e5 slutten av serien f\u00e5r vi vite at to av kvinnene<br \/>\nhadde reist til Bolivia en gang tidligere, men noen fasit p\u00e5 hva som faktisk<br \/>\nskjedde den dagen de ble tatt med kokain i bagasjen, f\u00e5r vi ikke vite.<\/p>\n<p>    <a itemprop=\"url\" href=\"https:\/\/www.kk.no\/underholdning\/derfor-har-de-byttet-innspillingssted-1\/84062090\" rel=\"nofollow noopener\" target=\"_blank\"><\/p>\n<p>        <img loading=\"lazy\" decoding=\"async\" src=\"https:\/\/www.europesays.com\/no\/wp-content\/uploads\/2026\/01\/84062161.webp.webp\" width=\"980\" height=\"441\" title=\"Derfor har de byttet innspillingssted\" alt=\"\" class=\"lazyload\" style=\"--aspect-ratio-image: 2.22; \"\/><\/p>\n<p>        Derfor har de byttet innspillingssted<\/p>\n<p>    <\/a><\/p>\n<p>        <img loading=\"lazy\" decoding=\"async\" src=\"https:\/\/www.europesays.com\/no\/wp-content\/uploads\/2026\/01\/1767826586_887_81859885.webp.webp\" width=\"196\" height=\"155\" title=\"Har du et tips?\" alt=\"\" class=\"\" style=\"--aspect-ratio-image: 1.26; \"\/><\/p>\n<p>        Har du et tips?<\/p>\n<p class=\"subtitle\">Hei, jeg heter Ida Bergersen, og er journalist i KK. Har du et tips, en historie du vil fortelle eller et felt du mener vi b\u00f8r skrive om?<\/p>\n","protected":false},"excerpt":{"rendered":"Flukten fra Bolivia \u00abFlukten fra Bolivia\u00bb-regiss\u00f8r Emilie Beck r\u00f8per detaljer rundt prosessen. FLUKTEN FRA BOLIVIA: Ella \u00d8verbye, Josephine&hellip;\n","protected":false},"author":2,"featured_media":131614,"comment_status":"","ping_status":"","sticky":false,"template":"","format":"standard","meta":{"footnotes":""},"categories":[10],"tags":[14458,20,21,15233,24,25,14469,15,22,23,15234,13,30,28,29,14,16,14456,26,27,72],"class_list":{"0":"post-131613","1":"post","2":"type-post","3":"status-publish","4":"format-standard","5":"has-post-thumbnail","7":"category-norge","8":"tag-bolivia-saken","9":"tag-breaking-news","10":"tag-breakingnews","11":"tag-emilie-beck","12":"tag-featured-news","13":"tag-featurednews","14":"tag-flukten-fra-bolivia","15":"tag-headlines","16":"tag-latest-news","17":"tag-latestnews","18":"tag-madelaine-rodriguez","19":"tag-news","20":"tag-no","21":"tag-norge","22":"tag-norway","23":"tag-nyheter","24":"tag-overskrifter","25":"tag-stina-brendemo-hagen","26":"tag-top-stories","27":"tag-topstories","28":"tag-underholdning"},"share_on_mastodon":{"url":"https:\/\/pubeurope.com\/@no\/115856289524355102","error":""},"_links":{"self":[{"href":"https:\/\/www.europesays.com\/no\/wp-json\/wp\/v2\/posts\/131613","targetHints":{"allow":["GET"]}}],"collection":[{"href":"https:\/\/www.europesays.com\/no\/wp-json\/wp\/v2\/posts"}],"about":[{"href":"https:\/\/www.europesays.com\/no\/wp-json\/wp\/v2\/types\/post"}],"author":[{"embeddable":true,"href":"https:\/\/www.europesays.com\/no\/wp-json\/wp\/v2\/users\/2"}],"replies":[{"embeddable":true,"href":"https:\/\/www.europesays.com\/no\/wp-json\/wp\/v2\/comments?post=131613"}],"version-history":[{"count":0,"href":"https:\/\/www.europesays.com\/no\/wp-json\/wp\/v2\/posts\/131613\/revisions"}],"wp:featuredmedia":[{"embeddable":true,"href":"https:\/\/www.europesays.com\/no\/wp-json\/wp\/v2\/media\/131614"}],"wp:attachment":[{"href":"https:\/\/www.europesays.com\/no\/wp-json\/wp\/v2\/media?parent=131613"}],"wp:term":[{"taxonomy":"category","embeddable":true,"href":"https:\/\/www.europesays.com\/no\/wp-json\/wp\/v2\/categories?post=131613"},{"taxonomy":"post_tag","embeddable":true,"href":"https:\/\/www.europesays.com\/no\/wp-json\/wp\/v2\/tags?post=131613"}],"curies":[{"name":"wp","href":"https:\/\/api.w.org\/{rel}","templated":true}]}}