{"id":131615,"date":"2026-01-07T22:59:15","date_gmt":"2026-01-07T22:59:15","guid":{"rendered":"https:\/\/www.europesays.com\/no\/131615\/"},"modified":"2026-01-07T22:59:15","modified_gmt":"2026-01-07T22:59:15","slug":"da-oluf-motte-harstad-og-festspillene","status":"publish","type":"post","link":"https:\/\/www.europesays.com\/no\/131615\/","title":{"rendered":"Da Oluf m\u00f8tte Harstad og Festspillene"},"content":{"rendered":"<p>Skrevet av Bj\u00f8rn Hall\u2013Hofs\u00f8<\/p>\n<blockquote>\n<p>Det var i Harstad det begynte p\u00e5 ordentlig, under festspillene, da navnet mitt enn\u00e5 ikke var s\u00e5 stort. P\u00e5 plakaten sto det, under US Navy Band, med mindre skrift: \u00abI pausen underholder den kjente crazykomikeren Arthur Arntsen\u00bb. \u2013 Sitat Arthur Arntzen, 1999<\/p>\n<\/blockquote>\n<p><strong>Vi og resten av harstadpublikumet<\/strong> som b\u00e6nka oss p\u00e5 kinoen utp\u00e5 sekstitallet f\u00f8rr \u00e5 m\u00f8te deinna kj\u00e6ftausa fra Troms\u00f8 f\u00f8rr f\u00f8rste gang, vi var urolig p\u00e5 festspillbyens vegne.<\/p>\n<p><strong>P\u00e5 lokalsendinga fra NRK Troms<\/strong> hadde vi h\u00f8rt H\u00e5kon Karlsen intervjue deinna loslitte kraumen fra ei urtypisk nordnorsk utbygd, Raillkattlia. Vi hadde bladd i boka fra Troms\u00f8 Bokhandel, Han Oluf, og sett korsen han va i Dagfinn Bakke sine tegninga. Og denna svemlingen, han skulle komme og opptre p\u00e5 Harstad kino s\u00e5nn han kom og gjekk. Vesst va vi sjepisk!<\/p>\n<p><strong>Harstad kino, bygd medt p\u00e5 femtitallet<\/strong> med cinemascope og 24 rader, va i si tid ett av verdens sju underverk i Nord-Norge, detta va ikkje arena f\u00f8rr bygdebuskis og bona fra fastlainnet nordi Troms\u00f8. S\u00e5nn satt vi d\u00e6r i fullstappa kinosal og veinta p\u00e5 han Oluf f\u00f8rr f\u00f8rste gang.<\/p>\n<p><strong>S\u00e5 \u00e5penbarte gamlingen<\/strong> s\u00e6 sj\u00f8l uti showet, det vil si han subba i t\u00f8flan over scenen \u2013 og scenen p\u00e5 Harstad kino var heiller ikkje da n\u00e5kka samfunnshusscene i areal og m\u00e5lestokk, s\u00e5 det tok ei tid f\u00f8rr han va ferdiglabba. S\u00e5 stoppa han, hekta begge n\u00e6van i kv\u00e6r sin vestkaint, strauk h\u00f8yreh\u00e5nda over skinnhua og gliste tell oss, og fiffen begynte verkelig \u00e5 ane ur\u00e5. De skulle ha s\u00e6 frabedt at n\u00e5n fra den omfl\u00f8dde holmen nordi skipsleia skulle glise s\u00e5nn av oss harstadv\u00e6ringa. Nei, bygdetullinga, det kuinne man dra p\u00e5 revy til Grovfjord, Hamnvik, Snubba, Sanemark eiller B\u00e5lt\u00e5sen \u00e5 se, men ikkje p\u00e5 Harstad Kino i Festspillbyen.<\/p>\n<p><strong>Stemninga snudde s\u00e6<\/strong> raskt. \u00c6 veit ikkje n\u00e5r de f\u00f8rste lokalpoengan kom. Men de kom raskt og satt som mitralj\u00f8seskudd. Lokale poenga, meir tr\u00e6ffanes einn heile Trondarnes skj\u00f8ttarlag og vittigare enn n\u00e5\u2019n av oss hadde h\u00f8rt f\u00f8r. F\u00f8rr kaillen p\u00e5 scenen var s\u00e5 innmari godt oppdatert p\u00e5 lokalsladder og kommunale vesen og uvesen her i Harstad at publikum b\u00e6rre ga s\u00e6 over. Han va jo den reine lokalkomiker, han!<\/p>\n<p>\u2013 Dokker, t\u00e6nk p\u00e5 korr mykje han vesste, han s\u00e5 e fra Troms\u00f8, om ka som foreg\u00e5r h\u00e6r i Harstad, sa vi \u00e6tterp\u00e5.<\/p>\n<p><strong>Det va leksom ikkje<\/strong> n\u00e5n direkte sammenh\u00e6ng med den bonske personasjen p\u00e5 scenen og de kommentaran som rainn, ofte i gapskratt, ut av gliset og deinn koll\u00e5pne munnen hannes.<\/p>\n<p><strong>Det va Kommunikatoren Oluf<\/strong> som bergtok oss. Det va \u00abunderdogen\u00bb \u2013 en heimsnekra nordnorsk Kolingen, som stor utaf\u00f8rr og keik inn vinduan tell borgerskapet med h\u00f8ylytte spissformuleringa. Fr\u00e6kk. Direkte. V\u00e6llplassert. Saftig. Og plutselig opplevde vi aille i kinosalen der og da at det va en troverdig sammenheng mellom deinn rufsatte skikkelsen p\u00e5 scenen og ordan og replikkan som nagla lokale og sentrale st\u00f8rrelsa som b\u00e6nkpryd opp\u00e6tter kinoveggan.<\/p>\n<p>\u2013 D\u00e6ven r\u00f8ske korr han slo oppover!<\/p>\n<p><strong>Det f\u00f8rrt\u00e6lte en lokaljournalist<\/strong> oss \u00e6tter forestillinga, at Arthur ei uke i f\u00f8rveien hadde ringt redaksjonen og spurt \u00e6tter lokalnyheta som han skulle bruke i showet sett. Som han ringte redaksjonen i Troms Folkeblad, Finnmarks Dagblad, Nordlandsposten, Lofotposten og avisa Vester\u00e5len. Da var det journalisten og blamainn som forberedte Oluf-forestillinga, fekk vi h\u00f8re. \u00c6tterp\u00e5.<\/p>\n<p>Teksten er en redigert artikkel Hall-Hofs\u00f8 hadde som bidrag i boka \u00abEventyr, t\u00e5rer og latter: Historia om Arthur Arntsen\u00bb av Kjell Snerte og Arthur Arntzen (Det norske samlaget, 2007).<\/p>\n","protected":false},"excerpt":{"rendered":"Skrevet av Bj\u00f8rn Hall\u2013Hofs\u00f8 Det var i Harstad det begynte p\u00e5 ordentlig, under festspillene, da navnet mitt enn\u00e5&hellip;\n","protected":false},"author":2,"featured_media":131616,"comment_status":"","ping_status":"","sticky":false,"template":"","format":"standard","meta":{"footnotes":""},"categories":[58],"tags":[14133,71,30,28,29,72],"class_list":{"0":"post-131615","1":"post","2":"type-post","3":"status-publish","4":"format-standard","5":"has-post-thumbnail","7":"category-underholdning","8":"tag-arthur-arntzen","9":"tag-entertainment","10":"tag-no","11":"tag-norge","12":"tag-norway","13":"tag-underholdning"},"share_on_mastodon":{"url":"https:\/\/pubeurope.com\/@no\/115856301213660236","error":""},"_links":{"self":[{"href":"https:\/\/www.europesays.com\/no\/wp-json\/wp\/v2\/posts\/131615","targetHints":{"allow":["GET"]}}],"collection":[{"href":"https:\/\/www.europesays.com\/no\/wp-json\/wp\/v2\/posts"}],"about":[{"href":"https:\/\/www.europesays.com\/no\/wp-json\/wp\/v2\/types\/post"}],"author":[{"embeddable":true,"href":"https:\/\/www.europesays.com\/no\/wp-json\/wp\/v2\/users\/2"}],"replies":[{"embeddable":true,"href":"https:\/\/www.europesays.com\/no\/wp-json\/wp\/v2\/comments?post=131615"}],"version-history":[{"count":0,"href":"https:\/\/www.europesays.com\/no\/wp-json\/wp\/v2\/posts\/131615\/revisions"}],"wp:featuredmedia":[{"embeddable":true,"href":"https:\/\/www.europesays.com\/no\/wp-json\/wp\/v2\/media\/131616"}],"wp:attachment":[{"href":"https:\/\/www.europesays.com\/no\/wp-json\/wp\/v2\/media?parent=131615"}],"wp:term":[{"taxonomy":"category","embeddable":true,"href":"https:\/\/www.europesays.com\/no\/wp-json\/wp\/v2\/categories?post=131615"},{"taxonomy":"post_tag","embeddable":true,"href":"https:\/\/www.europesays.com\/no\/wp-json\/wp\/v2\/tags?post=131615"}],"curies":[{"name":"wp","href":"https:\/\/api.w.org\/{rel}","templated":true}]}}