{"id":131619,"date":"2026-01-07T23:06:21","date_gmt":"2026-01-07T23:06:21","guid":{"rendered":"https:\/\/www.europesays.com\/no\/131619\/"},"modified":"2026-01-07T23:06:21","modified_gmt":"2026-01-07T23:06:21","slug":"solgte-for-40-mill-kjopte-toppleilighet","status":"publish","type":"post","link":"https:\/\/www.europesays.com\/no\/131619\/","title":{"rendered":"Solgte for 40 mill, kj\u00f8pte toppleilighet"},"content":{"rendered":"<p>    Anne-Kat. H\u00e6rland solgte huset sitt p\u00e5 tampen av \u00e5ret. N\u00e5 kan hun nyte livet i en lekker leilighet til 16 millioner kroner.<\/p>\n<p>\n        <b>P\u00c5 FLYTTEFOT: <\/b>Anne-Kat. H\u00e6rland forlater skrivestuen i hagen p\u00e5 Smestad til fordel for en toppleilighet.<br \/>\n        Svein Brimi\n    <\/p>\n<p>Anne-Kat. H\u00e6rland (53) kj\u00f8pte en enebolig p\u00e5 Smestad i Oslo i 2012. Da var prislappen 10 millioner kroner. 13 \u00e5r senere solgte komikeren huset videre for hele 40 millioner kroner, if\u00f8lge<a href=\"https:\/\/www.finansavisen.no\/bolig\/2025\/11\/04\/8304743\/anne-kat.-haerland-hamstret-penthouse-etter-kjempesalget?zephr_sso_ott=MGfdp0\" rel=\"nofollow noopener\" target=\"_blank\"> Finansavisen.<\/a><\/p>\n<p>Det er Gjelsten Bolig, som forretningsmannen Bj\u00f8rn Rune Gjelsten (69) st\u00e5r bak, som kj\u00f8pte eiendommen.<\/p>\n<p>Komikeren fikk alts\u00e5 med seg en gevinst p\u00e5 30 millioner kroner da hun skulle p\u00e5 jakt etter ny bolig. Den fant hun i Elsters gate, som er en liten gate rett ved Frognerparken i Oslo. Prislappen her endte p\u00e5 16 250 000 kroner.<\/p>\n<p>                <img decoding=\"async\" src=\"https:\/\/www.europesays.com\/no\/wp-content\/uploads\/2026\/01\/7588200.webp.jpeg\" width=\"480\" height=\"274\" title=\"STOR UTEPLASS: Komikerens nye boltreplass utend\u00f8rs strekker seg over 50 kvadratmeter med plass til ulike sittegrupper og god utsikt fra toppen av bygningen.\" alt=\"\" loading=\"lazy\" style=\"\"\/><\/p>\n<p>\n            <b>STOR UTEPLASS:<\/b> Komikerens nye boltreplass utend\u00f8rs strekker seg over 50 kvadratmeter med plass til ulike sittegrupper og god utsikt fra toppen av bygningen.<br \/>\n            Mateusz Michalowski\/BOA Eiendomsmegling Oslo Vest\n        <\/p>\n<p>Les ogs\u00e5: <a href=\"https:\/\/www.klikk.no\/underholdning\/kim-wigaard-og-jan-runar-eliassens-unike-vennskap-7588007\" rel=\"nofollow noopener\" target=\"_blank\">Kim Wigaard og Jan Runar Eliassens unike vennskap<\/a><\/p>\n<p>God plass<\/p>\n<p>Leiligheten ligger i byggets toppetasje og er p\u00e5 139 kvadratmeter. Den inneholder to soverom og to bad, samt walk-in closet.\u00a0<\/p>\n<p>Utend\u00f8rs kan komikeren boltre seg p\u00e5 en 50 kvadratmeter stor terrasse, i tillegg til en romslig vinterhage med glasstak.<\/p>\n<p>                <img decoding=\"async\" src=\"https:\/\/www.europesays.com\/no\/wp-content\/uploads\/2026\/01\/7588208.webp.jpeg\" width=\"480\" height=\"321\" title=\"ROMSLIG SPISEPLASS: Ved siden av det svarte kj\u00f8kkenet med egen kj\u00f8kken\u00f8y er det plass til mange middagsgjester rundt spisebordet. Kj\u00f8kkenet har utgang til b\u00e5de takterrassen og vinterhagen.\" alt=\"\" loading=\"lazy\" style=\"\"\/><\/p>\n<p>\n            <b>ROMSLIG SPISEPLASS:<\/b> Ved siden av det svarte kj\u00f8kkenet med egen kj\u00f8kken\u00f8y er det plass til mange middagsgjester rundt spisebordet. Kj\u00f8kkenet har utgang til b\u00e5de takterrassen og vinterhagen.<br \/>\n            Mateusz Michalowski\/BOA Eiendomsmegling Oslo Vest\n        <\/p>\n<p>Bulent Yildirim i Boa\u00a0Eiendomsmegling Oslo Vest er ikke i tvil om hva han vil dra frem som s\u00e6regenheter ved akkurat denne leiligheten.<\/p>\n<p>                <img decoding=\"async\" src=\"https:\/\/www.europesays.com\/no\/wp-content\/uploads\/2026\/01\/7588211.webp.jpeg\" width=\"480\" height=\"321\" title=\"PEISKOS: Stuen kan skilte med en hyggelig peis. Det er mange store vinduer, som gir mye lys i tillegg til god utsikt mot blant annet Holmenkollen.\" alt=\"\" loading=\"lazy\" style=\"\"\/><\/p>\n<p>\n            <b>PEISKOS:<\/b> Stuen kan skilte med en hyggelig peis. Det er mange store vinduer, som gir mye lys i tillegg til god utsikt mot blant annet Holmenkollen.<br \/>\n            Mateusz Michalowski\/BOA Eiendomsmegling Oslo Vest\n        <\/p>\n<p>\u2013 Det er beliggenheten og den nydelige uteplassen. Leiligheten ligger veldig flott til p\u00e5 Frogner\/Majorstuen og har en stor, privat takterrasse p\u00e5 hele 50 kvadratmeter.\u00a0Leiligheten har ogs\u00e5 en egen garasjeplass som f\u00f8lger med, og det er veldig spesielt for en leilighet i det omr\u00e5det av byen, sier eiendomsmegleren til Her og N\u00e5.\u00a0<\/p>\n<p>Her og N\u00e5 har s\u00f8kt kommentar fra Anne-Kat. H\u00e6rland, som opplyser at hun er opptatt med sitt nye show \u00abDon\u2019t Panic 2.0\u00bb p\u00e5 Edderkoppen scene i Oslo.<\/p>\n","protected":false},"excerpt":{"rendered":"Anne-Kat. H\u00e6rland solgte huset sitt p\u00e5 tampen av \u00e5ret. N\u00e5 kan hun nyte livet i en lekker leilighet&hellip;\n","protected":false},"author":2,"featured_media":131620,"comment_status":"","ping_status":"","sticky":false,"template":"","format":"standard","meta":{"footnotes":""},"categories":[58],"tags":[71,30,28,29,72],"class_list":{"0":"post-131619","1":"post","2":"type-post","3":"status-publish","4":"format-standard","5":"has-post-thumbnail","7":"category-underholdning","8":"tag-entertainment","9":"tag-no","10":"tag-norge","11":"tag-norway","12":"tag-underholdning"},"share_on_mastodon":{"url":"https:\/\/pubeurope.com\/@no\/115856328791428839","error":""},"_links":{"self":[{"href":"https:\/\/www.europesays.com\/no\/wp-json\/wp\/v2\/posts\/131619","targetHints":{"allow":["GET"]}}],"collection":[{"href":"https:\/\/www.europesays.com\/no\/wp-json\/wp\/v2\/posts"}],"about":[{"href":"https:\/\/www.europesays.com\/no\/wp-json\/wp\/v2\/types\/post"}],"author":[{"embeddable":true,"href":"https:\/\/www.europesays.com\/no\/wp-json\/wp\/v2\/users\/2"}],"replies":[{"embeddable":true,"href":"https:\/\/www.europesays.com\/no\/wp-json\/wp\/v2\/comments?post=131619"}],"version-history":[{"count":0,"href":"https:\/\/www.europesays.com\/no\/wp-json\/wp\/v2\/posts\/131619\/revisions"}],"wp:featuredmedia":[{"embeddable":true,"href":"https:\/\/www.europesays.com\/no\/wp-json\/wp\/v2\/media\/131620"}],"wp:attachment":[{"href":"https:\/\/www.europesays.com\/no\/wp-json\/wp\/v2\/media?parent=131619"}],"wp:term":[{"taxonomy":"category","embeddable":true,"href":"https:\/\/www.europesays.com\/no\/wp-json\/wp\/v2\/categories?post=131619"},{"taxonomy":"post_tag","embeddable":true,"href":"https:\/\/www.europesays.com\/no\/wp-json\/wp\/v2\/tags?post=131619"}],"curies":[{"name":"wp","href":"https:\/\/api.w.org\/{rel}","templated":true}]}}