{"id":131621,"date":"2026-01-07T23:09:13","date_gmt":"2026-01-07T23:09:13","guid":{"rendered":"https:\/\/www.europesays.com\/no\/131621\/"},"modified":"2026-01-07T23:09:13","modified_gmt":"2026-01-07T23:09:13","slug":"gir-ikke-mening-a-snakke-om-russiske-trusler-mot-svalbard","status":"publish","type":"post","link":"https:\/\/www.europesays.com\/no\/131621\/","title":{"rendered":"Gir ikke mening \u00e5 snakke om russiske trusler mot Svalbard"},"content":{"rendered":"<p>    Flere frykter russisk press mot Svalbard om USA tar Gr\u00f8nland med makt. Et hypotetisk sp\u00f8rsm\u00e5l, mener St\u00f8re. Men SV krever redegj\u00f8relse i Stortinget.<\/p>\n<p>\n        Statsminister Jonas Gahr St\u00f8re under \u00e5rskonferansen til NHO p\u00e5 Nova Spektrum i Lillestr\u00f8m onsdag.<br \/>\n        Foto: Heiko Junge \/ NTB\n    <\/p>\n<p class=\"kicker t30 tertiary color_mobile_tertiary\" style=\"\">Innenriks<\/p>\n<p>\nSV krever Svalbard-svar fra St\u00f8re<\/p>\n<p>Flere har uttrykt bekymring for at Svalbard vil havne mer i spill ved en amerikansk overtakelse av Gr\u00f8nland.<\/p>\n<p>En rekke forskere tegner et enda m\u00f8rkere bilde: Nato-samarbeidet vil rakne om USA tar Gr\u00f8nland. <\/p>\n<p>\u2013 Og da er det jo bare for Russland \u00e5 ta Svalbard. Hva stopper dem? Ingenting, sa f\u00f8rsteamanuensis og USA-ekspert Hilde Restad ved Oslo Nye H\u00f8yskole <a href=\"https:\/\/www.dagsavisen.no\/nyheter\/eksperter-tar-trump-gronland-er-nato-dodt\/10135593\" rel=\"nofollow noopener\" target=\"_blank\">til NTB tidligere denne uka<\/a>.<\/p>\n<p>Vil ikke spekulere<\/p>\n<p>St\u00f8re vil ikke spekulere p\u00e5 konsekvensene for Svalbard om USA gj\u00f8r alvor av truslene. <\/p>\n<p>\u2013 Nei, dette er hypotetiske sp\u00f8rsm\u00e5l som det ikke gir mening \u00e5 svare p\u00e5, sier St\u00f8re til NTB:<\/p>\n<p>\u2013 Svalbard er en udelelig del av Norge. Svalbard er like mye Norge som et fylke i Norge. Det forvalter vi p\u00e5 en god og klok m\u00e5te, og det kommer til \u00e5 fortsette, sier han videre. <\/p>\n<p>        <a itemprop=\"url\" class=\"\" href=\"https:\/\/www.dagsavisen.no\/nyheter\/det-hvite-hus-trump-vil-overta-gronland-i-denne-presidentperioden\/10137274\" data-k5a-url=\"https:\/\/www.dagsavisen.no\/a\/10137274\" rel=\"nofollow noopener\" target=\"_blank\"><\/p>\n<p>            Det hvite hus: Trump vil overta Gr\u00f8nland i denne presidentperioden<\/p>\n<p>        <\/a><\/p>\n<p>Ikke forn\u00f8yd<\/p>\n<p>SV er imidlertid ikke forn\u00f8yd med St\u00f8res svar. <\/p>\n<p>\nTil <a href=\"https:\/\/www.nrk.no\/norge\/trump-frykt-pa-stortinget_-ber-store-svare-om-svalbard-1.17717531\" target=\"_blank\" rel=\"nofollow noopener\">NRK<\/a> sier partileder Kirsti Bergst\u00f8 at partiet vil kalle statsministeren inn for \u00e5 redegj\u00f8re i Stortinget om sikkerhetssituasjonen i nordomr\u00e5dene.<\/p>\n<p>\u2013 Vi trenger en diskusjon og en redegj\u00f8relse om hva dette har \u00e5 si for v\u00e5r suverenitet. Hva blir konsekvensene dersom USA gj\u00f8r alvor av truslene om \u00e5 ta Gr\u00f8nland, sp\u00f8r hun.<\/p>\n<p>Bergst\u00f8 vil ha svar p\u00e5 flere sp\u00f8rsm\u00e5l, blant dem om USA og \u00f8kende stormaktsrivalisering i nord er en trussel for Norges suverenitet over Svalbard, om vi kan vente milit\u00e6re konfrontasjoner i v\u00e5re n\u00e6romr\u00e5der, og om konsekvensene for Nato om USA tar kontroll over Gr\u00f8nland. <\/p>\n<p>        <a itemprop=\"url\" class=\"\" href=\"https:\/\/www.dagsavisen.no\/nyheter\/rubio-toner-ned-militaerpress-sier-trumps-hensikt-er-a-kjope-gronland\/10137850\" data-k5a-url=\"https:\/\/www.dagsavisen.no\/a\/10137850\" rel=\"nofollow noopener\" target=\"_blank\"><\/p>\n<p>            Rubio toner ned milit\u00e6rpress \u2013 sier Trumps hensikt er \u00e5 kj\u00f8pe Gr\u00f8nland<\/p>\n<p>        <\/a><\/p>\n","protected":false},"excerpt":{"rendered":"Flere frykter russisk press mot Svalbard om USA tar Gr\u00f8nland med makt. Et hypotetisk sp\u00f8rsm\u00e5l, mener St\u00f8re. Men&hellip;\n","protected":false},"author":2,"featured_media":131622,"comment_status":"","ping_status":"","sticky":false,"template":"","format":"standard","meta":{"footnotes":""},"categories":[12],"tags":[20,21,24,25,15,22,23,13,30,28,29,14,16,26,27,42,43,44,45],"class_list":{"0":"post-131621","1":"post","2":"type-post","3":"status-publish","4":"format-standard","5":"has-post-thumbnail","7":"category-verden","8":"tag-breaking-news","9":"tag-breakingnews","10":"tag-featured-news","11":"tag-featurednews","12":"tag-headlines","13":"tag-latest-news","14":"tag-latestnews","15":"tag-news","16":"tag-no","17":"tag-norge","18":"tag-norway","19":"tag-nyheter","20":"tag-overskrifter","21":"tag-top-stories","22":"tag-topstories","23":"tag-verden","24":"tag-world","25":"tag-world-news","26":"tag-worldnews"},"share_on_mastodon":{"url":"https:\/\/pubeurope.com\/@no\/115856340670177783","error":""},"_links":{"self":[{"href":"https:\/\/www.europesays.com\/no\/wp-json\/wp\/v2\/posts\/131621","targetHints":{"allow":["GET"]}}],"collection":[{"href":"https:\/\/www.europesays.com\/no\/wp-json\/wp\/v2\/posts"}],"about":[{"href":"https:\/\/www.europesays.com\/no\/wp-json\/wp\/v2\/types\/post"}],"author":[{"embeddable":true,"href":"https:\/\/www.europesays.com\/no\/wp-json\/wp\/v2\/users\/2"}],"replies":[{"embeddable":true,"href":"https:\/\/www.europesays.com\/no\/wp-json\/wp\/v2\/comments?post=131621"}],"version-history":[{"count":0,"href":"https:\/\/www.europesays.com\/no\/wp-json\/wp\/v2\/posts\/131621\/revisions"}],"wp:featuredmedia":[{"embeddable":true,"href":"https:\/\/www.europesays.com\/no\/wp-json\/wp\/v2\/media\/131622"}],"wp:attachment":[{"href":"https:\/\/www.europesays.com\/no\/wp-json\/wp\/v2\/media?parent=131621"}],"wp:term":[{"taxonomy":"category","embeddable":true,"href":"https:\/\/www.europesays.com\/no\/wp-json\/wp\/v2\/categories?post=131621"},{"taxonomy":"post_tag","embeddable":true,"href":"https:\/\/www.europesays.com\/no\/wp-json\/wp\/v2\/tags?post=131621"}],"curies":[{"name":"wp","href":"https:\/\/api.w.org\/{rel}","templated":true}]}}