{"id":131627,"date":"2026-01-07T23:23:10","date_gmt":"2026-01-07T23:23:10","guid":{"rendered":"https:\/\/www.europesays.com\/no\/131627\/"},"modified":"2026-01-07T23:23:10","modified_gmt":"2026-01-07T23:23:10","slug":"storspion-er-dod","status":"publish","type":"post","link":"https:\/\/www.europesays.com\/no\/131627\/","title":{"rendered":"Storspion er d\u00f8d"},"content":{"rendered":"<p class=\"kicker \" style=\"\">Aldrich Ames<\/p>\n<p>  CIA-toppen Aldrich Ames ble avsl\u00f8rt som dobbeltagent i en av de st\u00f8rste spionskandalene i USAs historie. N\u00e5 er han d\u00f8d 84 \u00e5r gammel.<\/p>\n<p>\n    D\u00d8MT: Den tidligere CIA-agenten Aldrich Ames ble i 1994 d\u00f8mt til livstid i fengsel. Mandag d\u00f8de han 84 \u00e5r gammel. Foto: AP Photo\/Wilfredo Lee, File\n  <\/p>\n<p>NEW YORK (Dagbladet): Ames hadde jobbet i 31 \u00e5r for CIA da han ble arrestert i 1994. Han innr\u00f8mmet da at han hadde f\u00e5tt betalt 2,5 millioner dollar (om lag 25 millioner kroner) fra sovjetiske myndigheter for \u00e5 gi dem amerikanske statshemmeligheter.\u00a0<\/p>\n<p>En talsperson for amerikanske fengselsmyndigheter i Bureau of Prisons bekrefter at Ames d\u00f8de i fengsel mandag, if\u00f8lge en rekke amerikanske medier, deriblant <a href=\"https:\/\/apnews.com\/article\/aldrich-ames-spy-soviet-obit-2511e4b9d56dbcd825982e83d4c71f71\" rel=\"nofollow noopener\" target=\"_blank\">AP<\/a> og <a href=\"https:\/\/www.washingtonpost.com\/obituaries\/2026\/01\/06\/aldrich-ames-dead-cia-traitor\/\" rel=\"nofollow noopener\" target=\"_blank\">The Washington Post<\/a>.\u00a0<\/p>\n<p>        SVARTEHAVET: Ett av Putins krigsskip ble utsatt for et ukrainsk droneangrep onsdag 10. september. Video: X. Reporter: Trond Markus Gravdal<\/p>\n<p class=\"font-weight-bold m-font-weight-bold\" data-lab-font_weight=\"font-weight-bold\">&#8211; \u00d8konomiske problemer, umiddelbare og vedvarende, svarte Ames da The Washington Post i 1994 spurte ham hvorfor han hadde spionert for Sovjetunionen i ni \u00e5r fram til han ble p\u00e5grepet i februar 1994.<\/p>\n<p>Ti henrettet\t<\/p>\n<p>Ames skal blant annet ha avsl\u00f8rt identiteten til minst ti russiske tjenestepersoner og en \u00f8st-europeisk tjenesteperson, som spionerte for USA og Storbritannia. Opplysninger fra Ames skal ha f\u00f8rt til at s\u00e5 mange som ti personer ble p\u00e5grepet av Sovjetunionen og henrettet, if\u00f8lge <a href=\"https:\/\/www.nytimes.com\/2026\/01\/06\/obituaries\/aldrich-ames-dead.html\" rel=\"nofollow noopener\" target=\"_blank\">The New York Times<\/a>.\u00a0<\/p>\n<p>    <a itemprop=\"url\" href=\"https:\/\/www.dagbladet.no\/magasinet\/mannen-som-avslorte-to-norske-spioner\/72078215\" rel=\"nofollow noopener\" target=\"_blank\"><\/p>\n<p>        <img loading=\"lazy\" decoding=\"async\" src=\"https:\/\/www.europesays.com\/no\/wp-content\/uploads\/2026\/01\/72088922.webp.webp\" width=\"980\" height=\"441\" title=\"Mannen som avsl\u00f8rte norske spioner\" alt=\"\" class=\"lazyload\" style=\"--aspect-ratio-image: 2.22; \"\/><\/p>\n<p>        Mannen som avsl\u00f8rte norske spioner<\/p>\n<p>    <\/a><\/p>\n<p>Ames ga ogs\u00e5 russerne informasjon om spionsatelitter og andre spionasjeprosedyrer.\u00a0<\/p>\n<p>Sviket hans har f\u00e5tt skylda for henrettelser av vestlige agenter bak jernteppet og var et stort tilbakeslag for CIA under Den kalde krigen, skriver AP.\u00a0<\/p>\n<p>Ames sa seg skyldig i spionasje og skatteunndragelse. Han ble s\u00e5 d\u00f8mt til livstid i fengsel.\u00a0<\/p>\n<p>&#8211; Dyp skam\t<\/p>\n<p class=\"font-weight-bold m-font-weight-bold\" data-lab-font_weight=\"font-weight-bold\">Siden ga Ames uttrykk for at han hadde\u00a0\u00abdyp skam og skylt\u00bb for tillitsbruddene. Samtidig fors\u00f8kte han \u00e5 tone ned skadene han hadde for\u00e5rsaket, skriver AP.\u00a0<\/p>\n<p>&#8211; Disse spionkrigene er et sideshow som ikke har noen virkelig p\u00e5virkning p\u00e5 sikkerhetsinteresser over \u00e5r, sa Ames i retten.<\/p>\n<p>Ames&#8217; kone, Rosario, sa seg ogs\u00e5 skyldig i mindre spionasjelovbrudd. Hun ble d\u00f8mt til fem \u00e5r i fengsel.\u00a0<\/p>\n<p>Ames spionasje foregikk samtidig som FBI-agenten Robert Hanssen ogs\u00e5 spionerte for Moskva. Hanssen ble p\u00e5grepet i 2001 og siktet for \u00e5 ha tatt imot 1,4 millioner dollar (om lag 14 millioner kroner) fra Russland for \u00e5 ha solgt statshemmeligheter. Hanssen d\u00f8de i fengsel i 2023.<\/p>\n","protected":false},"excerpt":{"rendered":"Aldrich Ames CIA-toppen Aldrich Ames ble avsl\u00f8rt som dobbeltagent i en av de st\u00f8rste spionskandalene i USAs historie.&hellip;\n","protected":false},"author":2,"featured_media":131628,"comment_status":"","ping_status":"","sticky":false,"template":"","format":"standard","meta":{"footnotes":""},"categories":[12],"tags":[20,21,24,25,15,22,23,13,30,28,29,14,16,26,27,412,42,43,44,45],"class_list":{"0":"post-131627","1":"post","2":"type-post","3":"status-publish","4":"format-standard","5":"has-post-thumbnail","7":"category-verden","8":"tag-breaking-news","9":"tag-breakingnews","10":"tag-featured-news","11":"tag-featurednews","12":"tag-headlines","13":"tag-latest-news","14":"tag-latestnews","15":"tag-news","16":"tag-no","17":"tag-norge","18":"tag-norway","19":"tag-nyheter","20":"tag-overskrifter","21":"tag-top-stories","22":"tag-topstories","23":"tag-utenriks","24":"tag-verden","25":"tag-world","26":"tag-world-news","27":"tag-worldnews"},"share_on_mastodon":{"url":"https:\/\/pubeurope.com\/@no\/115856395744355799","error":""},"_links":{"self":[{"href":"https:\/\/www.europesays.com\/no\/wp-json\/wp\/v2\/posts\/131627","targetHints":{"allow":["GET"]}}],"collection":[{"href":"https:\/\/www.europesays.com\/no\/wp-json\/wp\/v2\/posts"}],"about":[{"href":"https:\/\/www.europesays.com\/no\/wp-json\/wp\/v2\/types\/post"}],"author":[{"embeddable":true,"href":"https:\/\/www.europesays.com\/no\/wp-json\/wp\/v2\/users\/2"}],"replies":[{"embeddable":true,"href":"https:\/\/www.europesays.com\/no\/wp-json\/wp\/v2\/comments?post=131627"}],"version-history":[{"count":0,"href":"https:\/\/www.europesays.com\/no\/wp-json\/wp\/v2\/posts\/131627\/revisions"}],"wp:featuredmedia":[{"embeddable":true,"href":"https:\/\/www.europesays.com\/no\/wp-json\/wp\/v2\/media\/131628"}],"wp:attachment":[{"href":"https:\/\/www.europesays.com\/no\/wp-json\/wp\/v2\/media?parent=131627"}],"wp:term":[{"taxonomy":"category","embeddable":true,"href":"https:\/\/www.europesays.com\/no\/wp-json\/wp\/v2\/categories?post=131627"},{"taxonomy":"post_tag","embeddable":true,"href":"https:\/\/www.europesays.com\/no\/wp-json\/wp\/v2\/tags?post=131627"}],"curies":[{"name":"wp","href":"https:\/\/api.w.org\/{rel}","templated":true}]}}