{"id":131631,"date":"2026-01-07T23:30:08","date_gmt":"2026-01-07T23:30:08","guid":{"rendered":"https:\/\/www.europesays.com\/no\/131631\/"},"modified":"2026-01-07T23:30:08","modified_gmt":"2026-01-07T23:30:08","slug":"ice-agent-drepte-bilforer-i-minneapolis-ordforer-krever-at-etaten-forlater-byen","status":"publish","type":"post","link":"https:\/\/www.europesays.com\/no\/131631\/","title":{"rendered":"Ice-agent drepte bilf\u00f8rer i Minneapolis \u2013 ordf\u00f8rer krever at etaten forlater byen"},"content":{"rendered":"\n<p class=\"_paragraph_o9xde_4 _paragraph_xtcu6_10 layout-component text-serif-m layout-normal text-serif-m layout-padded\">En ICE-betjent skj\u00f8t og drepte en kvinne som if\u00f8lge f\u00f8derale myndigheter fors\u00f8kte \u00e5 kj\u00f8re p\u00e5 betjentene.<\/p>\n<p class=\"_paragraph_o9xde_4 _paragraph_xtcu6_10 layout-component text-serif-m layout-normal text-serif-m layout-padded\">Departementet for innenlands sikkerhet, som kontrollerer ICE, mener den kvinnelige bilf\u00f8reren gjorde seg skyldig i en terrorhandling. ICE-agenten som skj\u00f8t og drepte kvinnen, handlet i selvforsvar, if\u00f8lge departementet.<\/p>\n<p class=\"_paragraph_o9xde_4 _paragraph_xtcu6_10 layout-component text-serif-m layout-normal text-serif-m layout-padded\">Minnesotas guvern\u00f8r Tim Walz kaller den amerikanske regjeringens respons p\u00e5 drapet for \u00abpropaganda\u00bb.<\/p>\n<p class=\"_paragraph_o9xde_4 _paragraph_xtcu6_10 layout-component text-serif-m layout-normal text-serif-m layout-padded\">Ogs\u00e5 Minneapolis-ordf\u00f8rer Jacob Frey har en helt annen oppfatning av det som skjedde og bestrider p\u00e5standen om at ICE handlet i selvforsvar. <\/p>\n<p class=\"_paragraph_o9xde_4 _paragraph_xtcu6_10 layout-component text-serif-m layout-normal text-serif-m layout-padded\">P\u00e5 en pressekonferanse flere timer etter hendelsen kommer Frey med en kraftig irettesettelse av den f\u00f8derale innvandringsetatens fremferd i tvillingbyene Minneapolis og St. Paul.<\/p>\n<p><img alt=\"En Ice-betjent skj\u00f8t og drepte en kvinne i Minneapolis onsdag. Ordf\u00f8reren bestrider p\u00e5standen om at betjenten handlet i selvforsvar.   Foto: Tom Baker \/ AP \/ NTB\" class=\"_image_qp4xg_65 layout-component layout-normal\" data-fullscreen- data-track-element-type=\"Article image fullscreen\" data-track-name=\"ImageFullscreen\" decoding=\"async\" loading=\"lazy\" height=\"2333\" itemprop=\"image\"  src=\"https:\/\/www.europesays.com\/no\/wp-content\/uploads\/2026\/01\/6f694cdd-8d34-41c8-8626-a2340110ec19.png\"  style=\"object-position:0% 0%\" width=\"3500\"\/>En Ice-betjent skj\u00f8t og drepte en kvinne i Minneapolis onsdag. Ordf\u00f8reren bestrider p\u00e5standen om at betjenten handlet i selvforsvar.   Foto: Tom Baker \/ AP \/ NTB<\/p>\n<p class=\"_paragraph_o9xde_4 _paragraph_xtcu6_10 layout-component text-serif-m layout-normal text-serif-m layout-padded\">\u2013 De er ikke her for \u00e5 skape trygghet i byen. Det de gj\u00f8r, er ikke \u00e5 gi trygghet til Amerika. Det de gj\u00f8r, er \u00e5 for\u00e5rsake kaos og mistillit, sier Frey.<\/p>\n<p class=\"_paragraph_o9xde_4 _paragraph_xtcu6_10 layout-component text-serif-m layout-normal text-serif-m layout-padded\">\u2013 De river familier i stykker. De skaper kaos i v\u00e5re gater, og i dette tilfelle dreper de bokstavelig talt mennesker, sier ordf\u00f8reren.<\/p>\n<p class=\"_paragraph_o9xde_4 _paragraph_xtcu6_10 layout-component text-serif-m layout-normal text-serif-m layout-padded\">\u2013 De pr\u00f8ver allerede \u00e5 spinne dette som en selvforsvarshandling. Etter \u00e5 ha sett videoen selv vil jeg si til alle rett ut at dette er bullshit, sier ordf\u00f8reren.<\/p>\n<p>Video skal vise hendelsesforl\u00f8pet<\/p>\n<p class=\"_paragraph_o9xde_4 _paragraph_xtcu6_10 layout-component text-serif-m layout-normal text-serif-m layout-padded\">Sikkerhetsminister Kristi Noem har anklaget den n\u00e5 drepte kvinnen for \u00e5 ha beg\u00e5tt en \u00abinnenlandsk terrorhandling\u00bb.<\/p>\n<p class=\"_paragraph_o9xde_4 _paragraph_xtcu6_10 layout-component text-serif-m layout-normal text-serif-m layout-padded\">\u2013 Hun fors\u00f8kte \u00e5 kj\u00f8re over dem og ramme dem med kj\u00f8ret\u00f8yet sitt. En av v\u00e5re betjenter handlet raskt og i forsvar, skj\u00f8t, for \u00e5 beskytte seg selv og folkene rundt ham, sier Noem.<\/p>\n<p class=\"_paragraph_o9xde_4 _paragraph_xtcu6_10 layout-component text-serif-m layout-normal text-serif-m layout-padded\">En video som angivelig er tatt p\u00e5 stedet og spres i sosiale medier, viser ICE-betjenter som kj\u00f8rer opp til en gruppe biler parkert i en forstadsgate. <\/p>\n<p><img alt=\"Folk demonstrerer etter skytingen.   Foto: Tom Baker \/ AP \/ NTB\" class=\"_image_qp4xg_65 layout-component layout-normal\" data-fullscreen- data-track-element-type=\"Article image fullscreen\" data-track-name=\"ImageFullscreen\" decoding=\"async\" loading=\"lazy\" height=\"2333\" itemprop=\"image\"  src=\"https:\/\/www.europesays.com\/no\/wp-content\/uploads\/2026\/01\/f1d220fe-a89a-43fd-b14e-27a95dc9a6b5.png\"  style=\"object-position:0% 0%\" width=\"3500\"\/>Folk demonstrerer etter skytingen.   Foto: Tom Baker \/ AP \/ NTB<\/p>\n<p class=\"_paragraph_o9xde_4 _paragraph_xtcu6_10 layout-component text-serif-m layout-normal text-serif-m layout-padded\">Agentene forlater raskt lastebilen sin og g\u00e5r bort til et kj\u00f8ret\u00f8y som blokkerer veien. I videoen h\u00f8res en av agentene rope: \u00abFrue, g\u00e5 ut av bilen, ut av bilen, g\u00e5 ut av den j\u00e6vla bilen.\u00bb<\/p>\n<p class=\"_paragraph_o9xde_4 _paragraph_xtcu6_10 layout-component text-serif-m layout-normal text-serif-m layout-padded\">Bilen rygger litt f\u00f8r den begynner \u00e5 kj\u00f8re av g\u00e5rde, og minst tre skudd avfyres. If\u00f8lge et vitne beveget ikke kj\u00f8ret\u00f8yet seg mot agentene, skriver\u00a0<a href=\"https:\/\/www.fox9.com\/news\/police-swarm-scene-federal-law-enforcement-shooting-minneapolis\" class=\"_link_o9xde_39\" rel=\"nofollow noopener\" target=\"_blank\">Fox 9.<\/a><\/p>\n<p class=\"_paragraph_o9xde_4 _paragraph_xtcu6_10 layout-component text-serif-m layout-normal text-serif-m layout-padded\">Senere tirsdag\u00a0<a href=\"https:\/\/truthsocial.com\/@realDonaldTrump\/posts\/115855701696773990\" class=\"_link_o9xde_39\" rel=\"nofollow noopener\" target=\"_blank\">kommenterte\u00a0<\/a>ogs\u00e5 president Donald Trump hendelsen og delte et videoklipp i sosiale medier. Han skriver at ICE-betjenten tilsynelatende skj\u00f8t kvinnen i selvforsvar, at betjenten er p\u00e5 sykehus, at hendelsen skal \u00abstuderes i sin helhet\u00bb, og at \u00abradikale venstre\u00bb i bunn og grunn er \u00e5rsaken til slike hendelser.<\/p>\n<p>\u00d8kning i antall f\u00f8derale betjenter<\/p>\n<p class=\"_paragraph_o9xde_4 _paragraph_xtcu6_10 layout-component text-serif-m layout-normal text-serif-m layout-padded\">Tvillingbyene har v\u00e6rt p\u00e5 vakt siden en \u00f8kning i antall f\u00f8derale betjenter i delstaten begynte forrige m\u00e5ned. <\/p>\n<p class=\"_paragraph_o9xde_4 _paragraph_xtcu6_10 layout-component text-serif-m layout-normal text-serif-m layout-padded\">Det eskalerte dramatisk med innenriksdepartementets kunngj\u00f8ring denne uken om at opptil 2000 nye agenter forventes \u00e5 delta i et tiltak knyttet delvis til anklager om svindel som involverer innbyggere med somalisk bakgrunn, skriver\u00a0<a href=\"https:\/\/www.nytimes.com\/live\/2026\/01\/07\/us\/minnesota-shooting-ice?nl=Breaking+News&amp;segment_id=213251#shooting-immigration-minneapolis\" class=\"_link_o9xde_39\" rel=\"nofollow noopener\" target=\"_blank\">New York Times.<\/a><\/p>\n<p class=\"_paragraph_o9xde_4 _paragraph_xtcu6_10 layout-component text-serif-m layout-normal text-serif-m layout-padded\">Skytingen fant sted onsdag i et middelklassenabolag i Minneapolis, rundt 1 kilometer fra stedet der George Floyd ble drept av politiet i 2020.<\/p>\n<p class=\"_paragraph_o9xde_4 _paragraph_xtcu6_10 layout-component text-serif-m layout-normal text-serif-m layout-padded\">Hundrevis av sinte mennesker samlet seg i nabolaget. Noen bl\u00e5ste i fl\u00f8yter som en protest mot ICE, og andre ropte til politibetjentene.<\/p>\n","protected":false},"excerpt":{"rendered":"En ICE-betjent skj\u00f8t og drepte en kvinne som if\u00f8lge f\u00f8derale myndigheter fors\u00f8kte \u00e5 kj\u00f8re p\u00e5 betjentene. Departementet for&hellip;\n","protected":false},"author":2,"featured_media":131632,"comment_status":"","ping_status":"","sticky":false,"template":"","format":"standard","meta":{"footnotes":""},"categories":[12],"tags":[20,21,24,25,15,1403,22,23,13,30,28,29,14,16,26,27,50,42,43,44,45],"class_list":{"0":"post-131631","1":"post","2":"type-post","3":"status-publish","4":"format-standard","5":"has-post-thumbnail","7":"category-verden","8":"tag-breaking-news","9":"tag-breakingnews","10":"tag-featured-news","11":"tag-featurednews","12":"tag-headlines","13":"tag-ice","14":"tag-latest-news","15":"tag-latestnews","16":"tag-news","17":"tag-no","18":"tag-norge","19":"tag-norway","20":"tag-nyheter","21":"tag-overskrifter","22":"tag-top-stories","23":"tag-topstories","24":"tag-usa","25":"tag-verden","26":"tag-world","27":"tag-world-news","28":"tag-worldnews"},"share_on_mastodon":{"url":"https:\/\/pubeurope.com\/@no\/115856423161672204","error":""},"_links":{"self":[{"href":"https:\/\/www.europesays.com\/no\/wp-json\/wp\/v2\/posts\/131631","targetHints":{"allow":["GET"]}}],"collection":[{"href":"https:\/\/www.europesays.com\/no\/wp-json\/wp\/v2\/posts"}],"about":[{"href":"https:\/\/www.europesays.com\/no\/wp-json\/wp\/v2\/types\/post"}],"author":[{"embeddable":true,"href":"https:\/\/www.europesays.com\/no\/wp-json\/wp\/v2\/users\/2"}],"replies":[{"embeddable":true,"href":"https:\/\/www.europesays.com\/no\/wp-json\/wp\/v2\/comments?post=131631"}],"version-history":[{"count":0,"href":"https:\/\/www.europesays.com\/no\/wp-json\/wp\/v2\/posts\/131631\/revisions"}],"wp:featuredmedia":[{"embeddable":true,"href":"https:\/\/www.europesays.com\/no\/wp-json\/wp\/v2\/media\/131632"}],"wp:attachment":[{"href":"https:\/\/www.europesays.com\/no\/wp-json\/wp\/v2\/media?parent=131631"}],"wp:term":[{"taxonomy":"category","embeddable":true,"href":"https:\/\/www.europesays.com\/no\/wp-json\/wp\/v2\/categories?post=131631"},{"taxonomy":"post_tag","embeddable":true,"href":"https:\/\/www.europesays.com\/no\/wp-json\/wp\/v2\/tags?post=131631"}],"curies":[{"name":"wp","href":"https:\/\/api.w.org\/{rel}","templated":true}]}}