{"id":131633,"date":"2026-01-07T23:37:49","date_gmt":"2026-01-07T23:37:49","guid":{"rendered":"https:\/\/www.europesays.com\/no\/131633\/"},"modified":"2026-01-07T23:37:49","modified_gmt":"2026-01-07T23:37:49","slug":"dronning-mary-far-skryt-for-nyttarsantrekkene","status":"publish","type":"post","link":"https:\/\/www.europesays.com\/no\/131633\/","title":{"rendered":"Dronning Mary f\u00e5r skryt for nytt\u00e5rsantrekkene"},"content":{"rendered":"<p class=\"kicker \" style=\"\">Dronning Mary:<\/p>\n<p>  Det danske kongehuset har startet \u00e5ret med glitter og glamour, og f\u00e5r skryt av kongehusekspert.<\/p>\n<p>\n    I DANSK DESIGN: Mandag 5. januar avholdt dronning Mary og kong Frederik flere av sine s\u00e5kalte \u00abnytt\u00e5rskurer\u00bb. F\u00f8rstnevnte var ikledd et nytt antrekk fra en gammel favoritt. Foto: Hanne Juul\/ Aller Foto &amp; Video\n  <\/p>\n<p>Tradisjonen tro har det danske kongehuset \u00e5pnet det nye \u00e5ret med pomp og prakt.\u00a0<\/p>\n<p>Dronning Mary (53) og kong Frederik (57) var verter for tre arrangementer mandag, da de avholdt flere av sine \u00e5rlige \u00abnytt\u00e5rskurer\u00bb.\u00a0Kongeparet inviterte borgermestere, ambassad\u00f8rer og diplomater til Slottet for \u00e5 takke dem for deres tjeneste og \u00f8nske dem velkommen til det nye \u00e5ret. <\/p>\n<p>    <a itemprop=\"url\" href=\"https:\/\/www.seher.no\/kongelig\/disse-koster-53-500-kr\/83355963\" rel=\"nofollow noopener\" target=\"_blank\"><\/p>\n<p>        <img loading=\"lazy\" decoding=\"async\" src=\"https:\/\/www.europesays.com\/no\/wp-content\/uploads\/2026\/01\/83356007.webp.webp\" width=\"147\" height=\"171\" title=\"Disse koster 53 500 kr!\" alt=\"\" class=\"lazyload\" style=\"--aspect-ratio-image: 0.86; \"\/><\/p>\n<p>        Disse koster 53 500 kr!<\/p>\n<p>    <\/a><\/p>\n<p>Dronning Mary var if\u00f8rt et midnattsbl\u00e5tt fl\u00f8yelsantrekk fra designeren Jesper H\u00f8vring, og i h\u00e5nden bar hun en clutchveske i samme farge &#8211; en over ti \u00e5r gammel favoritt fra Quidam, if\u00f8lge kongelig mote-nettstedet <a href=\"https:\/\/ufonomore.com\/blog\/2026\/1\/5\/king-frederik-and-queen-mary-host-new-year-receptions\" rel=\"nofollow noopener\" target=\"_blank\">UFO No More<\/a>.\u00a0<\/p>\n<p>        <img loading=\"lazy\" decoding=\"async\" src=\"https:\/\/www.europesays.com\/no\/wp-content\/uploads\/2026\/01\/84063199.webp.webp\" width=\"667\" height=\"1001\" title=\"HISTORISKE SMYKKER: Dronning Mary if\u00f8rt \u00f8redobber fra det kongelige perlepoire-settet. Foto: Hanne Juul\/ Aller Foto &amp; Video\" alt=\"\" class=\"\" style=\"--aspect-ratio-image: 0.67; \"\/><\/p>\n<p>\n        HISTORISKE SMYKKER: Dronning Mary if\u00f8rt \u00f8redobber fra det kongelige perlepoire-settet. Foto: Hanne Juul\/ Aller Foto &amp; Video\n    <\/p>\n<p>Mary viste dessuten frem \u00f8redobber fra perlepoire-settet, <a href=\"https:\/\/www.seher.no\/kongelig\/marys-valg-vekker-oppsikt\/81444450\" rel=\"nofollow noopener\" target=\"_blank\">som kun kan b\u00e6res av Danmarks sittende dronning<\/a>. Hun hadde ogs\u00e5 festet Elefantordenen &#8211; Danmarks h\u00f8yeste utmerkelse &#8211; p\u00e5 det lysebl\u00e5 b\u00e5ndet under jakken. Kong Frederik hadde p\u00e5 seg milit\u00e6runiform, ogs\u00e5 den dekorert med blant annet Elefantordenen.<\/p>\n<p>    <a itemprop=\"url\" href=\"https:\/\/www.seher.no\/kongelig\/venn-domt-for-grov-vold\/83879118\" rel=\"nofollow noopener\" target=\"_blank\"><\/p>\n<p>        <img loading=\"lazy\" decoding=\"async\" src=\"https:\/\/www.europesays.com\/no\/wp-content\/uploads\/2026\/01\/83879373.webp.webp\" width=\"147\" height=\"131\" title=\"Venn d\u00f8mt for grov vold\" alt=\"\" class=\"lazyload\" style=\"--aspect-ratio-image: 1.12; \"\/><\/p>\n<p>        Venn d\u00f8mt for grov vold<\/p>\n<p>    <\/a><\/p>\n<p>Danske favoritter\t<\/p>\n<p>&#8211; Mens de fleste av oss ofte starter det nye \u00e5ret ganske n\u00f8kternt med fokus p\u00e5 sunne vaner, starter det danske kongehuset hvert \u00e5r med fest av det glamor\u00f8se slaget. 1. januar inviterer de hvert \u00e5r til nytt\u00e5rstaffel, hvor de stiller i sine vakreste antrekk og glitrende juveler. Og ikke nok med d\u00e9t &#8211; de p\u00e5f\u00f8lgende dagene er det alts\u00e5 nytt\u00e5rskur, hvor de ogs\u00e5 trekker i finstasen, sier Se og H\u00f8rs kongehusekspert, Caroline Vagle.<\/p>\n<p>        <img loading=\"lazy\" decoding=\"async\" src=\"https:\/\/www.europesays.com\/no\/wp-content\/uploads\/2026\/01\/84063134.webp.webp\" width=\"667\" height=\"734\" title=\"GJENBRUK: P\u00e5 nytt\u00e5rstaffelet brukte dronning Mary et antrekk som f\u00f8rst ble sett i 2024 - n\u00e5 med en ny vri. Foto: Hanne Juul\/ Aller Foto &amp; Video\" alt=\"\" class=\"\" style=\"--aspect-ratio-image: 0.91; \"\/><\/p>\n<p>\n        GJENBRUK: P\u00e5 nytt\u00e5rstaffelet brukte dronning Mary et antrekk som f\u00f8rst ble sett i 2024 &#8211; n\u00e5 med en ny vri. Foto: Hanne Juul\/ Aller Foto &amp; Video\n    <\/p>\n<p>Under \u00e5rets nytt\u00e5rstaffel var dronning Mary ogs\u00e5 if\u00f8rt en kreasjon fra danske Jesper H\u00f8vring: En champagnefarget aftenkjole eller skj\u00f8rt med tilh\u00f8rende korsett-topp, stylet sammen med en blondebluse fra Lasse Spangenberg. Tiaraen og \u00f8reringene var besatt med diamanter, og if\u00f8lge <a href=\"https:\/\/www.thecourtjeweller.com\/2026\/01\/a-diamond-crown-jewel-tiara-sparkles-on-the-queen-of-denmark-in-copenhagen.html\" rel=\"nofollow noopener\" target=\"_blank\">The Court Jeweller<\/a>\u00a0ble tiaraen tilvirket i 2024 fra et middelalder-inspirert belte fra 1840 som tilh\u00f8rer samlingen av danske kronjuveler.<\/p>\n<p>    <a itemprop=\"url\" href=\"https:\/\/www.seher.no\/kongelig\/hun-gjor-alt-riktig\/83271169\" rel=\"nofollow noopener\" target=\"_blank\"><\/p>\n<p>        <img loading=\"lazy\" decoding=\"async\" src=\"https:\/\/www.europesays.com\/no\/wp-content\/uploads\/2026\/01\/83188761.webp.webp\" width=\"147\" height=\"172\" title=\"- Hun gj\u00f8r alt riktig\" alt=\"\" class=\"lazyload\" style=\"--aspect-ratio-image: 0.85; \"\/><\/p>\n<p>        &#8211; Hun gj\u00f8r alt riktig<\/p>\n<p>    <\/a><\/p>\n<p class=\"font-weight-bold m-font-weight-bold\" data-lab-font_weight=\"font-weight-bold\">Kongehuseksperten p\u00e5peker at den danske dronningen er sv\u00e6rt stilsikker, og at hun st\u00f8tt og stadig fronter danske designere:<\/p>\n<p>&#8211; Dette er andre \u00e5ret Mary er vertinne p\u00e5 disse festlighetene, men hun har jo deltatt i mange \u00e5r som kronprinsesse. Og jeg synes hun gj\u00f8r det p\u00e5 mesterlig vis stilmessig b\u00e5de n\u00e5 og da. Hun <a href=\"https:\/\/www.seher.no\/kongelig\/utvilsomt-en-dronning-verdig\/82465397\" rel=\"nofollow noopener\" target=\"_blank\">fremmer dansk design<\/a> igjen og igjen. Der er hun faktisk helt r\u00e5, og andre kongelige har noe \u00e5 l\u00e6re! Jesper H\u00f8vring som hun blant annet brukte denne gangen, er en av de st\u00f8rste favorittene. Det samme er Lasse Spangenberg, forteller Vagle.<\/p>\n<p>        <img loading=\"lazy\" decoding=\"async\" src=\"https:\/\/www.europesays.com\/no\/wp-content\/uploads\/2026\/01\/84063132.webp.webp\" width=\"667\" height=\"881\" title=\"\u00abNY\u00bb TIARA: P\u00e5 nytt\u00e5rstaffelet smykket dronning Mary seg med en tiara best\u00e5ende av juveler fra et belte fra 1840. Foto: Hanne Juul\/ Aller Foto &amp; Video\" alt=\"\" class=\"\" style=\"--aspect-ratio-image: 0.76; \"\/><\/p>\n<p>\n        \u00abNY\u00bb TIARA: P\u00e5 nytt\u00e5rstaffelet smykket dronning Mary seg med en tiara best\u00e5ende av juveler fra et belte fra 1840. Foto: Hanne Juul\/ Aller Foto &amp; Video\n    <\/p>\n<p>&#8211; Inspirerer\t<\/p>\n<p>Oppmerksomme \u00f8yne har for \u00f8vrig lagt merke til at dronning Marys nytt\u00e5rstaffel-bekledning faktisk er en\u00a0\u00abgammel\u00bb kreasjon i ny drakt.<\/p>\n<p>Da hun og ektemannen gjennomf\u00f8rte <a href=\"https:\/\/www.seher.no\/kongelig\/privat-anliggende\/81363392\" rel=\"nofollow noopener\" target=\"_blank\">sitt aller f\u00f8rste statsbes\u00f8k i mai 2024<\/a>, brukte den ferske dronningen det champagnefargede antrekket fra Jesper H\u00f8vring under en gjennomsiktig topp dekket med perle- og blomsterbroderier i burgunder. Det framhever deriblant Instagram-kontoen\u00a0<a href=\"https:\/\/www.instagram.com\/p\/DS-9uVjk1sj\/?img_index=2\" rel=\"nofollow noopener\" target=\"_blank\">Royal Fashion Police<\/a>, som dokumenterer kongeliges antrekk.\u00a0<\/p>\n<p class=\"font-weight-bold m-font-weight-bold\" data-lab-font_weight=\"font-weight-bold\">&#8211; Mary er ogs\u00e5 <a href=\"https:\/\/www.seher.no\/kongelig\/overrasket-etter-19-ar\/82051988\" rel=\"nofollow noopener\" target=\"_blank\">sv\u00e6rt god p\u00e5 gjenbruk<\/a>, og spesielt gjenbruk med en ny twist. Hun f\u00e5r gjerne sydd om antrekk, og plutselig er de som nye. Det er viktig og riktig \u00e5 vise at gjenbruk trumfer forbruk, p\u00e5peker Vagle.<\/p>\n<p>        <img loading=\"lazy\" decoding=\"async\" src=\"https:\/\/www.europesays.com\/no\/wp-content\/uploads\/2026\/01\/84063292.webp.webp\" width=\"667\" height=\"1001\" title=\"DEN GANG DA: Dronning Mary i Jesper H\u00f8vring-kreasjonen med en burgunderfarget topp fra samme designer, her p\u00e5 gallamiddagen under statsbes\u00f8ket i Stockholm i mai 2024. Foto: Hanne Juul\/ Aller Foto &amp; Video\" alt=\"\" class=\"\" style=\"--aspect-ratio-image: 0.67; \"\/><\/p>\n<p>\n        DEN GANG DA: Dronning Mary i Jesper H\u00f8vring-kreasjonen med en burgunderfarget topp fra samme designer, her p\u00e5 gallamiddagen under statsbes\u00f8ket i Stockholm i mai 2024. Foto: Hanne Juul\/ Aller Foto &amp; Video\n    <\/p>\n<p class=\"font-weight-normal m-font-weight-normal\" data-lab-font_weight=\"font-weight-normal\">Til \u00e5rets nytt\u00e5rstaffel var alts\u00e5 den burgunderfargede toppen byttet ut med en kremfarget bluse av franske blonder, som ga antrekket et ganske annet uttrykk.\u00a0<\/p>\n<p>        Dronning Mary overrasket da hun gjennomf\u00f8rte sitt f\u00f8rste solooppdrag som dronning. Reporter: Caroline Vagle. <\/p>\n<p class=\"font-weight-bold m-font-weight-bold\" data-lab-font_weight=\"font-weight-bold\">I kommentarfeltet til Royal Fashion Police er ikke alle like begeistret for endringen, men kongehuseksperten er mer positivt innstilt:<\/p>\n<p>&#8211; Jeg likte den nye toppen godt! Jeg liker at hun varierer, og inspirerer til redesign og gjenbruk. Men det er jo ikke lett \u00e5 tilfredsstille alle. Noen liker alltid best s\u00e5nn det var f\u00f8r, og dessuten er det jo ingen hemmelighet at smaken er delt. S\u00e5nn vil det alltid v\u00e6re.<\/p>\n<p><script async src=\"\/\/www.instagram.com\/embed.js\"><\/script><\/p>\n","protected":false},"excerpt":{"rendered":"Dronning Mary: Det danske kongehuset har startet \u00e5ret med glitter og glamour, og f\u00e5r skryt av kongehusekspert. I&hellip;\n","protected":false},"author":2,"featured_media":131634,"comment_status":"","ping_status":"","sticky":false,"template":"","format":"standard","meta":{"footnotes":""},"categories":[12],"tags":[6345,20,21,15235,5818,24,25,4620,15,76,22,23,13,30,28,29,14,16,26,27,42,43,44,45],"class_list":{"0":"post-131633","1":"post","2":"type-post","3":"status-publish","4":"format-standard","5":"has-post-thumbnail","7":"category-verden","8":"tag-antrekk","9":"tag-breaking-news","10":"tag-breakingnews","11":"tag-dansk-design","12":"tag-dronning-mary","13":"tag-featured-news","14":"tag-featurednews","15":"tag-gjenbruk","16":"tag-headlines","17":"tag-kongelig","18":"tag-latest-news","19":"tag-latestnews","20":"tag-news","21":"tag-no","22":"tag-norge","23":"tag-norway","24":"tag-nyheter","25":"tag-overskrifter","26":"tag-top-stories","27":"tag-topstories","28":"tag-verden","29":"tag-world","30":"tag-world-news","31":"tag-worldnews"},"share_on_mastodon":{"url":"https:\/\/pubeurope.com\/@no\/115856454657768496","error":""},"_links":{"self":[{"href":"https:\/\/www.europesays.com\/no\/wp-json\/wp\/v2\/posts\/131633","targetHints":{"allow":["GET"]}}],"collection":[{"href":"https:\/\/www.europesays.com\/no\/wp-json\/wp\/v2\/posts"}],"about":[{"href":"https:\/\/www.europesays.com\/no\/wp-json\/wp\/v2\/types\/post"}],"author":[{"embeddable":true,"href":"https:\/\/www.europesays.com\/no\/wp-json\/wp\/v2\/users\/2"}],"replies":[{"embeddable":true,"href":"https:\/\/www.europesays.com\/no\/wp-json\/wp\/v2\/comments?post=131633"}],"version-history":[{"count":0,"href":"https:\/\/www.europesays.com\/no\/wp-json\/wp\/v2\/posts\/131633\/revisions"}],"wp:featuredmedia":[{"embeddable":true,"href":"https:\/\/www.europesays.com\/no\/wp-json\/wp\/v2\/media\/131634"}],"wp:attachment":[{"href":"https:\/\/www.europesays.com\/no\/wp-json\/wp\/v2\/media?parent=131633"}],"wp:term":[{"taxonomy":"category","embeddable":true,"href":"https:\/\/www.europesays.com\/no\/wp-json\/wp\/v2\/categories?post=131633"},{"taxonomy":"post_tag","embeddable":true,"href":"https:\/\/www.europesays.com\/no\/wp-json\/wp\/v2\/tags?post=131633"}],"curies":[{"name":"wp","href":"https:\/\/api.w.org\/{rel}","templated":true}]}}