{"id":131637,"date":"2026-01-07T23:53:10","date_gmt":"2026-01-07T23:53:10","guid":{"rendered":"https:\/\/www.europesays.com\/no\/131637\/"},"modified":"2026-01-07T23:53:10","modified_gmt":"2026-01-07T23:53:10","slug":"fletcher-bekrefter-leder-laget-mot-brighton-2","status":"publish","type":"post","link":"https:\/\/www.europesays.com\/no\/131637\/","title":{"rendered":"Fletcher bekrefter: &#8211; Leder laget mot Brighton"},"content":{"rendered":"<p>Det tok ikke mange minuttene f\u00f8r den tilreisende Manchester United-fansen begynte \u00e5 synge for Ole Gunnar Solskj\u00e6r.<\/p>\n<p>Det har v\u00e6rt en krevende siste tid for de r\u00f8de djevlene som til slutt endte i at at\u00a0R\u00faben Amorim <a href=\"https:\/\/www.tv2.no\/sport\/bekreftet-amorim-sparket\/18433082\/\" rel=\"nofollow noopener\" target=\"_blank\">fikk sparken <\/a>mandag.<\/p>\n<p>Etter kampen bekrefter Darren Fletcher til TalkSport at han ogs\u00e5 vil v\u00e6re manager mot Brighton i FA-cupen f\u00f8rstkommende s\u00f8ndag.\u00a0<\/p>\n<p class=\"bold m-bold\" data-lab-font_weight=\"bold\">\u2013 Jeg har snakket med styret og jeg skal lede laget til Brighton-kampen og s\u00e5 skal vi ta det fra der. Det er en kamp av gangen, sier Fletcher, gjengitt av <a href=\"https:\/\/www.nytimes.com\/athletic\/live-blogs\/burnley-manchester-united-live-updates-premier-league-score-result-fletcher\/vqWM3eszxano\/\" rel=\"nofollow noopener\" target=\"_blank\">The Athletic.\u00a0<\/a><\/p>\n<p>Mens fansen for Solskj\u00e6r, var det tungt i startminuttene p\u00e5 Turf Moor.\u00a0<\/p>\n<p>Etter 13 minutter var Ayden Heaven uheldig og satte ballen i eget nett og 1-0 til Burnley.\u00a0<\/p>\n<p>Men like etter pause utlignet Benjamin Sesko, f\u00f8r samme mann snudde kampen for United.\u00a0<\/p>\n<p>\u2013 Det hjelper selvtilliten min, men ogs\u00e5 lagets og det er det viktigste for meg \u00e5 hjelpe laget i alle situasjoner. N\u00e5 har jeg mer selvtillit enn f\u00f8r, s\u00e5 n\u00e5 er det opp til meg og laget og fortsette fremover, sier Sesko til BBC.\u00a0<\/p>\n<p>        <img class=\"image__img lazyload\" itemprop=\"image\" title=\"Foto: Craig Brough \/ Reuters \/ NTB\" alt=\"TO FULLTREFFERE: Sesko snudde kampen for United. Foto: Craig Brough \/ Reuters \/ NTB\" width=\"675\" height=\"439\" bad-src=\"https:\/\/www.europesays.com\/no\/wp-content\/uploads\/2026\/01\/1767829990_534_18442259.webp.jpeg\" fetchpriority=\"auto\" \/><\/p>\n<p>      TO FULLTREFFERE: Sesko snudde kampen for United.<br \/>\n         Foto: Craig Brough \/ Reuters \/ NTB<\/p>\n<p>Jaiden Anthony utlignet for Burnley etter 66 spilte minutter.\u00a0<\/p>\n<p>\u2013 Jeg vet ikke hva Lisandro Mart\u00ednez holder p\u00e5 med, det er grusomt forsvarsspill. Men ikke ta noen ting fra Anthony, han er konsentrert og treffer godt, sier Gary Neville i Sky Sports.\u00a0<\/p>\n<p>Det endte 2-2 i f\u00f8rste kamp for United etter Amorim-sparkingen.<\/p>\n","protected":false},"excerpt":{"rendered":"Det tok ikke mange minuttene f\u00f8r den tilreisende Manchester United-fansen begynte \u00e5 synge for Ole Gunnar Solskj\u00e6r. Det&hellip;\n","protected":false},"author":2,"featured_media":131636,"comment_status":"","ping_status":"","sticky":false,"template":"","format":"standard","meta":{"footnotes":""},"categories":[5],"tags":[20,21,24,25,15,19,22,23,17,18,13,30,28,29,14,16,26,27],"class_list":{"0":"post-131637","1":"post","2":"type-post","3":"status-publish","4":"format-standard","5":"has-post-thumbnail","7":"category-overskrifter","8":"tag-breaking-news","9":"tag-breakingnews","10":"tag-featured-news","11":"tag-featurednews","12":"tag-headlines","13":"tag-hovedoppslag","14":"tag-latest-news","15":"tag-latestnews","16":"tag-main-news","17":"tag-mainnews","18":"tag-news","19":"tag-no","20":"tag-norge","21":"tag-norway","22":"tag-nyheter","23":"tag-overskrifter","24":"tag-top-stories","25":"tag-topstories"},"share_on_mastodon":{"url":"https:\/\/pubeurope.com\/@no\/115856513638384638","error":""},"_links":{"self":[{"href":"https:\/\/www.europesays.com\/no\/wp-json\/wp\/v2\/posts\/131637","targetHints":{"allow":["GET"]}}],"collection":[{"href":"https:\/\/www.europesays.com\/no\/wp-json\/wp\/v2\/posts"}],"about":[{"href":"https:\/\/www.europesays.com\/no\/wp-json\/wp\/v2\/types\/post"}],"author":[{"embeddable":true,"href":"https:\/\/www.europesays.com\/no\/wp-json\/wp\/v2\/users\/2"}],"replies":[{"embeddable":true,"href":"https:\/\/www.europesays.com\/no\/wp-json\/wp\/v2\/comments?post=131637"}],"version-history":[{"count":0,"href":"https:\/\/www.europesays.com\/no\/wp-json\/wp\/v2\/posts\/131637\/revisions"}],"wp:featuredmedia":[{"embeddable":true,"href":"https:\/\/www.europesays.com\/no\/wp-json\/wp\/v2\/media\/131636"}],"wp:attachment":[{"href":"https:\/\/www.europesays.com\/no\/wp-json\/wp\/v2\/media?parent=131637"}],"wp:term":[{"taxonomy":"category","embeddable":true,"href":"https:\/\/www.europesays.com\/no\/wp-json\/wp\/v2\/categories?post=131637"},{"taxonomy":"post_tag","embeddable":true,"href":"https:\/\/www.europesays.com\/no\/wp-json\/wp\/v2\/tags?post=131637"}],"curies":[{"name":"wp","href":"https:\/\/api.w.org\/{rel}","templated":true}]}}