{"id":131638,"date":"2026-01-07T23:55:18","date_gmt":"2026-01-07T23:55:18","guid":{"rendered":"https:\/\/www.europesays.com\/no\/131638\/"},"modified":"2026-01-07T23:55:18","modified_gmt":"2026-01-07T23:55:18","slug":"folk-gar-mann-av-huse-for-a-se-den-nye-filmen-ostlendingen","status":"publish","type":"post","link":"https:\/\/www.europesays.com\/no\/131638\/","title":{"rendered":"Folk g\u00e5r mann av huse for \u00e5 se den nye filmen &#8211; \u00d8stlendingen"},"content":{"rendered":"<ol>\n<li><a href=\"https:\/\/news.google.com\/rss\/articles\/CBMiiAFBVV95cUxPcTloeldEUWpScVdlLXVKNndaLWJnaWV5bnpXaXprcXF3SHY2Slk2OUFEOGxpV3FlMWxVcm5qVFgwMXlLb1NuWm9HakRHX3dkVDlzTVdzd285WUw2Yms0WDVlUUM0eVBEOW1fcWJMUEZkd3NhTGJKenZ2Z3dTSm5yVmRTYnlMZkpx?oc=5\" target=\"_blank\" rel=\"nofollow noopener\">Folk g\u00e5r mann av huse for \u00e5 se den nye filmen<\/a>&nbsp;&nbsp;\u00d8stlendingen<\/li>\n<li><a href=\"https:\/\/news.google.com\/rss\/articles\/CBMixAFBVV95cUxNUEZpQlVMNk1XZ3BUV0lyVEJDd0pIUWRCVm9zc2tqaWJDNzRkVjJkeVhKMVIyUmpNRFlHaTVHQmpVc2drbmRKNWtqNGlreTNLampsTkhORXpDcGluZFVzUDlZWHRMZVNsSHpkTUo5TVdFSk1RRVlNcm93aGFyamlIY190V0ctTy1PWVpVR0VieUNoVlAzU05naWQxMHlCN0hUbnZIeFJONVBKTy1YQjZKLWZnSG9UNDdjSWNnWkdxTlNhQk1J?oc=5\" target=\"_blank\" rel=\"nofollow noopener\">Ny \u00abFl\u00e5klypa\u00bb-film satte rekord \u2013 hadde tidenes st\u00f8rste \u00e5pningsdag for norsk animasjonsfilm<\/a>&nbsp;&nbsp;l-a.no<\/li>\n<li><a href=\"https:\/\/news.google.com\/rss\/articles\/CBMieEFVX3lxTE5XRGdkdmVZUVR3NWNkWGVfMDRqOFFDU0VoS1NvMWxsdXdROEVZN2ljR21Tc0xBRGdIUjNyaWdnU2I0VWdiM2EySkY2SWx3bEU2MF9EWG5HSWNNS3NPOTd3dUwxMFVuWjN3akczWFN3TWtGU1I1TkFiYQ?oc=5\" target=\"_blank\" rel=\"nofollow noopener\">Fl\u00e5klypa-filmen g\u00e5r s\u00e5 det suser<\/a>&nbsp;&nbsp;Arbeidets Rett<\/li>\n<li><a href=\"https:\/\/news.google.com\/rss\/articles\/CBMie0FVX3lxTE0zMF8zc3B2bVNRSXNPVlQyRFh4M2w1S09SSjJjeUNfaXRNajVYRk04S3RPV2FnVFFBVFN4YkstbTZmWE5kcTNRUC1NVnNxWHB2OURibzlWa1BTMm1pdEw0c3ZiVHBvTTdlbnc2dmtZaEFtNEp6cDI3LWE0TQ?oc=5\" target=\"_blank\" rel=\"nofollow noopener\">Fl\u00e5klypa-filmen satte ny rekord<\/a>&nbsp;&nbsp;NRK<\/li>\n<li><a href=\"https:\/\/news.google.com\/rss\/articles\/CBMinwFBVV95cUxNS01wUFFaQWVoX3ppUVIxeVdDVGFsQ1d5WG5PUXRoV1N2a3hraURFellSVVVCOWkzcXNWaXI1Y3NNQkVkYTB3Y3Qtcm5XeFRvSFZfRC1tUWRmUXIzU3dIbEJJdEZaVnJJSEJvTjkxSlg4eU9ueE1FblpXeDFjcW5YLV9uLURRYnJPTlNqeHRrU0Q3RXRDLTlWa29YcFp3SFk?oc=5\" target=\"_blank\" rel=\"nofollow noopener\">Fl\u00e5klypa \u2013 fra Paris til pyramidene p\u00e5 seniorkinoen<\/a>&nbsp;&nbsp;Trysil kommune<\/li>\n<\/ol>\n","protected":false},"excerpt":{"rendered":"Folk g\u00e5r mann av huse for \u00e5 se den nye filmen&nbsp;&nbsp;\u00d8stlendingen Ny \u00abFl\u00e5klypa\u00bb-film satte rekord \u2013 hadde tidenes&hellip;\n","protected":false},"author":2,"featured_media":131639,"comment_status":"","ping_status":"","sticky":false,"template":"","format":"standard","meta":{"footnotes":""},"categories":[58],"tags":[71,30,28,29,72],"class_list":{"0":"post-131638","1":"post","2":"type-post","3":"status-publish","4":"format-standard","5":"has-post-thumbnail","7":"category-underholdning","8":"tag-entertainment","9":"tag-no","10":"tag-norge","11":"tag-norway","12":"tag-underholdning"},"share_on_mastodon":{"url":"https:\/\/pubeurope.com\/@no\/115856521432684059","error":""},"_links":{"self":[{"href":"https:\/\/www.europesays.com\/no\/wp-json\/wp\/v2\/posts\/131638","targetHints":{"allow":["GET"]}}],"collection":[{"href":"https:\/\/www.europesays.com\/no\/wp-json\/wp\/v2\/posts"}],"about":[{"href":"https:\/\/www.europesays.com\/no\/wp-json\/wp\/v2\/types\/post"}],"author":[{"embeddable":true,"href":"https:\/\/www.europesays.com\/no\/wp-json\/wp\/v2\/users\/2"}],"replies":[{"embeddable":true,"href":"https:\/\/www.europesays.com\/no\/wp-json\/wp\/v2\/comments?post=131638"}],"version-history":[{"count":0,"href":"https:\/\/www.europesays.com\/no\/wp-json\/wp\/v2\/posts\/131638\/revisions"}],"wp:featuredmedia":[{"embeddable":true,"href":"https:\/\/www.europesays.com\/no\/wp-json\/wp\/v2\/media\/131639"}],"wp:attachment":[{"href":"https:\/\/www.europesays.com\/no\/wp-json\/wp\/v2\/media?parent=131638"}],"wp:term":[{"taxonomy":"category","embeddable":true,"href":"https:\/\/www.europesays.com\/no\/wp-json\/wp\/v2\/categories?post=131638"},{"taxonomy":"post_tag","embeddable":true,"href":"https:\/\/www.europesays.com\/no\/wp-json\/wp\/v2\/tags?post=131638"}],"curies":[{"name":"wp","href":"https:\/\/api.w.org\/{rel}","templated":true}]}}