{"id":131640,"date":"2026-01-08T00:00:14","date_gmt":"2026-01-08T00:00:14","guid":{"rendered":"https:\/\/www.europesays.com\/no\/131640\/"},"modified":"2026-01-08T00:00:14","modified_gmt":"2026-01-08T00:00:14","slug":"raser-mot-norge-tapelig","status":"publish","type":"post","link":"https:\/\/www.europesays.com\/no\/131640\/","title":{"rendered":"Raser mot Norge: &#8211; T\u00e5pelig"},"content":{"rendered":"<p class=\"kicker \" style=\"\">Trump:<\/p>\n<p>  USAs president Donald Trump uttrykker frustrasjon over at han ikke er tildelt Nobels fredspris.<\/p>\n<p>\n    FRUSTRERT: Donald Trump raser mot Norge etter at han ikke er tildelt Nobels fredspris. Foto: Kevin Lamarque \/ Reuters\n  <\/p>\n<p>I oktober ble det kjent at Nobels fredspris 2025 skulle tildeles\u00a0den venezuelanske opposisjonspolitikeren Maria Corina Machado.\u00a0Det er Den Norske Nobelkomit\u00e9 som deler ut fredsprisen.\u00a0<\/p>\n<p>N\u00e5 uttrykker USAs president Donald Trump frustrasjon over at prisen ikke ble tildelt ham.<\/p>\n<p class=\"font-weight-bold m-font-weight-bold\" data-lab-font_weight=\"font-weight-bold\">&#8211; Husk at jeg egenhendig avsluttet \u00e5tte kriger og Norge, et Nato-medlem, t\u00e5pelig nok valgte \u00e5 ikke gi meg Nobels fredspris. Men det betyr ingenting!\u00a0<\/p>\n<p>Det skriver presidenten p\u00e5 <a href=\"https:\/\/truthsocial.com\/@realDonaldTrump\/posts\/115854352740910460\" target=\"_blank\" rel=\"nofollow noopener\">Truth Social<\/a> onsdag.<\/p>\n<p>&#8211; Vi kommer alltid til \u00e5 v\u00e6re der for Nato selv om de ikke alltid er der for oss, skriver han videre.<\/p>\n<p>Kommunikasjonssjef ved Det Norske Nobelinstitutt, Erik Aasheim, opplyser til Dagbladet at instituttet\u00a0\u00abaldri kommenterer noens angivelige kandidatur\u00bb og presiserer at hvem som blir nominert til prisen er hemmelig i 50 \u00e5r.<\/p>\n<p class=\"font-weight-bold m-font-weight-bold\" data-lab-font_weight=\"font-weight-bold\">Fredsprisvinneren, som ble tildelt prisen i desember, var nominert av Trumps utenriksminister Marco Rubio. Da hun vant, sa Machado at hun skulle ta imot prisen i Trumps navn.\u00a0<\/p>\n<p>        <img loading=\"lazy\" decoding=\"async\" src=\"https:\/\/www.europesays.com\/no\/wp-content\/uploads\/2026\/01\/84068102.webp.webp\" width=\"980\" height=\"559\" title=\"FREDSPRISVINNER: Fredsprisvinner Maria Corina Machado. Foto: Bj\u00f8rn Langsem \/ Dagbladet\" alt=\"\" class=\"\" style=\"--aspect-ratio-image: 1.75; \"\/><\/p>\n<p>\n        FREDSPRISVINNER: Fredsprisvinner Maria Corina Machado. Foto: Bj\u00f8rn Langsem \/ Dagbladet\n    <\/p>\n<p class=\"font-weight-bold m-font-weight-bold\" data-lab-font_weight=\"font-weight-bold\"> L\u00f8rdag gikk USA til angrep mot Venezuela og tok president Nicol\u00e1s\u00a0Maduro og hans kone til fange etter flere m\u00e5neder med trusler og politisk press. <\/p>\n<p class=\"font-weight-normal m-font-weight-normal\" data-lab-font_weight=\"font-weight-normal\"> Machado har selv takket Trump og den amerikanske regjeringen for \u00e5 ha bortf\u00f8rt Maduro.<\/p>\n<p class=\"font-weight-bold m-font-weight-bold\" data-lab-font_weight=\"font-weight-bold\">&#8211; Vi venezuelanere takker president Donald Trump og hans administrasjon for deres besluttsomhet i \u00e5 h\u00e5ndheve loven, skrev Corina Machado i en melding i\u00a0<a href=\"https:\/\/x.com\/MariaCorinaYA\/status\/2008188458922049899\" target=\"_blank\" rel=\"nofollow\">sosiale medier<\/a>\u00a0tidligere denne uka.<\/p>\n<p> &#8211; Friheten til Venezuela er n\u00e6r, og snart vil vi feire p\u00e5 v\u00e5r egen jord. Vi vil rope, be og omfavne hverandre som en familie, fordi barna v\u00e5re skal komme hjem, skrev hun videre.\u00a0<\/p>\n<p>P\u00e5 en pressekonferanse l\u00f8rdag kunngjorde Trump at USA skal styre Venezuela \u00abtil vi kan gjennomf\u00f8re en trygg, korrekt og veloverveid overgang\u00bb. Samtidig avviste presidenten kontakt med Machado.<\/p>\n<p>    <a itemprop=\"url\" href=\"https:\/\/www.dagbladet.no\/nyheter\/den-ultimate-synd\/84055401\" rel=\"nofollow noopener\" target=\"_blank\"><\/p>\n<p>        <img loading=\"lazy\" decoding=\"async\" src=\"https:\/\/www.europesays.com\/no\/wp-content\/uploads\/2026\/01\/1767830414_595_83968375.webp.webp\" width=\"980\" height=\"441\" title=\"Tatt p\u00e5 senga av kommentar: - Den ultimate synd\" alt=\"\" class=\"lazyload\" style=\"--aspect-ratio-image: 2.22; \"\/><\/p>\n<p>        Tatt p\u00e5 senga av kommentar: &#8211; Den ultimate synd<\/p>\n<p>    <\/a><\/p>\n","protected":false},"excerpt":{"rendered":"Trump: USAs president Donald Trump uttrykker frustrasjon over at han ikke er tildelt Nobels fredspris. FRUSTRERT: Donald Trump&hellip;\n","protected":false},"author":2,"featured_media":131641,"comment_status":"","ping_status":"","sticky":false,"template":"","format":"standard","meta":{"footnotes":""},"categories":[5],"tags":[20,21,55,24,25,7684,15,19,22,23,17,18,13,30,28,29,14,16,26,27,412],"class_list":{"0":"post-131640","1":"post","2":"type-post","3":"status-publish","4":"format-standard","5":"has-post-thumbnail","7":"category-overskrifter","8":"tag-breaking-news","9":"tag-breakingnews","10":"tag-donald-trump","11":"tag-featured-news","12":"tag-featurednews","13":"tag-fredspris","14":"tag-headlines","15":"tag-hovedoppslag","16":"tag-latest-news","17":"tag-latestnews","18":"tag-main-news","19":"tag-mainnews","20":"tag-news","21":"tag-no","22":"tag-norge","23":"tag-norway","24":"tag-nyheter","25":"tag-overskrifter","26":"tag-top-stories","27":"tag-topstories","28":"tag-utenriks"},"share_on_mastodon":{"url":"https:\/\/pubeurope.com\/@no\/115856541173313202","error":""},"_links":{"self":[{"href":"https:\/\/www.europesays.com\/no\/wp-json\/wp\/v2\/posts\/131640","targetHints":{"allow":["GET"]}}],"collection":[{"href":"https:\/\/www.europesays.com\/no\/wp-json\/wp\/v2\/posts"}],"about":[{"href":"https:\/\/www.europesays.com\/no\/wp-json\/wp\/v2\/types\/post"}],"author":[{"embeddable":true,"href":"https:\/\/www.europesays.com\/no\/wp-json\/wp\/v2\/users\/2"}],"replies":[{"embeddable":true,"href":"https:\/\/www.europesays.com\/no\/wp-json\/wp\/v2\/comments?post=131640"}],"version-history":[{"count":0,"href":"https:\/\/www.europesays.com\/no\/wp-json\/wp\/v2\/posts\/131640\/revisions"}],"wp:featuredmedia":[{"embeddable":true,"href":"https:\/\/www.europesays.com\/no\/wp-json\/wp\/v2\/media\/131641"}],"wp:attachment":[{"href":"https:\/\/www.europesays.com\/no\/wp-json\/wp\/v2\/media?parent=131640"}],"wp:term":[{"taxonomy":"category","embeddable":true,"href":"https:\/\/www.europesays.com\/no\/wp-json\/wp\/v2\/categories?post=131640"},{"taxonomy":"post_tag","embeddable":true,"href":"https:\/\/www.europesays.com\/no\/wp-json\/wp\/v2\/tags?post=131640"}],"curies":[{"name":"wp","href":"https:\/\/api.w.org\/{rel}","templated":true}]}}