{"id":131642,"date":"2026-01-08T00:02:08","date_gmt":"2026-01-08T00:02:08","guid":{"rendered":"https:\/\/www.europesays.com\/no\/131642\/"},"modified":"2026-01-08T00:02:08","modified_gmt":"2026-01-08T00:02:08","slug":"bella-hadid-vil-se-dodsbra-ut","status":"publish","type":"post","link":"https:\/\/www.europesays.com\/no\/131642\/","title":{"rendered":"Bella Hadid vil se D\u00d8Dsbra ut"},"content":{"rendered":"<p>The Beauty fra serie\u00abmesteren\u00bb Ryan Murphy og FX er klar p\u00e5 Disney+.<\/p>\n<p>Liker du <a href=\"https:\/\/730.no\/besvimte-pa-kinopremiere-i-oslo\/\" rel=\"nofollow noopener\" target=\"_blank\">The Substance?<\/a> Da kan The Beauty v\u00e6re din vakre tekopp.<\/p>\n<p>B\u00e5de den kontroversielle body horror-suksessen og den nye FX-serien til Ryan Murphy handler om skj\u00f8nnhet som noe kunstig, kommersielt og potensielt destruktivt.<\/p>\n<p>Dessuten satiriserer begge skj\u00f8nnhetsindustrien, kroppspress og besettelse av perfeksjon.<\/p>\n<p>The Substance er dog mer ekstrem og psykologisk, med fokus p\u00e5 identitet, aldring og selvhat.<\/p>\n<p>The Beauty \u00f8nsker \u00e5 v\u00e6re samfunnsorientert og konseptuell.<\/p>\n<p>I TV-serien kan skj\u00f8nnhet overf\u00f8res som en slags kj\u00f8nnssykdom, med makt, kapitalisme og kriminalitet som andre r\u00f8de tr\u00e5der.<\/p>\n<p><img loading=\"lazy\" decoding=\"async\" aria-describedby=\"caption-attachment-311527\" class=\"size-full wp-image-311527\" src=\"https:\/\/www.europesays.com\/no\/wp-content\/uploads\/2026\/01\/the-beauty-evan-peters-rebecca-hall-ryan-murphy-bella-hadid-disney-plus.jpg\" alt=\"the beauty evan peters rebecca hall ryan murphy bella hadid disney plus\" width=\"1582\" height=\"944\"  \/><\/p>\n<p id=\"caption-attachment-311527\" class=\"wp-caption-text\">Evan Peters og Rebecca Hall som FBI-agenter i The Beauty (FX\/Hulu\/Disney+)<\/p>\n<p>I den over the top visuelle traileren til The Beauty starter med \u00e5 vise en tech-milliard\u00e6r som annonserer at han har funnet et mirakeldop (d\u00f8pt The Beauty) som gj\u00f8r alle fysisk perfekte.<\/p>\n<p>\u00abOne shot makes you hot.\u00bb<\/p>\n<p>Men i likhet med The Substance inneb\u00e6rer det selvf\u00f8lgelig groteske bivirkninger som f\u00f8rer til grusomme transformasjoner.<\/p>\n<p>I den kliss nye traileren f\u00e5r vi se Bella Hadid som sliter som supermodellen Ruby.<\/p>\n<p>Ashton Kutcher (That \u201970s Show) har rollen som den kleine milliard\u00e6ren.<\/p>\n<p>FBI-agentene som settes p\u00e5 saken spilles av Evan Peters (Jeffrey Dahmer i Ryan Murhpy-serien Monster sesong 1) og Rebecca Hall (<a href=\"https:\/\/730.no\/monster-sesong-4-skal-handle-om-denne-gufne-historien\/\" rel=\"nofollow noopener\" target=\"_blank\">kommende Monster sesong 4<\/a>).<\/p>\n<p>De m\u00e5 blant annet bryne seg p\u00e5 en leiemorder via Anthony Ramos (A Star Is Born), mens Jeremy Pope (Ryan Murphy-serien <a href=\"https:\/\/730.no\/hollywood-netflix-serie-ryan-murphy\/\" rel=\"nofollow noopener\" target=\"_blank\">Hollywood<\/a>) er en sivil som blir dratt inn i kaoset.<\/p>\n<p><img loading=\"lazy\" decoding=\"async\" aria-describedby=\"caption-attachment-311520\" class=\"size-full wp-image-311520\" src=\"https:\/\/www.europesays.com\/no\/wp-content\/uploads\/2026\/01\/lux-pascal-the-beauty-pedro-pascal-.jpg\" alt=\"lux pascal the beauty pedro pascal fx show\" width=\"746\" height=\"980\"  \/><\/p>\n<p id=\"caption-attachment-311520\" class=\"wp-caption-text\">Lux Pascal (Javier Lo\u0301pez)<\/p>\n<p><strong>Se ogs\u00e5 opp for <a href=\"https:\/\/730.no\/avskyelig-tapersk-oppforsel\/\" rel=\"nofollow noopener\" target=\"_blank\">nepos\u00f8ster Lux Pascal<\/a> (som har Pedro storebror), <a href=\"https:\/\/730.no\/nepobaby-topp-16\/\" rel=\"nofollow noopener\" target=\"_blank\">nepobaby Amelia Gray<\/a>, nepobaby-veteran Isabella Rossellini og nepo-ish Nicola Peltz Beckham.<\/strong><\/p>\n<p>Samt Meghan Trainor, Peter Gallagher og (tidligere Miss Connecticut) Jacqueline Honulik.<\/p>\n<p>The Beauty kan bli sett av betrakterens \u00f8ye fra 22. januar.<\/p>\n<p>I Norge vises FX-serien til Hulu hos Disney+.<\/p>\n","protected":false},"excerpt":{"rendered":"The Beauty fra serie\u00abmesteren\u00bb Ryan Murphy og FX er klar p\u00e5 Disney+. Liker du The Substance? Da kan&hellip;\n","protected":false},"author":2,"featured_media":131643,"comment_status":"","ping_status":"","sticky":false,"template":"","format":"standard","meta":{"footnotes":""},"categories":[58],"tags":[15236,15237,15238,6129,15239,374,5330,15240,71,15241,531,15242,15243,15244,15245,15246,15247,15248,11328,15249,30,28,29,15250,15251,3569,6680,15252,15253,15254,15255,15256,15257,792,72,15258],"class_list":{"0":"post-131642","1":"post","2":"type-post","3":"status-publish","4":"format-standard","5":"has-post-thumbnail","7":"category-underholdning","8":"tag-ari-graynor","9":"tag-ashton-kutcher","10":"tag-beauty","11":"tag-bella-hadid","12":"tag-billy-eichner","13":"tag-disney","14":"tag-drama","15":"tag-emma-halleen","16":"tag-entertainment","17":"tag-fx","18":"tag-hulu","19":"tag-jacqueline-honulik","20":"tag-jaquel-spivey","21":"tag-jeremy-pope","22":"tag-jessica-alexander","23":"tag-john-carroll-lynch","24":"tag-jon-jon-briones","25":"tag-julie-halston","26":"tag-meghan-trainor","27":"tag-modell","28":"tag-no","29":"tag-norge","30":"tag-norway","31":"tag-paige-mcgarvin","32":"tag-peter-gallagher","33":"tag-ryan-murphy","34":"tag-skjonnhet","35":"tag-skjonnhetsideal","36":"tag-sky-kawai","37":"tag-supermodell","38":"tag-swanmy-sampaio","39":"tag-tessa-anderson","40":"tag-toppmodell","41":"tag-tv-serie","42":"tag-underholdning","43":"tag-vincent-donofrio"},"share_on_mastodon":{"url":"https:\/\/pubeurope.com\/@no\/115856549171845890","error":""},"_links":{"self":[{"href":"https:\/\/www.europesays.com\/no\/wp-json\/wp\/v2\/posts\/131642","targetHints":{"allow":["GET"]}}],"collection":[{"href":"https:\/\/www.europesays.com\/no\/wp-json\/wp\/v2\/posts"}],"about":[{"href":"https:\/\/www.europesays.com\/no\/wp-json\/wp\/v2\/types\/post"}],"author":[{"embeddable":true,"href":"https:\/\/www.europesays.com\/no\/wp-json\/wp\/v2\/users\/2"}],"replies":[{"embeddable":true,"href":"https:\/\/www.europesays.com\/no\/wp-json\/wp\/v2\/comments?post=131642"}],"version-history":[{"count":0,"href":"https:\/\/www.europesays.com\/no\/wp-json\/wp\/v2\/posts\/131642\/revisions"}],"wp:featuredmedia":[{"embeddable":true,"href":"https:\/\/www.europesays.com\/no\/wp-json\/wp\/v2\/media\/131643"}],"wp:attachment":[{"href":"https:\/\/www.europesays.com\/no\/wp-json\/wp\/v2\/media?parent=131642"}],"wp:term":[{"taxonomy":"category","embeddable":true,"href":"https:\/\/www.europesays.com\/no\/wp-json\/wp\/v2\/categories?post=131642"},{"taxonomy":"post_tag","embeddable":true,"href":"https:\/\/www.europesays.com\/no\/wp-json\/wp\/v2\/tags?post=131642"}],"curies":[{"name":"wp","href":"https:\/\/api.w.org\/{rel}","templated":true}]}}