{"id":131644,"date":"2026-01-08T00:03:04","date_gmt":"2026-01-08T00:03:04","guid":{"rendered":"https:\/\/www.europesays.com\/no\/131644\/"},"modified":"2026-01-08T00:03:04","modified_gmt":"2026-01-08T00:03:04","slug":"lg-avslorte-splitter-ny-micro-rgb-tv-pa-100-tommer-sniktitt","status":"publish","type":"post","link":"https:\/\/www.europesays.com\/no\/131644\/","title":{"rendered":"LG avsl\u00f8rte splitter ny Micro RGB-TV p\u00e5 100 tommer &#8211; Sniktitt"},"content":{"rendered":"<p class=\"cM\" data-clearfix=\"false\">Og de trekker frem en gammel kjenning som toppmodell for OLED-TV-ene. <\/p>\n<p><img loading=\"lazy\" width=\"7302\" height=\"4107\" decoding=\"async\" data-nimg=\"1\" class=\"gM\" style=\"color:transparent\"   src=\"https:\/\/www.europesays.com\/no\/wp-content\/uploads\/2026\/01\/904223e9-ca29-45aa-9b5c-bc5d49dc7d50.jpeg\"\/><\/p>\n<p>KameraStein Jarle Olsen \/ Tek.no<\/p>\n<p><a class=\"ug\" href=\"https:\/\/www.tek.no\/skribenter\/cd8242de-66d4-4e31-99a1-c4170b1737da\/ole-henrik-johansen\" rel=\"nofollow noopener\" target=\"_blank\"><img alt=\"Ole Henrik Johansen\" loading=\"lazy\" width=\"60\" height=\"60\" decoding=\"async\" data-nimg=\"1\" class=\"ui\" style=\"color:transparent\"  src=\"https:\/\/www.europesays.com\/no\/wp-content\/uploads\/2026\/01\/1767830583_722_488ff279-5c8b-4595-bdcd-66aacdbc98d0.jpeg\"\/><\/a>Lagre<img decoding=\"async\" alt=\"\" aria-hidden=\"true\" src=\"https:\/\/chart.googleapis.com\/chart?choe=UTF-8&amp;chl=https:\/\/www.tek.no\/nyheter\/sniktitt\/i\/m0Rk3g\/lg-avsloerte-splitter-ny-micro-rgb-tv-paa-100-tommer&amp;chs=100x100&amp;cht=qr&amp;chld=L|0\"\/><\/p>\n<p class=\"hS\" data-clearfix=\"false\">Tek.no \/ Las Vegas: LG lanserer en rekke nye TV-er under CES-messen i Las Vegas, og blant mange nye OLED-modeller finner vi ogs\u00e5 en TV med den nye Micro RGB-teknologien til selskapet. <\/p>\n<p class=\"hS\" data-clearfix=\"false\">Med andre ord er det ikke bare Samsung som vil friste med det som er siste skrik innen LCD-TV-er, selv om LG sin modell \u00abbare\u00bb stopper p\u00e5 100 tommer \u2013 hvilket er <a class=\"qh ke\" href=\"https:\/\/www.tek.no\/nyheter\/sniktitt\/i\/ExWrno\/samsung-avsloerte-gigantisk-micro-rgb-tv\" rel=\"noopener nofollow\" target=\"_blank\">30 tommer mindre enn Samsungs helt nye gigant<\/a>. <\/p>\n<p class=\"hS\" data-clearfix=\"false\">Men, selv om LG ikke vil si noe om prisen, tror jeg du ikke skal bli overrasket om selv denne 100-tommeren vil koste deg godt over seks sifre. <\/p>\n<p><a class=\"gI\" href=\"http:\/\/www.tek.no\/nyheter\/sniktitt\/i\/m0Rk3g\/lg-avsloerte-splitter-ny-micro-rgb-tv-paa-100-tommer#micro-rgb-utrolig-fargegjengivelse\" rel=\"nofollow noopener\" target=\"_blank\">Micro RGB: Utrolig fargegjengivelse <\/a><img loading=\"lazy\" width=\"4656\" height=\"2619\" decoding=\"async\" data-nimg=\"1\" class=\"gM\" style=\"color:transparent\"   src=\"https:\/\/www.europesays.com\/no\/wp-content\/uploads\/2026\/01\/39a7d0ea-9637-4afb-8269-157fd2ec027e.jpeg\"\/><\/p>\n<p>KameraOle Henrik Johansen \/ Tek.no<\/p>\n<p class=\"hS\" data-clearfix=\"false\">Ved f\u00f8rste \u00f8yekast er det lite tvil om at denne TV-en har masse lysstyrke p\u00e5 lager. Det som er mer imponerende er nok fargene den klarer \u00e5 gjengi. For mens vanlige OLED- og LCD-TV-er har mer en nok med \u00e5 n\u00e6rme seg full gjengivelse av P3-fargerommet, klarer denne skjermen fremtidens fargerom BT. 2020.<\/p>\n<p class=\"hS\" data-clearfix=\"false\">Det er med andre ord lite du kan se p\u00e5 som er laget i dette fargerommet enn\u00e5, men vi blir st\u00e5ende og begeistre demosnutten som sklir over denne TV-en. <\/p>\n<p class=\"hS\" data-clearfix=\"false\">LG vil naturlig nok ikke si noe om n\u00f8yaktig hvor mange dimmingsoner denne TV-en har, men de kan i det minste avsl\u00f8re at det er godt over tusen. Og ut ifra hva vi kan se av den lyssterke demoen, virker det som det nok stemmer godt. <\/p>\n<p class=\"hS\" data-clearfix=\"false\">TV-en har naturlig vis den nyeste prosessoren fra LG, Alpha 11, samt at LG opplyser at skjermen skal kunne gjengi opp til 165 bilder i sekundet i 4K. Modellen har f\u00e5tt navnet MRGB95, og skal alts\u00e5 komme i st\u00f8rrelsene 75, 86 og 100 tommer. <\/p>\n<p class=\"hS\" data-clearfix=\"false\">Men hvilke av modellene som kommer til Norge, og ikke minst hva de vil koste, er det ingen p\u00e5 standen som kan svare oss p\u00e5. Men billig blir det neppe. <\/p>\n<p><a class=\"gI\" href=\"http:\/\/www.tek.no\/nyheter\/sniktitt\/i\/m0Rk3g\/lg-avsloerte-splitter-ny-micro-rgb-tv-paa-100-tommer#lg-oled-w6-g6-og-c6\" rel=\"nofollow noopener\" target=\"_blank\">LG OLED W6, G6 og C6<\/a><img alt=\"LG tar tilbake sitt wallpaperkonsept i form av nye W6\" loading=\"lazy\" width=\"8192\" height=\"4608\" decoding=\"async\" data-nimg=\"1\" class=\"gM\" style=\"color:transparent\"   src=\"https:\/\/www.europesays.com\/no\/wp-content\/uploads\/2026\/01\/adb4232a-d2ce-445a-83f7-9a6533490704.jpeg\"\/><\/p>\n<p class=\"kt\">LG tar tilbake sitt wallpaperkonsept i form av nye W6<\/p>\n<p>KameraStein Jarle Olsen \/ Tek.no<\/p>\n<p class=\"hS\" data-clearfix=\"false\">Selv om Micro RGB-modellen naturlig nok f\u00e5r mye oppmerksomhet siden det er snakk om en helt ny teknologi, er det likevel ingen tvil om at LG ikke har ligget p\u00e5 latsiden med tanke p\u00e5 nye OLED-modeller heller. <\/p>\n<p class=\"hS\" data-clearfix=\"false\">Og den st\u00f8rste overraskelsen er neppe at \u00e5rets modeller har tallet 6 i seg, siden fjor\u00e5rets modeller hadde 5, men heller det at W-modellen, eller wallpaper om du vil, er tilbake i OLED-portef\u00f8ljen til LG. <\/p>\n<p class=\"hS\" data-clearfix=\"false\">Selskapet kan ogs\u00e5 avsl\u00f8re at prisen n\u00e5 skal v\u00e6re langt mer spiselig enn forrige gang de hadde tilsvarende W-modell i lineupen sin. <\/p>\n<p class=\"hS\" data-clearfix=\"false\">\u00c5rets OLED W6 vil f\u00e5 det samme panelet som \u00ablillebror\u00bb G6. Med andre ord f\u00e5r du siste skrik innen s\u00e5kalt tandembaserte OLED-paneler, og noe som resulterer i et meget lyssterkt panel. N\u00f8yaktige tall f\u00e5r vi ikke vite, men for G-seriens del skal \u00e5rets G6 v\u00e6re omtrent 20 prosent mer lyssterk enn fjor\u00e5rets G5. S\u00e5 det vil etter alle solemerker ogs\u00e5 gjelde for W-serien. <\/p>\n<p><img alt=\"Her ser du LGs nye G6. \" loading=\"lazy\" width=\"6238\" height=\"3509\" decoding=\"async\" data-nimg=\"1\" class=\"gM\" style=\"color:transparent\"   src=\"https:\/\/www.europesays.com\/no\/wp-content\/uploads\/2026\/01\/4aa3fb9e-ac2b-41f2-b1bb-f93a641d2008.jpeg\"\/><\/p>\n<p>KameraOle Henrik Johansen \/ Tek.no<\/p>\n<p class=\"hS\" data-clearfix=\"false\">En av forskjellene mellom W- og G-serien er alts\u00e5 at f\u00f8rstnevnte utelukkende kan henges p\u00e5 veggen. Og det er bare en tynn str\u00f8mkabel som g\u00e5r opp til selve skjermen. Resten av tilkoblingene vil g\u00e5 via en boks som sender signalene videre tr\u00e5dl\u00f8st. <\/p>\n<p class=\"hS\" data-clearfix=\"false\">Etter hva vi erfarer skal dessuten b\u00e5de W6 og G6 f\u00e5 et panel du kan spille p\u00e5 med inntil 165 bilder i sekundet, samt at du f\u00e5r st\u00f8tte for Dolby Atmos Flex-connect. En l\u00f8sning hvor du kan justere tr\u00e5dl\u00f8se h\u00f8yttalere slik at lyden tilpasses slik du har det hjemme. <\/p>\n<p class=\"hS\" data-clearfix=\"false\">En av tingene vi legger merke til med disse to modellene, er at LG \u00e5penbart har jobbet en del med gjenskinn. For mens G5 hadde noe, m\u00e5 vi si at G6-skjermen som henger ved siden av har betydelig mindre gjenskinn. S\u00e5 denne l\u00f8sningen vil ogs\u00e5 komme W6 til gode. <\/p>\n<p class=\"hS\" data-clearfix=\"false\">Den nye W6-modellen skal komme i 77 eller 83 tommer, men prisene er ikke kjent. <\/p>\n<p class=\"hS\" data-clearfix=\"false\">OLED G6 p\u00e5 sin side vil lages i langt flere st\u00f8rrelse; 48, 55, 65, 77, 83 og 97 tommer. Men heller ikke her er prisen kjent. <\/p>\n<p><a class=\"gI\" href=\"http:\/\/www.tek.no\/nyheter\/sniktitt\/i\/m0Rk3g\/lg-avsloerte-splitter-ny-micro-rgb-tv-paa-100-tommer#oled-c6\" rel=\"nofollow noopener\" target=\"_blank\">OLED C6<\/a><img alt=\"LGs nye C6 skal f\u00e5 samme panelet som storebror G6 i de to st\u00f8rste variantene. \" loading=\"lazy\" width=\"7492\" height=\"4214\" decoding=\"async\" data-nimg=\"1\" class=\"gM\" style=\"color:transparent\"   src=\"https:\/\/www.europesays.com\/no\/wp-content\/uploads\/2026\/01\/7922d9e6-2816-4b8c-9a10-3e6cfd04f0d4.jpeg\"\/><\/p>\n<p class=\"kt\">LGs nye C6 skal f\u00e5 samme panelet som storebror G6 i de to st\u00f8rste variantene. <\/p>\n<p>KameraOle Henrik Johansen \/ Tek.no<\/p>\n<p class=\"hS\" data-clearfix=\"false\">Ikke helt uventet er ogs\u00e5 C-serien oppdatert i \u00e5r. Dette er den serien som ofte har gitt deg mest valuta for pengene, eller en slags folkmodell om du vil. <\/p>\n<p class=\"hS\" data-clearfix=\"false\">Og ut ifra det vi f\u00e5r opplyst s\u00e5 vil de to st\u00f8rste variantene av denne modellen komme med det samme panelet som G-serien \u2013 men uten det ekstra gode antirefleksbelegget. <\/p>\n<p class=\"hS\" data-clearfix=\"false\">For de mindre modellene f\u00e5r du fortsatt et godt panel, men det vil ikke v\u00e6re et tilsvarende tandembasert panel som G-serien og de to st\u00f8rste modellene i C-serien f\u00e5r. <\/p>\n<p class=\"hS\" data-clearfix=\"false\">LG sier ikke noe eksakt om lysstyrken, men det er ganske \u00e5penbart at ogs\u00e5 denne serien har ganske godt med lysstyrke \u00e5 by p\u00e5, selv om den ikke er like kraftig som storebroren G6 som henger ved siden av. <\/p>\n<p class=\"hS\" data-clearfix=\"false\">Ogs\u00e5 C6 f\u00e5r den nye Alpha 11-prosessoren, og ikke minst mange av de samme gaming-funksjonene som storebr\u00f8drene har. <\/p>\n<p class=\"hS\" data-clearfix=\"false\">Igjen aner vi ikke noe om prisene, men skal lages i 42, 48, 55, 65, 77 og 83 tommer. <\/p>\n","protected":false},"excerpt":{"rendered":"Og de trekker frem en gammel kjenning som toppmodell for OLED-TV-ene. KameraStein Jarle Olsen \/ Tek.no Lagre Tek.no&hellip;\n","protected":false},"author":2,"featured_media":131645,"comment_status":"","ping_status":"","sticky":false,"template":"","format":"standard","meta":{"footnotes":""},"categories":[57],"tags":[30,28,29,65,63,64,66,70,69,67,68],"class_list":{"0":"post-131644","1":"post","2":"type-post","3":"status-publish","4":"format-standard","5":"has-post-thumbnail","7":"category-vitenskap-og-teknologi","8":"tag-no","9":"tag-norge","10":"tag-norway","11":"tag-science","12":"tag-science-and-technology","13":"tag-scienceandtechnology","14":"tag-technology","15":"tag-teknologi","16":"tag-vitenskap","17":"tag-vitenskap-og-teknologi","18":"tag-vitenskapteknologi"},"share_on_mastodon":{"url":"https:\/\/pubeurope.com\/@no\/115856552986698005","error":""},"_links":{"self":[{"href":"https:\/\/www.europesays.com\/no\/wp-json\/wp\/v2\/posts\/131644","targetHints":{"allow":["GET"]}}],"collection":[{"href":"https:\/\/www.europesays.com\/no\/wp-json\/wp\/v2\/posts"}],"about":[{"href":"https:\/\/www.europesays.com\/no\/wp-json\/wp\/v2\/types\/post"}],"author":[{"embeddable":true,"href":"https:\/\/www.europesays.com\/no\/wp-json\/wp\/v2\/users\/2"}],"replies":[{"embeddable":true,"href":"https:\/\/www.europesays.com\/no\/wp-json\/wp\/v2\/comments?post=131644"}],"version-history":[{"count":0,"href":"https:\/\/www.europesays.com\/no\/wp-json\/wp\/v2\/posts\/131644\/revisions"}],"wp:featuredmedia":[{"embeddable":true,"href":"https:\/\/www.europesays.com\/no\/wp-json\/wp\/v2\/media\/131645"}],"wp:attachment":[{"href":"https:\/\/www.europesays.com\/no\/wp-json\/wp\/v2\/media?parent=131644"}],"wp:term":[{"taxonomy":"category","embeddable":true,"href":"https:\/\/www.europesays.com\/no\/wp-json\/wp\/v2\/categories?post=131644"},{"taxonomy":"post_tag","embeddable":true,"href":"https:\/\/www.europesays.com\/no\/wp-json\/wp\/v2\/tags?post=131644"}],"curies":[{"name":"wp","href":"https:\/\/api.w.org\/{rel}","templated":true}]}}