{"id":131646,"date":"2026-01-08T00:05:14","date_gmt":"2026-01-08T00:05:14","guid":{"rendered":"https:\/\/www.europesays.com\/no\/131646\/"},"modified":"2026-01-08T00:05:14","modified_gmt":"2026-01-08T00:05:14","slug":"vil-ikke-ha-ham-her","status":"publish","type":"post","link":"https:\/\/www.europesays.com\/no\/131646\/","title":{"rendered":"\u2013 Vil ikke ha ham her"},"content":{"rendered":"\n<p class=\"_lead_o9xde_2 _lead_xtcu6_50 layout-component text-serif-m layout-normal text-serif-l layout-component layout-wide layout-padded _wide_17hqh_1 layout-padded\">USAs president er blitt et hatobjekt for flere etter angrepet p\u00e5 Venezuela. <\/p>\n<p><img alt=\"Demonstrantene i C\u00facuta i Colombia lever med Venezeula som n\u00e6rmeste nabo. Flere frykter de blir neste ut. Foto: Thomas Nilsson \/ VG\" class=\"_image_qp4xg_65 layout-component layout-wide\" data-fullscreen- data-track-element-type=\"Article image fullscreen\" data-track-name=\"ImageFullscreen\" fetchpriority=\"high\" decoding=\"sync\" loading=\"eager\" height=\"2533\" itemprop=\"image\"  src=\"https:\/\/www.europesays.com\/no\/wp-content\/uploads\/2026\/01\/ee7dcab9-1e3e-411f-a05b-a8effc3fd702.png\"  style=\"object-position:0% 0%\" width=\"3800\"\/>Demonstrantene i C\u00facuta i Colombia lever med Venezeula som n\u00e6rmeste nabo. Flere frykter de blir neste ut. Foto: Thomas Nilsson \/ VG<\/p>\n<ul aria-hidden=\"true\" class=\"_images_ntbth_112\">\n<li><a class=\"_link_ntbth_117\" href=\"https:\/\/www.vg.no\/forfatter\/ingeborg-huse-amundsen\" style=\"z-index:2\" title=\"Ingeborg Huse Amundsen\" rel=\"nofollow noopener\" target=\"_blank\"><img alt=\"Bilde av Ingeborg Huse Amundsen\" class=\"_image_ntbth_93\" fetchpriority=\"low\" loading=\"lazy\" decoding=\"async\" itemprop=\"image\"  src=\"https:\/\/www.europesays.com\/no\/wp-content\/uploads\/2026\/01\/4b6c40fe-917f-48d3-8cf1-7b5bf452cba0.jpeg\"  width=\"480\"\/><\/a><\/li>\n<li><a class=\"_link_ntbth_117\" href=\"https:\/\/www.vg.no\/forfatter\/thomas-nilsson-foto-2\" style=\"z-index:1\" title=\"Thomas Nilsson (foto)\" rel=\"nofollow noopener\" target=\"_blank\"><img alt=\"Bilde av Thomas Nilsson (foto)\" class=\"_image_ntbth_93\" fetchpriority=\"low\" loading=\"lazy\" decoding=\"async\" itemprop=\"image\"  src=\"https:\/\/www.europesays.com\/no\/wp-content\/uploads\/2026\/01\/a15e2d6e-7854-4925-af47-4ad7e64a38da.jpeg\"  width=\"480\"\/><\/a><\/li>\n<\/ul>\n<p>Rapporterer fra C\u00facuta, Colombia  Oppdatert onsdag 7. januar kl. 23:34    <\/p>\n<ul class=\"_list_o9xde_3 _list_64s2r_85 _unordered_o9xde_106 text-sans-m\">\n<li class=\"_item_o9xde_30\">Over hele Colombia er det protester mot USAs president Donald Trump.<\/li>\n<li class=\"_item_o9xde_30\">Colombias president Gustavo Petro anklager Trump for trusler mot landets suverenitet.<\/li>\n<li class=\"_item_o9xde_30\">Demonstranter frykter at Trump vil g\u00e5 til milit\u00e6rt angrep etter aksjonene i Venezuela.<\/li>\n<\/ul>\n<p>Vis mer <\/p>\n<p class=\"_paragraph_o9xde_4 _paragraph_xtcu6_10 layout-component text-serif-m layout-normal text-serif-m layout-padded\">I den colombianske grensebyen C\u00facuta samler folk seg i protest mot Donald Trump onsdag kveld. De roper slagord som \u00abLeve <a href=\"https:\/\/www.vg.no\/tag\/colombia?utm_source=vg-article&amp;utm_medium=auto-tagger&amp;utm_campaign=xrPGQG\" class=\"_link_o9xde_39\" rel=\"nofollow noopener\" target=\"_blank\">Colombia<\/a>, leve Petro\u00bb.<\/p>\n<p class=\"_paragraph_o9xde_4 _paragraph_xtcu6_10 layout-component text-serif-m layout-normal text-serif-m layout-padded\">\u2013 Jeg marsjerer for landet mitt. Vi vil ikke ha Trump her, sier Hernando Szuarez (59) til VG. <\/p>\n<p><img alt=\"Hernando Szuarez (59)  Foto: Thomas Nilsson \/ VG\" class=\"_image_qp4xg_65 layout-component layout-normal\" data-fullscreen- data-track-element-type=\"Article image fullscreen\" data-track-name=\"ImageFullscreen\" decoding=\"async\" loading=\"lazy\" height=\"2533\" itemprop=\"image\"  src=\"https:\/\/www.europesays.com\/no\/wp-content\/uploads\/2026\/01\/26a123f5-f025-41fc-885b-adcf631d9aee.png\"  style=\"object-position:0% 0%\" width=\"3800\"\/>Hernando Szuarez (59)  Foto: Thomas Nilsson \/ VG<\/p>\n<p class=\"_paragraph_o9xde_4 _paragraph_xtcu6_10 layout-component text-serif-m layout-normal text-serif-m layout-padded\">Over hele landet foreg\u00e5r det demonstrasjoner.<\/p>\n<p class=\"_paragraph_o9xde_4 _paragraph_xtcu6_10 layout-component text-serif-m layout-normal text-serif-m layout-padded\">De har f\u00e5tt nok av den amerikanske presidentens <a href=\"https:\/\/www.vg.no\/i\/K83xv4\" data-track-element-type=\"Link\" data-track-id=\"link:K83xv4\" class=\"_link_o9xde_39\" rel=\"nofollow noopener\" target=\"_blank\">trusler om \u00e5 erobre og herske<\/a> den vestlige hemisf\u00e6re, inkludert Colombia, Cuba og Gr\u00f8nland. <\/p>\n<p class=\"_paragraph_o9xde_4 _paragraph_xtcu6_10 layout-component text-serif-m layout-normal text-serif-m layout-padded\">Det er Colombias president Gustavo Petro som har anmodet folket om en massemobilisering for \u00e5 forsvare landets suverenitet.<\/p>\n<p class=\"_paragraph_o9xde_4 _paragraph_xtcu6_10 layout-component text-serif-m layout-normal text-serif-m layout-padded\">Se bilder av protestene fra Colombias byer:<\/p>\n<ul class=\"_gallery_1qa3s_23\" tabindex=\"0\">\n<li class=\"_item_1qa3s_37\" data-index=\"0\"><img decoding=\"async\" class=\"_image_foru8_23 _articleGallery_foru8_39\" data-fullscreen- width=\"6048\" height=\"4024\" itemprop=\"image\" loading=\"lazy\"  src=\"https:\/\/www.europesays.com\/no\/wp-content\/uploads\/2026\/01\/f4695715-30f9-46f0-826f-47811e870db8.png\"  style=\"object-position:50% 50%;aspect-ratio:var(--gallery-aspect-ratio, 16 \/ 9)\"\/>Foto: JOAQUIN SARMIENTO \/ AFP \/ NTB<\/li>\n<li class=\"_item_1qa3s_37\" data-index=\"1\"><img decoding=\"async\" class=\"_image_foru8_23 _articleGallery_foru8_39\" data-fullscreen- width=\"5472\" height=\"3648\" itemprop=\"image\" loading=\"lazy\"  src=\"https:\/\/www.europesays.com\/no\/wp-content\/uploads\/2026\/01\/d46db012-9bf6-4079-b613-c1f0972376c5.png\"  style=\"object-position:50% 50%;aspect-ratio:var(--gallery-aspect-ratio, 16 \/ 9)\"\/>Foto: Carlos Ortega \/ EPA \/ NTB<\/li>\n<li class=\"_item_1qa3s_37\" data-index=\"2\"><img decoding=\"async\" class=\"_image_foru8_23 _articleGallery_foru8_39\" data-fullscreen- width=\"4725\" height=\"3150\" itemprop=\"image\" loading=\"lazy\"  src=\"https:\/\/www.europesays.com\/no\/wp-content\/uploads\/2026\/01\/45674b9d-ea5e-436c-bb4d-b82cb001844c.jpeg\"  style=\"object-position:50% 50%;aspect-ratio:var(--gallery-aspect-ratio, 16 \/ 9)\"\/>Foto: Carlos Ortega \/ EPA \/ NTB<\/li>\n<li class=\"_item_1qa3s_37\" data-index=\"3\"><img decoding=\"async\" class=\"_image_foru8_23 _articleGallery_foru8_39\" data-fullscreen- width=\"7359\" height=\"4906\" itemprop=\"image\" loading=\"lazy\"  src=\"https:\/\/www.europesays.com\/no\/wp-content\/uploads\/2026\/01\/72aac13a-e6f2-4075-b044-37ec63ce186c.png\"  style=\"object-position:50% 50%;aspect-ratio:var(--gallery-aspect-ratio, 16 \/ 9)\"\/>Foto: LUIS ACOSTA \/ AFP \/ NTB<\/li>\n<\/ul>\n<p>Foto: JOAQUIN SARMIENTO \/ AFP \/ NTB<\/p>\n<p>\u2013 Kan gj\u00f8re alvor av truslene<\/p>\n<p class=\"_paragraph_o9xde_4 _paragraph_xtcu6_10 layout-component text-serif-m layout-normal text-serif-m layout-padded\">\u2013 Trump pr\u00f8ver \u00e5 p\u00e5virke politikken her i Colombia, han vil ha p\u00e5 plass en nikkedukke han kan styre. Med Trump er ingenting sikkert. Han kan gj\u00f8re alvor av truslene om \u00e5 g\u00e5 milit\u00e6rt til angrep p\u00e5 Colombia, sier demonstranten Szuarez.<\/p>\n<p class=\"_paragraph_o9xde_4 _paragraph_xtcu6_10 layout-component text-serif-m layout-normal text-serif-m layout-padded\">Marcela Sarmiento (42) og Carlos Ramirez (73) sier de tar til gatene for \u00e5 forsvare landet sitt mot Trump. De kaller Trump \u00abmiserabel og latterlig\u00bb. <\/p>\n<p class=\"_paragraph_o9xde_4 _paragraph_xtcu6_10 layout-component text-serif-m layout-normal text-serif-m layout-padded\"><strong class=\"_strong_o9xde_25\">Samtidig er de redde for ham.<\/strong><\/p>\n<p class=\"_paragraph_o9xde_4 _paragraph_xtcu6_10 layout-component text-serif-m layout-normal text-serif-m layout-padded\">\u2013 Det Trump gjorde mot Venezuela, kan han gj\u00f8re mos oss. <\/p>\n<p><img alt=\"Marcela Sarmiento (42) og Carlos Ramirez (73)  Foto: Thomas Nilsson \/ VG\" class=\"_image_qp4xg_65 layout-component layout-normal\" data-fullscreen- data-track-element-type=\"Article image fullscreen\" data-track-name=\"ImageFullscreen\" decoding=\"async\" loading=\"lazy\" height=\"2533\" itemprop=\"image\"  src=\"https:\/\/www.europesays.com\/no\/wp-content\/uploads\/2026\/01\/516d4f4c-5b47-4fed-997a-091573b9a755.png\"  style=\"object-position:0% 0%\" width=\"3800\"\/>Marcela Sarmiento (42) og Carlos Ramirez (73)  Foto: Thomas Nilsson \/ VGAlvorlige trusler<\/p>\n<p class=\"_paragraph_o9xde_4 _paragraph_xtcu6_10 layout-component text-serif-m layout-normal text-serif-m layout-padded\">Demonstrasjonen skjer p\u00e5 et kritisk tidspunkt:<\/p>\n<p class=\"_paragraph_o9xde_4 _paragraph_xtcu6_10 layout-component text-serif-m layout-normal text-serif-m layout-padded\">Konflikten mellom Petro og Trump har ulmet lenge, men de siste dagene har den <a href=\"https:\/\/vg.no\/nyheter\/i\/Pd91nb\/frykter-trump-burde-sette-hele-latin-amerika-i-hoeyberedskap?utm_source=sdrn%3Avg%3Alisting%3A214021df-10cb-46bb-b05e-29ee1e30f72c&amp;utm_medium=Teaser&amp;utm_content=teaser%3APd91nb\" class=\"_link_o9xde_39\" rel=\"nofollow noopener\" target=\"_blank\">blusset opp i flammer<\/a>.<\/p>\n<p class=\"_paragraph_o9xde_4 _paragraph_xtcu6_10 layout-component text-serif-m layout-normal text-serif-m layout-padded\">Trump har lenge anklaget Petro for \u00e5 la narkokartellene herje fritt i landet, og at mye av kokainet som produseres i Colombia f\u00e5r fri passasje nordover til USA.<\/p>\n<p><img alt=\"En demonstrant har bilde av Petro p\u00e5 t-skjorten.  Foto: Thomas Nilsson \/ VG\" class=\"_image_qp4xg_65 layout-component layout-normal\" data-fullscreen- data-track-element-type=\"Article image fullscreen\" data-track-name=\"ImageFullscreen\" decoding=\"async\" loading=\"lazy\" height=\"2533\" itemprop=\"image\"  src=\"https:\/\/www.europesays.com\/no\/wp-content\/uploads\/2026\/01\/e4fdf270-9908-4f4c-9aad-d5e3d34eaac0.png\"  style=\"object-position:0% 0%\" width=\"3800\"\/>En demonstrant har bilde av Petro p\u00e5 t-skjorten.  Foto: Thomas Nilsson \/ VG<\/p>\n<p class=\"_paragraph_o9xde_4 _paragraph_xtcu6_10 layout-component text-serif-m layout-normal text-serif-m layout-padded\">Men etter Trump-administrasjonens angrep p\u00e5 Venezuela, der de <a href=\"https:\/\/www.vg.no\/i\/QJobjW\" data-track-element-type=\"Link\" data-track-id=\"link:QJobjW\" class=\"_link_o9xde_39\" rel=\"nofollow noopener\" target=\"_blank\">fjernet president Maduro<\/a>, har truslene mot Petro f\u00e5tt en ny dimensjon.<\/p>\n<p class=\"_paragraph_o9xde_4 _paragraph_xtcu6_10 layout-component text-serif-m layout-normal text-serif-m layout-padded\">Trump anklaget Petro for \u00e5 v\u00e6re \u00aben syk mann\u00bb og en \u00abinternasjonal narkotikaleder\u00bb. Trump har truet med straffetoll og en slutt p\u00e5 all amerikansk bistand til Colombia.<\/p>\n<p class=\"_paragraph_o9xde_4 _paragraph_xtcu6_10 layout-component text-serif-m layout-normal text-serif-m layout-padded\"><strong class=\"_strong_o9xde_25\">Og ikke minst: Han antydet at det kunne v\u00e6re mulighet for at USA ville g\u00e5 inn milit\u00e6rt i Colombia.<\/strong><\/p>\n<p><img alt=\"USAs Trump vs. Colombias Petro.   Foto: [BRENDAN SMIALOWSKI, JUAN BARRETO] \/ AFP \/ NTB\" class=\"_image_qp4xg_65 layout-component layout-normal\" data-fullscreen- data-track-element-type=\"Article image fullscreen\" data-track-name=\"ImageFullscreen\" decoding=\"async\" loading=\"lazy\" height=\"2400\" itemprop=\"image\"  src=\"https:\/\/www.europesays.com\/no\/wp-content\/uploads\/2026\/01\/8472abbd-a4fa-4fdd-9e9e-8332e287afd9.jpeg\"  style=\"object-position:0% 0%\" width=\"4000\"\/>USAs Trump vs. Colombias Petro.   Foto: [BRENDAN SMIALOWSKI, JUAN BARRETO] \/ AFP \/ NTB<\/p>\n<p class=\"_paragraph_o9xde_4 _paragraph_xtcu6_10 layout-component text-serif-m layout-normal text-serif-m layout-padded\">Petro truet tilbake. <\/p>\n<p class=\"_paragraph_o9xde_4 _paragraph_xtcu6_10 layout-component text-serif-m layout-normal text-serif-m layout-padded\">\u00abHvis de bomber oss, vil b\u00f8ndene blir til tusenvis av geriljaer i fjellene. Og hvis de arresterer presidenten, vil de slippe l\u00f8s folkets jaguar\u00bb, advarte Petro.<\/p>\n<p class=\"_paragraph_o9xde_4 _paragraph_xtcu6_10 layout-component text-serif-m layout-normal text-serif-m layout-padded\">Petro var selv en del av en venstreorientert geriljagruppe under borgerkrigen i Colombia, f\u00f8r demobiliseringen p\u00e5 1990-tallet. <\/p>\n<p class=\"_paragraph_o9xde_4 _paragraph_xtcu6_10 layout-component text-serif-m layout-normal text-serif-m layout-padded\">\u2013 Jeg lovet \u00e5 aldri r\u00f8re et v\u00e5pen igjen, men for hjemlandet vil jeg gj\u00f8re det, har Petro uttalt.<\/p>\n<p><img alt=\"Foto: Thomas Nilsson \/ VG\" class=\"_image_qp4xg_65 layout-component layout-normal\" data-fullscreen- data-track-element-type=\"Article image fullscreen\" data-track-name=\"ImageFullscreen\" decoding=\"async\" loading=\"lazy\" height=\"2533\" itemprop=\"image\"  src=\"https:\/\/www.europesays.com\/no\/wp-content\/uploads\/2026\/01\/83ff0a13-e7d0-4de5-811a-61eecc566cbe.jpeg\"  style=\"object-position:0% 0%\" width=\"3800\"\/>Foto: Thomas Nilsson \/ VGPolitisk spill?<\/p>\n<p class=\"_paragraph_o9xde_4 _paragraph_xtcu6_10 layout-component text-serif-m layout-normal text-serif-m layout-padded\">Det er presidentvalg i Colombia i mai. N\u00e5 tror flere analytikere at Petro fors\u00f8ker \u00e5 sl\u00e5 politisk mynt p\u00e5 konflikten med USA.<\/p>\n<p class=\"_paragraph_o9xde_4 _paragraph_xtcu6_10 layout-component text-serif-m layout-normal text-serif-m layout-padded\">Petro vil pr\u00f8ve \u00e5 bruke Trumps trusler for \u00e5 mobilisere velgere, og peke p\u00e5 ytre fiender for \u00e5 vise at Colombia trenger en sterk ledelse og kontinuitet.<\/p>\n<p><img alt=\"Foto: Thomas Nilsson \/ VG\" class=\"_image_qp4xg_65 layout-component layout-normal\" data-fullscreen- data-track-element-type=\"Article image fullscreen\" data-track-name=\"ImageFullscreen\" decoding=\"async\" loading=\"lazy\" height=\"2533\" itemprop=\"image\"  src=\"https:\/\/www.europesays.com\/no\/wp-content\/uploads\/2026\/01\/3e352772-0aa4-4fea-bc63-d664ea328c59.png\"  style=\"object-position:0% 0%\" width=\"3800\"\/>Foto: Thomas Nilsson \/ VG<\/p>\n<p class=\"_paragraph_o9xde_4 _paragraph_xtcu6_10 layout-component text-serif-m layout-normal text-serif-m layout-padded\">Petro kan riktignok ikke stille til gjenvalg ettersom grunnloven kun tillater \u00e9n presidentperiode, men har pekt ut en stedfortreder, en presidentkandidat han stiller seg bak. <\/p>\n<p class=\"_paragraph_o9xde_4 _paragraph_xtcu6_10 layout-component text-serif-m layout-normal text-serif-m layout-padded\">Opposisjonen har p\u00e5 sin side samlet seg i en koalisjon som skal velge sin kandidat i et prim\u00e6rvalg.<\/p>\n<p><img alt=\"Foto: Thomas Nilsson \/ VG\" class=\"_image_qp4xg_65 layout-component layout-normal\" data-fullscreen- data-track-element-type=\"Article image fullscreen\" data-track-name=\"ImageFullscreen\" decoding=\"async\" loading=\"lazy\" height=\"2533\" itemprop=\"image\"  src=\"https:\/\/www.europesays.com\/no\/wp-content\/uploads\/2026\/01\/e094fb80-4f6d-4b14-aeb9-a15b2ae29688.png\"  style=\"object-position:0% 0%\" width=\"3800\"\/>Foto: Thomas Nilsson \/ VG<\/p>\n<p class=\"_paragraph_o9xde_4 _paragraph_xtcu6_10 layout-component text-serif-m layout-normal text-serif-m layout-padded\">Da Petro ble valgt i 2022 ble han Colombias f\u00f8rste venstreorienterte president. Men valgoppslutningen var lav og han har v\u00e6rt en splittende leder med fallende oppslutning.<\/p>\n<p class=\"_paragraph_o9xde_4 _paragraph_xtcu6_10 layout-component text-serif-m layout-normal text-serif-m layout-padded\">Flere i Petros innerste sirkel, deriblant hans s\u00f8nn og stabssjef, har blitt anklaget for korrupsjon og ulovlig valgkampfinansiering.<\/p>\n<p><img alt=\"Foto: Thomas Nilsson \/ VG\" class=\"_image_qp4xg_65 layout-component layout-normal\" data-fullscreen- data-track-element-type=\"Article image fullscreen\" data-track-name=\"ImageFullscreen\" decoding=\"async\" loading=\"lazy\" height=\"2533\" itemprop=\"image\"  src=\"https:\/\/www.europesays.com\/no\/wp-content\/uploads\/2026\/01\/7a97550d-3a39-4600-8f3b-0b575542a34b.png\"  style=\"object-position:0% 0%\" width=\"3800\"\/>Foto: Thomas Nilsson \/ VG    <\/p>\n","protected":false},"excerpt":{"rendered":"USAs president er blitt et hatobjekt for flere etter angrepet p\u00e5 Venezuela. Demonstrantene i C\u00facuta i Colombia lever&hellip;\n","protected":false},"author":2,"featured_media":131647,"comment_status":"","ping_status":"","sticky":false,"template":"","format":"standard","meta":{"footnotes":""},"categories":[12],"tags":[1238,20,21,2823,55,24,25,15,22,23,13,30,28,29,14,16,26,27,50,95,42,43,44,45],"class_list":{"0":"post-131646","1":"post","2":"type-post","3":"status-publish","4":"format-standard","5":"has-post-thumbnail","7":"category-verden","8":"tag-amerikansk-politikk","9":"tag-breaking-news","10":"tag-breakingnews","11":"tag-colombia","12":"tag-donald-trump","13":"tag-featured-news","14":"tag-featurednews","15":"tag-headlines","16":"tag-latest-news","17":"tag-latestnews","18":"tag-news","19":"tag-no","20":"tag-norge","21":"tag-norway","22":"tag-nyheter","23":"tag-overskrifter","24":"tag-top-stories","25":"tag-topstories","26":"tag-usa","27":"tag-venezuela","28":"tag-verden","29":"tag-world","30":"tag-world-news","31":"tag-worldnews"},"share_on_mastodon":{"url":"https:\/\/pubeurope.com\/@no\/115856560926379648","error":""},"_links":{"self":[{"href":"https:\/\/www.europesays.com\/no\/wp-json\/wp\/v2\/posts\/131646","targetHints":{"allow":["GET"]}}],"collection":[{"href":"https:\/\/www.europesays.com\/no\/wp-json\/wp\/v2\/posts"}],"about":[{"href":"https:\/\/www.europesays.com\/no\/wp-json\/wp\/v2\/types\/post"}],"author":[{"embeddable":true,"href":"https:\/\/www.europesays.com\/no\/wp-json\/wp\/v2\/users\/2"}],"replies":[{"embeddable":true,"href":"https:\/\/www.europesays.com\/no\/wp-json\/wp\/v2\/comments?post=131646"}],"version-history":[{"count":0,"href":"https:\/\/www.europesays.com\/no\/wp-json\/wp\/v2\/posts\/131646\/revisions"}],"wp:featuredmedia":[{"embeddable":true,"href":"https:\/\/www.europesays.com\/no\/wp-json\/wp\/v2\/media\/131647"}],"wp:attachment":[{"href":"https:\/\/www.europesays.com\/no\/wp-json\/wp\/v2\/media?parent=131646"}],"wp:term":[{"taxonomy":"category","embeddable":true,"href":"https:\/\/www.europesays.com\/no\/wp-json\/wp\/v2\/categories?post=131646"},{"taxonomy":"post_tag","embeddable":true,"href":"https:\/\/www.europesays.com\/no\/wp-json\/wp\/v2\/tags?post=131646"}],"curies":[{"name":"wp","href":"https:\/\/api.w.org\/{rel}","templated":true}]}}