{"id":131648,"date":"2026-01-08T00:12:10","date_gmt":"2026-01-08T00:12:10","guid":{"rendered":"https:\/\/www.europesays.com\/no\/131648\/"},"modified":"2026-01-08T00:12:10","modified_gmt":"2026-01-08T00:12:10","slug":"gronland-og-danmark-usa-og-europa","status":"publish","type":"post","link":"https:\/\/www.europesays.com\/no\/131648\/","title":{"rendered":"Gr\u00f8nland og Danmark, USA og Europa"},"content":{"rendered":"\n<p>Blir Danmarks regjering n\u00f8dt til \u00e5 gj\u00f8re en \u00abdeal\u00bb med USAs president Donald Trump for \u00e5 unng\u00e5 annektering av Gr\u00f8nland?<\/p>\n<p>Mens Gr\u00f8nland-dramaet tilspisser seg, rykker den danske forretningsmannen og tidligere politiske r\u00e5dgiveren Daniel Korski ut p\u00e5 sosiale medier med noen r\u00e5d.<\/p>\n<p>\u2013 Dette er hva jeg ville foresl\u00e5tt for en europeisk leder hvis det virkelig er en prioritet \u00e5 stoppe annekteringen av Gr\u00f8nland, <a rel=\"Follow nofollow\" href=\"https:\/\/x.com\/DanielKorski\/status\/2008616431416733755?s=20\">skriver han<\/a> p\u00e5 X tirsdag og lister opp:<\/p>\n<ul>\n<li>Umiddelbar utstasjonering av avskrekkingsstyrker p\u00e5 Gr\u00f8nland<\/li>\n<li>En nettkampanje i USA mot annektering.<\/li>\n<li>Umiddelbart varsle en gjennomgang av alle F-35-kontrakter i Europa.<\/li>\n<li>Selge Taurus (missiler) og Leopard (stridsvogner) til Ukraina og f\u00e5 p\u00e5 plass et luftforsvar for Ukraina med en \u00abkoalisjon av villige\u00bb.<\/li>\n<li>Sende Alexander Stubb (Finlands president) og Georgia Meloni (Italias statsminister) til Washington D.C. for \u00e5 forhandle en vei videre, \u00e5 begynne med en ny forsvarsavtale mellom USA, Danmark\/Gr\u00f8nland, en mineralavtale mellom USA\/Gr\u00f8nland og en ny, stor amerikansk milit\u00e6rbase p\u00e5 Gr\u00f8nland, finansiert av Europa.<\/li>\n<\/ul>\n<p>\u2013 S\u00e5 kan han argumentere med at han har f\u00e5tt det som han ville, skriver Korski om Trump.<\/p>\n<p>Daniel Korski (48) er bosatt i Storbritannia og har v\u00e6rt politisk r\u00e5dgiver for EUs dav\u00e6rende utenrikssjef Cathherine Ashton, og for Storbritannias dav\u00e6rende statsminister David Cameron. Han er i dag forretningsmann.<\/p>\n<p><b>Les ogs\u00e5: <a class=\"simple-relation related-teaser article--c-eRUmMG article--c-eRUmMG-fZoQSp-design-nettavisen article--c-eRUmMG-gwthdJ-cv\" href=\"https:\/\/www.nettavisen.no\/usa-har-bordet-flere-tankskip\/s\/5-95-2811745\" rel=\"nofollow noopener\" target=\"_blank\">Medier: USA border tankskip<\/a><\/b><\/p>\n<p>\u00abFort Donald J. Trump\u00bb?<\/p>\n<p>Nettavisen har onsdag fors\u00f8kt \u00e5 kontakte Korski, forel\u00f8pig uten resultat.<\/p>\n<p>Om alle punktene p\u00e5 listen er alvorlig ment, er ikke like opplagt. Et av forslagene er at Trump skal f\u00e5 en forsikring om at han f\u00e5r Nobels fredspris hvis han ikke invaderer Gr\u00f8nland, men at den ikke skal gis ham f\u00f8r januar 2028, dagen da hans presidentperiode g\u00e5r ut!<\/p>\n<p>Korski foresl\u00e5r ogs\u00e5 at en ny amerikansk milit\u00e6rbase p\u00e5 Gr\u00f8nland kan f\u00e5 navnet \u00abFort Donald J. Trump\u00bb, i h\u00e5p om at det kan blidgj\u00f8re den amerikanske presidenten.<\/p>\n<p><b>Les ogs\u00e5: <a class=\"simple-relation related-teaser article--c-eRUmMG article--c-eRUmMG-fZoQSp-design-nettavisen article--c-eRUmMG-gwthdJ-cv\" href=\"https:\/\/www.nettavisen.no\/store-advart-av-frederiksen-det-er-alvor-na-jonas\/s\/5-95-2811802\" rel=\"nofollow noopener\" target=\"_blank\">St\u00f8re advart av Frederiksen: \u2013 Det er alvor n\u00e5, Jonas<\/a><\/b><\/p>\n<p>Skeptisk<\/p>\n<p>\u2013 Jeg synes nok han er litt lettvint, kommenterer pensjonert generall\u00f8ytnant Arne B\u00e5rd Dalhaug overfor Nettavisen.<\/p>\n<p>Dalhaug er tidligere sjef for Nato Defense College. Han har ogs\u00e5 erfaring som norsk representant i Natos milit\u00e6rkomit\u00e9 og er tidligere sjef for Forsvarsstaben.<\/p>\n<p>I et intervju med Nettavisen i desember, sa Dalhaug at det <a rel=\"Follow nofollow noopener\" href=\"https:\/\/www.nettavisen.no\/nyheter\/gronland-drama-dette-har-ingen-sett-komme\/s\/5-95-2794987\" target=\"_blank\">ikke er mulig \u00e5 se for seg at Nato skal brukes mot USA <\/a>som Nato-medlem, men at Trumps Gr\u00f8nland-ambisjoner svekker forsvarsalliansen.<\/p>\n<p>Dalhaug setter et stort sp\u00f8rsm\u00e5lstegn ved Gr\u00f8nland-styrkene Korski foresl\u00e5r og en digital kampanje rettet mot den amerikanske opinionen:<\/p>\n<p>\u2013 Canada fors\u00f8kte dette, og det var lite vellykket, sier han.<\/p>\n<p><b>Les ogs\u00e5: <a class=\"simple-relation related-teaser article--c-eRUmMG article--c-eRUmMG-fZoQSp-design-nettavisen article--c-eRUmMG-gwthdJ-cv\" href=\"https:\/\/www.nettavisen.no\/norsk-usa-ekspert-tror-trump-har-bestemt-seg-for-a-ta-kontroll-over-gronland\/s\/5-95-2811555\" rel=\"nofollow noopener\" target=\"_blank\">Norsk USA-ekspert tror Trump har bestemt seg for \u00e5 ta kontroll over Gr\u00f8nland<\/a><\/b><\/p>\n<p>    Vil du se neste video?<\/p>\n<p>    <a href=\"https:\/\/www.nettavisen.no\/nyheter\/ukrainsk-jagerfly-odelegger-for-vladimir-putin-i-pokrovsk\/v\/5-95-2807927\" class=\"recommend-poster\" data-adp-clicklabel=\"video-recommend\" data-adp-clickvalue=\"poster\" rel=\"nofollow noopener\" target=\"_blank\"><br \/>\n      <img decoding=\"async\" width=\"200\" height=\"200\" loading=\"lazy\" src=\"https:\/\/www.europesays.com\/no\/wp-content\/uploads\/2026\/01\/JAGERFLY+BREDDE.jpg\" alt=\"\" class=\"brick-c-cFOWSL\" style=\"--brick-image-ratio: 200 \/ 200;\"\/><\/p>\n<p>Nye bilder: Rammer Putin hardt0:41<\/p>\n<p>    <\/a><\/p>\n<p>        Statsminister Jonas Gahr St\u00f8re sa p\u00e5 NHO-konferansen at han har minnet president Donald Trump om at Norge er Natos \u00f8yne og \u00f8rer mot Russlands atomv\u00e5penarsenal p\u00e5 Kolahalv\u00f8ya.<br \/>\n        Kan hente fram 1951-avtale<\/p>\n<p>\u2013 Men hvis vi legger til grunn at Trump mener alvor, hvordan b\u00f8r Danmark spille kortene?<\/p>\n<p>\u2013 USA og Danmark har et avtaleverk fra 1951 som gj\u00f8r at USA kan skalere opp n\u00e6rv\u00e6ret p\u00e5 \u00f8ya, og K\u00f8benhavn har sagt seg at de med glede legger til rette for dette. Rent sikkerhetsmessig kan dette ordnes uproblematisk, mener Dahlaug.<\/p>\n<p>Mineraler eller sikkerhet<\/p>\n<p>Trump har sagt at USA trenger Gr\u00f8nland p\u00e5 grunn av nasjonal sikkerhet. Dalhaug tror lysten p\u00e5 Gr\u00f8nland handler om noe annet:<\/p>\n<p>\u2013 Det Trump trolig er opptatt av er naturrikdommer. Her er det kanskje mulig \u00e5 komme fram til en fornuftig avtale p\u00e5 sikt, sier han.<\/p>\n<p>    Vil du se neste video?<\/p>\n<p>    <a href=\"https:\/\/www.nettavisen.no\/nyheter\/ukrainsk-jagerfly-odelegger-for-vladimir-putin-i-pokrovsk\/v\/5-95-2807927\" class=\"recommend-poster\" data-adp-clicklabel=\"video-recommend\" data-adp-clickvalue=\"poster\" rel=\"nofollow noopener\" target=\"_blank\"><br \/>\n      <img decoding=\"async\" width=\"200\" height=\"200\" loading=\"lazy\" src=\"https:\/\/www.europesays.com\/no\/wp-content\/uploads\/2026\/01\/JAGERFLY+BREDDE.jpg\" alt=\"\" class=\"brick-c-cFOWSL\" style=\"--brick-image-ratio: 200 \/ 200;\"\/><\/p>\n<p>Nye bilder: Rammer Putin hardt0:41<\/p>\n<p>    <\/a><\/p>\n<p>        Situasjonen mellom USA og Danmark er sv\u00e6rt spent, pga. Trumps trusler om \u00e5 ta Gr\u00f8nland. Ap-politiker Trond Giske har derimot liten tro p\u00e5 at dette kommer til \u00e5 skje.<br \/>\n        Forsvare Gr\u00f8nland?<\/p>\n<p>Dalhaug mener, som flere har p\u00e5pekt, at ingen i realiteten vil komme til \u00e5 forsvare Gr\u00f8nland milit\u00e6rt mot USA. Til det er USA for mektige.<\/p>\n<p>\u2013 Det finnes ikke europeiske og kanadiske kapasiteter som med noen troverdighet vil kunne forsvare Gr\u00f8nland milit\u00e6rt. En ringvirkning av alt dette er jo at dette generelt reduserer troverdigheten av sikkerhetsgarantier til Ukraina, noe som er sv\u00e6rt alvorlig, sier Dalhaug.<\/p>\n<p>   <img decoding=\"async\" width=\"6000\" height=\"4000\" fetchpriority=\"low\"  loading=\"lazy\"  src=\"https:\/\/www.europesays.com\/no\/wp-content\/uploads\/2026\/01\/20250912_HST-2227+%281%29.jpg\" alt=\"FOR F\u00d8RSTE GANG: For f\u00f8rste gang \u00f8ver det norske Heimevernet p\u00e5 Gr\u00f8nland. Bildet viser soldater fra innsatsstyrke Grebe (Opplandske heimevernsdistrikt 05) som fraktes til \u00f8velsesomr\u00e5det p\u00e5 Gr\u00f8nland med helikopter fra danske Arktisk Kommando.\" class=\"brick-c-cFOWSL\" style=\"--brick-image-ratio: 6000 \/ 4000;\"\/><\/p>\n<p>      \u00d8VELSE: Det norske Heimevernet \u00f8vet \u2013 for f\u00f8rste gang \u2013 p\u00e5 Gr\u00f8nland h\u00f8sten 2025. Bildet viser soldater fra innsatsstyrke Grebe (Opplandske heimevernsdistrikt 05) som fraktes til \u00f8velsesomr\u00e5det.<br \/>\n      Foto: Helene Sofie Thorkildsen\/Forsvaret\n    <\/p>\n<p>  Kan svekke Nato<\/p>\n<p>Han frykter at Natos avskrekkende evne overfor Russland vil svekkes:<\/p>\n<p>\u2013 Alt dette oppmuntrer Putin til \u00e5 holde fast ved sine maksimale m\u00e5lsettinger for krigen. G\u00e5r man til amerikanernes nye nasjonale sikkerhetsstrategi finner man ingen strategisk tenkning rundt hvordan Kina og Russland skal h\u00e5ndteres. To geopolitiske utfordringer og konkurrerende stormaktsrivaler er i realiteten ikke nevnt, sier Dalhaug.<\/p>\n<p>Han peker p\u00e5 at USA i arbeidet med Natos slutterkl\u00e6ring sist sommer presset gjennom at dette heller ikke skulle omtales.<\/p>\n<p>Har st\u00e5ende ordre<\/p>\n<p>Avisa<a href=\"https:\/\/www.berlingske.dk\/indland\/ordren-er-klar-danske-soldater-i-groenland-skal-gaa-til-modangreb-hvis-usa-vil-tage-groenland-med-magt\" rel=\"Follow nofollow noopener\" target=\"_blank\"> Berlingske<\/a> skriver onsdag om den s\u00e5kalte forholdsordren fra 1952 som sier at dersom dansk territorium eller milit\u00e6ret utenfor dansk territorum angripes, skal de styrkene som angripes oppta kampen \u00abuten \u00e5 vente p\u00e5 ordre\u00bb, selv om det ikke foreligger en krigserkl\u00e6ring.<\/p>\n<p>B\u00e5de Forsvarskommandoen og det danske forsvarsdepartementet bekrefter overfor Berlingske at denne ordren stadig st\u00e5r ved makt.<\/p>\n<p>\u00abAmerikansk mobbing\u00bb<\/p>\n<p>P\u00e5 lederplass skriver Wall Street Journal tirsdag at USA kan oppn\u00e5 mye p\u00e5 Gr\u00f8nland uten \u00e5 opptre som en b\u00f8lle. \u00abInvadere Gr\u00f8nland? Hvorfor?\u00bb er tittelen p\u00e5 saken.<\/p>\n<p>\u00abPresidenten har gode strategiske instinkter n\u00e5r det gjelder verdens st\u00f8rste \u00f8y, s\u00e5 det er beklagelig at interessen hans utvikler seg til en selvdestruktiv \u00f8velse i amerikansk mobbing\u00bb, heter det i lederartikkelen.<\/p>\n<p>   <img decoding=\"async\" width=\"7673\" height=\"5115\" fetchpriority=\"low\"  loading=\"lazy\"  src=\"https:\/\/www.europesays.com\/no\/wp-content\/uploads\/2026\/01\/NTB_9cUX3CNIt5k.jpg\" alt=\"(L\/R) US Secretary of State Marco Rubio looks on as US President Donald Trump speaks to the press following US military actions in Venezuela, at his Mar-a-Lago residence in Palm Beach, Florida, on January 3, 2025. President Trump said Saturday that US forces had captured Venezuelan leader Nicolas Maduro after launching a \" large=\"\" scale=\"\" strike=\"\" on=\"\" the=\"\" south=\"\" american=\"\" country.=\"\" by=\"\" jim=\"\" watson=\"\" afp=\"\" class=\"brick-c-cFOWSL\" style=\"--brick-image-ratio: 7673 \/ 5115;\"\/><\/p>\n<p>      UTENRIKSMINISTER: USAs utenriksminister Marco Rubio og president Donald Trump p\u00e5 en pressekonferanse om Venezuela-intervensjonen 3. januar. Samtidig kom det nye utspill om Gr\u00f8nland fra Trump-kretsen.<br \/>\n      Foto: Jim Watson (AFP)\n    <\/p>\n<p>  Jobber med en plan<\/p>\n<p>Onsdag morgen uttalte Frankrikes utenriksminister Jean-Noel Barrot at de jobber med partnere for \u00e5 f\u00e5 p\u00e5 plass en plan om hvordan svare, dersom USA gj\u00f8r alvor av sin trussel om \u00e5 overta Gr\u00f8nland, melder NTB.<\/p>\n<p>Barrot sier USAs utenriksminister Marco Rubio har avvist ideen om en milit\u00e6r invasjon av Gr\u00f8nland fra amerikansk hold.<\/p>\n<p>If\u00f8lge Wall Street Journals kilder fortalte Rubio p\u00e5 et lukket m\u00f8te med kongressrepresentanter mandag at truslene mot Gr\u00f8nland ikke handler om noen snarlig invasjon, men at de er ment som press mot Danmark for \u00e5 kj\u00f8pe \u00f8ya.<\/p>\n","protected":false},"excerpt":{"rendered":"Blir Danmarks regjering n\u00f8dt til \u00e5 gj\u00f8re en \u00abdeal\u00bb med USAs president Donald Trump for \u00e5 unng\u00e5 annektering&hellip;\n","protected":false},"author":2,"featured_media":131649,"comment_status":"","ping_status":"","sticky":false,"template":"","format":"standard","meta":{"footnotes":""},"categories":[12],"tags":[20,21,24,25,15,22,23,13,30,28,29,14,16,26,27,42,43,44,45],"class_list":{"0":"post-131648","1":"post","2":"type-post","3":"status-publish","4":"format-standard","5":"has-post-thumbnail","7":"category-verden","8":"tag-breaking-news","9":"tag-breakingnews","10":"tag-featured-news","11":"tag-featurednews","12":"tag-headlines","13":"tag-latest-news","14":"tag-latestnews","15":"tag-news","16":"tag-no","17":"tag-norge","18":"tag-norway","19":"tag-nyheter","20":"tag-overskrifter","21":"tag-top-stories","22":"tag-topstories","23":"tag-verden","24":"tag-world","25":"tag-world-news","26":"tag-worldnews"},"share_on_mastodon":{"url":"https:\/\/pubeurope.com\/@no\/115856588367664857","error":""},"_links":{"self":[{"href":"https:\/\/www.europesays.com\/no\/wp-json\/wp\/v2\/posts\/131648","targetHints":{"allow":["GET"]}}],"collection":[{"href":"https:\/\/www.europesays.com\/no\/wp-json\/wp\/v2\/posts"}],"about":[{"href":"https:\/\/www.europesays.com\/no\/wp-json\/wp\/v2\/types\/post"}],"author":[{"embeddable":true,"href":"https:\/\/www.europesays.com\/no\/wp-json\/wp\/v2\/users\/2"}],"replies":[{"embeddable":true,"href":"https:\/\/www.europesays.com\/no\/wp-json\/wp\/v2\/comments?post=131648"}],"version-history":[{"count":0,"href":"https:\/\/www.europesays.com\/no\/wp-json\/wp\/v2\/posts\/131648\/revisions"}],"wp:featuredmedia":[{"embeddable":true,"href":"https:\/\/www.europesays.com\/no\/wp-json\/wp\/v2\/media\/131649"}],"wp:attachment":[{"href":"https:\/\/www.europesays.com\/no\/wp-json\/wp\/v2\/media?parent=131648"}],"wp:term":[{"taxonomy":"category","embeddable":true,"href":"https:\/\/www.europesays.com\/no\/wp-json\/wp\/v2\/categories?post=131648"},{"taxonomy":"post_tag","embeddable":true,"href":"https:\/\/www.europesays.com\/no\/wp-json\/wp\/v2\/tags?post=131648"}],"curies":[{"name":"wp","href":"https:\/\/api.w.org\/{rel}","templated":true}]}}