{"id":131650,"date":"2026-01-08T00:56:08","date_gmt":"2026-01-08T00:56:08","guid":{"rendered":"https:\/\/www.europesays.com\/no\/131650\/"},"modified":"2026-01-08T00:56:08","modified_gmt":"2026-01-08T00:56:08","slug":"gar-til-direktorjobb-i-vesteralen-lofotposten","status":"publish","type":"post","link":"https:\/\/www.europesays.com\/no\/131650\/","title":{"rendered":"G\u00e5r til direkt\u00f8rjobb i Vester\u00e5len &#8211; Lofotposten"},"content":{"rendered":"<ol>\n<li><a href=\"https:\/\/news.google.com\/rss\/articles\/CBMigAFBVV95cUxOamZNVzZma3ZoaUtSQmphM2JUbGJ5bkFVeFo0SU5lWkE0d1JoemwtM2hzNnlnNmhHWTFvMFE4ZlltVzBCaXpKbTl1em1XT2FGSkp4WnVldGZlZEhjWThrMVY4eUh6MU1BLVF0cDlYRDN3LWVNeFdoa3BqSm1LbmhvVA?oc=5\" target=\"_blank\" rel=\"nofollow noopener\">G\u00e5r til direkt\u00f8rjobb i Vester\u00e5len<\/a>&nbsp;&nbsp;Lofotposten<\/li>\n<li><a href=\"https:\/\/news.google.com\/rss\/articles\/CBMia0FVX3lxTE1HNl9sVERHMmZMS3BVaXpucHJhbVY2aHU3ZGVBZWZSRjBmUkgzSHp4RHNLQzJqUkdaT1hjUUR4RTM0T2tKcEZ3RE1xNFpFZGpvMm5MZEFOUVR0WUtPcFlMNWlDdFpfUWcyZ0Rv?oc=5\" target=\"_blank\" rel=\"nofollow noopener\">Blir ny hotell\u00addirekt\u00f8r<\/a>&nbsp;&nbsp;vol.no<\/li>\n<li><a href=\"https:\/\/news.google.com\/rss\/articles\/CBMiowFBVV95cUxPVU15VVpJVDFjWG1NcS1hUmYyTlJLdFdUS2RjUENTLUNQS196ckU3b0FHTUpUNUtxWkJLUnhiaUZPNlkyWmk0NFZrbzYzRVNnbkU3TU9Dc0lob2FIS0I3TEoxb24zblRybFZJQ1JRTzN1N05VNWROV1MxclNmR29PR3hJSVNRYjdFS0tGOTRNV3pDRjgxSHJmMTVESkhwWl9mVGRr?oc=5\" target=\"_blank\" rel=\"nofollow noopener\">Gloppen, Sandane | Preben fall pladask. No blir han direkt\u00f8r i stor nordnorsk satsing<\/a>&nbsp;&nbsp;Firda<\/li>\n<li><a href=\"https:\/\/news.google.com\/rss\/articles\/CBMimgFBVV95cUxNS1J6WllWSFBEQVVOTmhaYXp0VlZ6OThDOTBpWmFZNXNOZi16QWdYWEtsQldIbXBBZXpJSVg3Qk1GMjJvXzc5UXVZUUVkcHBNRFJ2bmpROFBWcFBXLTVxSmZSN2tBS2xJWjYta3JXYS1pa182bzFrbDEzM1ZLOFl4dnNNOXlnR0RKeHRlYXktTHIzT0JsRVBGUXN3?oc=5\" target=\"_blank\" rel=\"nofollow noopener\">N\u00e6ringsliv, Hadsel | \u2013 Var landets yngste hotelldirekt\u00f8r. N\u00e5 tar han over i Vester\u00e5len<\/a>&nbsp;&nbsp;Bladet Vester\u00e5len<\/li>\n<li><a href=\"https:\/\/news.google.com\/rss\/articles\/CBMifkFVX3lxTE4zYVhnc0F5U0VRY2EtUXdyUFBQbmFOLTNZVVh6MFUxeEEtY1Y1SFozbXFhNnhFNEx1ZktfRlRTUUVFaGgtRW5NT2pzUkR2cFZCSFE5eC0wMkxSY253RmpEMUlDWWNCRXktN3BhU2djRExySm1YeUpubk5zb0JZdw?oc=5\" target=\"_blank\" rel=\"nofollow noopener\">Preben har f\u00e5tt ny direkt\u00f8rjobb<\/a>&nbsp;&nbsp;Firda Tidend<\/li>\n<\/ol>\n","protected":false},"excerpt":{"rendered":"G\u00e5r til direkt\u00f8rjobb i Vester\u00e5len&nbsp;&nbsp;Lofotposten Blir ny hotell\u00addirekt\u00f8r&nbsp;&nbsp;vol.no Gloppen, Sandane | Preben fall pladask. No blir han direkt\u00f8r&hellip;\n","protected":false},"author":2,"featured_media":131651,"comment_status":"","ping_status":"","sticky":false,"template":"","format":"standard","meta":{"footnotes":""},"categories":[5],"tags":[20,21,24,25,15,19,22,23,17,18,13,30,28,29,14,16,26,27],"class_list":{"0":"post-131650","1":"post","2":"type-post","3":"status-publish","4":"format-standard","5":"has-post-thumbnail","7":"category-overskrifter","8":"tag-breaking-news","9":"tag-breakingnews","10":"tag-featured-news","11":"tag-featurednews","12":"tag-headlines","13":"tag-hovedoppslag","14":"tag-latest-news","15":"tag-latestnews","16":"tag-main-news","17":"tag-mainnews","18":"tag-news","19":"tag-no","20":"tag-norge","21":"tag-norway","22":"tag-nyheter","23":"tag-overskrifter","24":"tag-top-stories","25":"tag-topstories"},"share_on_mastodon":{"url":"https:\/\/pubeurope.com\/@no\/115856761348123645","error":""},"_links":{"self":[{"href":"https:\/\/www.europesays.com\/no\/wp-json\/wp\/v2\/posts\/131650","targetHints":{"allow":["GET"]}}],"collection":[{"href":"https:\/\/www.europesays.com\/no\/wp-json\/wp\/v2\/posts"}],"about":[{"href":"https:\/\/www.europesays.com\/no\/wp-json\/wp\/v2\/types\/post"}],"author":[{"embeddable":true,"href":"https:\/\/www.europesays.com\/no\/wp-json\/wp\/v2\/users\/2"}],"replies":[{"embeddable":true,"href":"https:\/\/www.europesays.com\/no\/wp-json\/wp\/v2\/comments?post=131650"}],"version-history":[{"count":0,"href":"https:\/\/www.europesays.com\/no\/wp-json\/wp\/v2\/posts\/131650\/revisions"}],"wp:featuredmedia":[{"embeddable":true,"href":"https:\/\/www.europesays.com\/no\/wp-json\/wp\/v2\/media\/131651"}],"wp:attachment":[{"href":"https:\/\/www.europesays.com\/no\/wp-json\/wp\/v2\/media?parent=131650"}],"wp:term":[{"taxonomy":"category","embeddable":true,"href":"https:\/\/www.europesays.com\/no\/wp-json\/wp\/v2\/categories?post=131650"},{"taxonomy":"post_tag","embeddable":true,"href":"https:\/\/www.europesays.com\/no\/wp-json\/wp\/v2\/tags?post=131650"}],"curies":[{"name":"wp","href":"https:\/\/api.w.org\/{rel}","templated":true}]}}