{"id":131652,"date":"2026-01-08T01:08:07","date_gmt":"2026-01-08T01:08:07","guid":{"rendered":"https:\/\/www.europesays.com\/no\/131652\/"},"modified":"2026-01-08T01:08:07","modified_gmt":"2026-01-08T01:08:07","slug":"trump-venezuela-skal-bare-kjope-amerikanske-varer","status":"publish","type":"post","link":"https:\/\/www.europesays.com\/no\/131652\/","title":{"rendered":"Trump: Venezuela skal bare kj\u00f8pe amerikanske varer"},"content":{"rendered":"<p data-testid=\"textWithMarkup-markup\" data-v-62d58f52=\"\"> \u2013 Jeg har nettopp blitt informert om at Venezuela skal kj\u00f8pe utelukkende amerikanskproduserte produkter, med penger som de f\u00e5r fra v\u00e5r nye oljeavtale, skriver Trump i et innlegg p\u00e5 <a href=\"https:\/\/truthsocial.com\/@realDonaldTrump\/posts\/115856078669121098\" rel=\"noopener nofollow\" target=\"_blank\">Truth Social<\/a>.<\/p>\n<p data-testid=\"textWithMarkup-text\" data-v-81d7dc2b=\"\" data-v-62d58f52=\"\">\u2013 Disse kj\u00f8pene skal, blant mye annet, omfatte amerikanske landbruksprodukter, amerikanskproduserte legemidler, medisinsk utstyr og utstyr som skal utbedre Venezuelas str\u00f8mnett og energiinstallasjoner, skriver presidenten videre.<\/p>\n<p data-testid=\"textWithMarkup-text\" data-v-81d7dc2b=\"\" data-v-62d58f52=\"\">\u2013 Med andre ord, Venezuela forplikter seg til \u00e5 gj\u00f8re forretninger med USA som deres fremste partner. Et smart valg, og en ting som er meget bra for folk b\u00e5de i Venezuela og USA, skriver Trump.<\/p>\n","protected":false},"excerpt":{"rendered":"\u2013 Jeg har nettopp blitt informert om at Venezuela skal kj\u00f8pe utelukkende amerikanskproduserte produkter, med penger som de&hellip;\n","protected":false},"author":2,"featured_media":131653,"comment_status":"","ping_status":"","sticky":false,"template":"","format":"standard","meta":{"footnotes":""},"categories":[12],"tags":[20,21,24,25,15,22,23,13,30,28,29,14,16,26,27,42,43,44,45],"class_list":{"0":"post-131652","1":"post","2":"type-post","3":"status-publish","4":"format-standard","5":"has-post-thumbnail","7":"category-verden","8":"tag-breaking-news","9":"tag-breakingnews","10":"tag-featured-news","11":"tag-featurednews","12":"tag-headlines","13":"tag-latest-news","14":"tag-latestnews","15":"tag-news","16":"tag-no","17":"tag-norge","18":"tag-norway","19":"tag-nyheter","20":"tag-overskrifter","21":"tag-top-stories","22":"tag-topstories","23":"tag-verden","24":"tag-world","25":"tag-world-news","26":"tag-worldnews"},"share_on_mastodon":{"url":"https:\/\/pubeurope.com\/@no\/115856808491273268","error":""},"_links":{"self":[{"href":"https:\/\/www.europesays.com\/no\/wp-json\/wp\/v2\/posts\/131652","targetHints":{"allow":["GET"]}}],"collection":[{"href":"https:\/\/www.europesays.com\/no\/wp-json\/wp\/v2\/posts"}],"about":[{"href":"https:\/\/www.europesays.com\/no\/wp-json\/wp\/v2\/types\/post"}],"author":[{"embeddable":true,"href":"https:\/\/www.europesays.com\/no\/wp-json\/wp\/v2\/users\/2"}],"replies":[{"embeddable":true,"href":"https:\/\/www.europesays.com\/no\/wp-json\/wp\/v2\/comments?post=131652"}],"version-history":[{"count":0,"href":"https:\/\/www.europesays.com\/no\/wp-json\/wp\/v2\/posts\/131652\/revisions"}],"wp:featuredmedia":[{"embeddable":true,"href":"https:\/\/www.europesays.com\/no\/wp-json\/wp\/v2\/media\/131653"}],"wp:attachment":[{"href":"https:\/\/www.europesays.com\/no\/wp-json\/wp\/v2\/media?parent=131652"}],"wp:term":[{"taxonomy":"category","embeddable":true,"href":"https:\/\/www.europesays.com\/no\/wp-json\/wp\/v2\/categories?post=131652"},{"taxonomy":"post_tag","embeddable":true,"href":"https:\/\/www.europesays.com\/no\/wp-json\/wp\/v2\/tags?post=131652"}],"curies":[{"name":"wp","href":"https:\/\/api.w.org\/{rel}","templated":true}]}}