{"id":131654,"date":"2026-01-08T01:15:11","date_gmt":"2026-01-08T01:15:11","guid":{"rendered":"https:\/\/www.europesays.com\/no\/131654\/"},"modified":"2026-01-08T01:15:11","modified_gmt":"2026-01-08T01:15:11","slug":"svensk-tenaring-domt-til-ti-ars-fengsel-for-drap-pa-rio-16-ren-henrettelse","status":"publish","type":"post","link":"https:\/\/www.europesays.com\/no\/131654\/","title":{"rendered":"Svensk ten\u00e5ring d\u00f8mt til ti \u00e5rs fengsel for drap p\u00e5 Rio (16): \u2013 Ren henrettelse"},"content":{"rendered":"\n<p class=\"_lead_o9xde_2 _lead_xtcu6_50 layout-component text-serif-m layout-normal text-serif-l layout-component layout-wide layout-padded _wide_17hqh_1 layout-padded\">En 17-\u00e5ring er d\u00f8mt til ti \u00e5r og ti m\u00e5neders fengsel for drapet p\u00e5 16 \u00e5r gamle Rio Berg Ayg\u00fcn i Stockholm i mars i fjor.<\/p>\n<p><img alt=\"En 17 \u00e5r gammel gutt er d\u00f8mt for drapet p\u00e5 den svenske ten\u00e5ringen Rio Berg Ayg\u00fcn. Foto: Viktoria Bank\/TT \/ TT Nyhetsbyr\u00e5n \/ NTB\" class=\"_image_qp4xg_65 layout-component layout-wide\" data-fullscreen- data-track-element-type=\"Article image fullscreen\" data-track-name=\"ImageFullscreen\" fetchpriority=\"high\" decoding=\"sync\" loading=\"eager\" height=\"3656\" itemprop=\"image\"  src=\"https:\/\/www.europesays.com\/no\/wp-content\/uploads\/2026\/01\/b9287d9b-3b15-4672-903e-5699f38cda7f.jpeg\"  style=\"object-position:0% 0%\" width=\"5484\"\/>En 17 \u00e5r gammel gutt er d\u00f8mt for drapet p\u00e5 den svenske ten\u00e5ringen Rio Berg Ayg\u00fcn. Foto: Viktoria Bank\/TT \/ TT Nyhetsbyr\u00e5n \/ NTB<\/p>\n<ul aria-hidden=\"true\" class=\"_images_ntbth_112\">\n<li><a class=\"_link_ntbth_117\" href=\"https:\/\/www.vg.no\/forfatter\/isak-loeve-pilskog-loe\" style=\"z-index:1\" title=\"Isak L\u00f8ve Pilskog Loe\" rel=\"nofollow noopener\" target=\"_blank\"><img alt=\"Bilde av Isak L\u00f8ve Pilskog Loe\" class=\"_image_ntbth_93\" fetchpriority=\"low\" loading=\"lazy\" decoding=\"async\" itemprop=\"image\"  src=\"https:\/\/www.europesays.com\/no\/wp-content\/uploads\/2026\/01\/1767834910_444_8b0354e3-bf53-460c-9c1c-790321a0c923.jpeg\"  width=\"480\"\/><\/a><\/li>\n<\/ul>\n<p> Oppdatert torsdag 8. januar kl. 01:47     <\/p>\n<p class=\"_paragraph_o9xde_4 _paragraph_xtcu6_10 layout-component text-serif-m layout-normal text-serif-m layout-padded\">16 \u00e5r gamle Rio Berg Ayg\u00fcn var p\u00e5 vei hjem fra treningssenteret sammen med tre venner da skuddene falt i Fru\u00e4ngen s\u00f8r i Stockholm 2. mars i fjor. Saken har f\u00e5tt stor oppmerksomhet i <a href=\"https:\/\/www.vg.no\/tag\/sverige?utm_source=vg-article&amp;utm_medium=auto-tagger&amp;utm_campaign=j0d6Lo\" class=\"_link_o9xde_39\" rel=\"nofollow noopener\" target=\"_blank\">Sverige<\/a>.<\/p>\n<p class=\"_paragraph_o9xde_4 _paragraph_xtcu6_10 layout-component text-serif-m layout-normal text-serif-m layout-padded\">Totalt ni skudd ble avfyrt. En av Rios venner ble truffet i benet, mens Rio ble skutt i hodet. Han d\u00f8de p\u00e5 sykehuset to dager senere. <\/p>\n<p class=\"_paragraph_o9xde_4 _paragraph_xtcu6_10 layout-component text-serif-m layout-normal text-serif-m layout-padded\">N\u00e5 har en 17-\u00e5ring blitt d\u00f8mt til ti \u00e5r og ti m\u00e5neders fengsel for drapet. Gutten var 16 \u00e5r da drapet skjedde.<\/p>\n<p>Ren henrettelse<\/p>\n<p class=\"_paragraph_o9xde_4 _paragraph_xtcu6_10 layout-component text-serif-m layout-normal text-serif-m layout-padded\">Skytteren blir ogs\u00e5 d\u00f8mt for to tilfeller av drapsfors\u00f8k mot Rios venner.<\/p>\n<p class=\"_paragraph_o9xde_4 _paragraph_xtcu6_10 layout-component text-serif-m layout-normal text-serif-m layout-padded\">\u2013 Skuddene har blitt avfyrt med et kraftig v\u00e5pen p\u00e5 bare noen meters avstand, og det har v\u00e6rt snakk om en ren henrettelse der hensikten \u00e5penbart har v\u00e6rt \u00e5 drepe Rio Berg Ayg\u00fcn, skriver tingretten i sin dom gjengitt av den svenske avisen <a href=\"https:\/\/www.aftonbladet.se\/nyheter\/a\/8pmg0d\/rio-16-skots-till-dods-i-fruangen-nu-faller-domen#:~:text=%E2%80%9DSkotten%20har%20avlossats%20med%20ett%20kraftfullt%20vapen%20p%C3%A5%20bara%20n%C3%A5gra%20meters%20avst%C3%A5nd%20och%20det%20har%20varit%20fr%C3%A5ga%20om%20en%20ren%20avr%C3%A4ttning%20d%C3%A4r%20avsikten%20uppenbarligen%20har%20varit%20att%20d%C3%B6da%20Rio%20Berg%20Ayg%C3%BCn%E2%80%9D%2C%20skriver%20tingsr%C3%A4tten%20i%20sin%20dom.\" class=\"_link_o9xde_39\" rel=\"nofollow noopener\" target=\"_blank\">Aftonbladet<\/a>.<\/p>\n<p class=\"_paragraph_o9xde_4 _paragraph_xtcu6_10 layout-component text-serif-m layout-normal text-serif-m layout-padded\">Dommer Anders Larsson sier det dreier seg om s\u00e6rdeles alvorlig kriminalitet.<\/p>\n<p class=\"_paragraph_o9xde_4 _paragraph_xtcu6_10 layout-component text-serif-m layout-normal text-serif-m layout-padded\">\u2013 Hadde gjerningsmannen som er d\u00f8mt for drap v\u00e6rt voksen, hadde straffen, bare for drapet, blitt bestemt til livstid i fengsel, sier han i en <a href=\"https:\/\/www.domstol.se\/sodertorns-tingsratt\/nyheter\/2026\/01\/16-aring-doms-for-mord-i-fruangen-i-mars-2025\/\" class=\"_link_o9xde_39\" rel=\"nofollow noopener\" target=\"_blank\">uttalelse<\/a>.<\/p>\n<p><img alt=\"Politiet p\u00e5 \u00e5stedet etter at Rio og guttegjengen ble skutt i Fru\u00e4ngen s\u00f8r i Stockholm.  Foto: Oscar Olsson\/TT \/ TT Nyhetsbyr\u00e5n \/ NTB\" class=\"_image_qp4xg_65 layout-component layout-normal\" data-fullscreen- data-track-element-type=\"Article image fullscreen\" data-track-name=\"ImageFullscreen\" decoding=\"async\" loading=\"lazy\" height=\"2984\" itemprop=\"image\"  src=\"https:\/\/www.europesays.com\/no\/wp-content\/uploads\/2026\/01\/201a0d6c-c5fb-4652-b0a4-8f2e206971b8.jpeg\"  style=\"object-position:0% 0%\" width=\"4480\"\/>Politiet p\u00e5 \u00e5stedet etter at Rio og guttegjengen ble skutt i Fru\u00e4ngen s\u00f8r i Stockholm.  Foto: Oscar Olsson\/TT \/ TT Nyhetsbyr\u00e5n \/ NTB<\/p>\n<p class=\"_paragraph_o9xde_4 _paragraph_xtcu6_10 layout-component text-serif-m layout-normal text-serif-m layout-padded\">I tillegg til drapsdommen blir skytteren d\u00f8mt for forberedelse til drap p\u00e5 en annen person, et lovbrudd som fant sted noen dager tidligere, samt grovt v\u00e5penlovbrudd.<\/p>\n<p class=\"_paragraph_o9xde_4 _paragraph_xtcu6_10 layout-component text-serif-m layout-normal text-serif-m layout-padded\">Den d\u00f8mte gutten har n\u00e5 f\u00e5tt et utvisningsvedtak og blir utvist fra Sverige i ti \u00e5r.<\/p>\n<p>Tre andre d\u00f8mt<\/p>\n<p class=\"_paragraph_o9xde_4 _paragraph_xtcu6_10 layout-component text-serif-m layout-normal text-serif-m layout-padded\">Tre andre personer som var tiltalt i saken, ble ogs\u00e5 d\u00f8mt. De d\u00f8mmes for fors\u00f8k p\u00e5 \u00e5 ha hjulpet en kriminell med \u00e5 unng\u00e5 straff etter at de skal ha bestilt en taxi til skytteren etter handlingen. Retten omtaler lovbruddet som grovt.<\/p>\n<p class=\"_paragraph_o9xde_4 _paragraph_xtcu6_10 layout-component text-serif-m layout-normal text-serif-m layout-padded\">To av disse d\u00f8mmes til seks \u00e5r og fire m\u00e5neders fengsel. Den tredje personen, en 15-\u00e5ring, d\u00f8mmes til \u00e5tte m\u00e5neders lukket ungdomsomsorg.<\/p>\n<p class=\"_paragraph_o9xde_4 _paragraph_xtcu6_10 layout-component text-serif-m layout-normal text-serif-m layout-padded\">To av de medtiltalte utvises fra Sverige, if\u00f8lge tingretten.<\/p>\n<p><img alt=\"I dagene etter at Rio Berg Ayg\u00fcn d\u00f8de av skadene, m\u00f8tte flere ungdommer opp for \u00e5 minnes ham.   Foto: Viktoria Bank\/TT \/ TT Nyhetsbyr\u00e5n \/ NTB\" class=\"_image_qp4xg_65 layout-component layout-normal\" data-fullscreen- data-track-element-type=\"Article image fullscreen\" data-track-name=\"ImageFullscreen\" decoding=\"async\" loading=\"lazy\" height=\"3484\" itemprop=\"image\"  src=\"https:\/\/www.europesays.com\/no\/wp-content\/uploads\/2026\/01\/835f53fa-f79b-4760-8d99-9cef96fb4404.jpeg\"  style=\"object-position:0% 0%\" width=\"5226\"\/>I dagene etter at Rio Berg Ayg\u00fcn d\u00f8de av skadene, m\u00f8tte flere ungdommer opp for \u00e5 minnes ham.   Foto: Viktoria Bank\/TT \/ TT Nyhetsbyr\u00e5n \/ NTB<\/p>\n<p class=\"_paragraph_o9xde_4 _paragraph_xtcu6_10 layout-component text-serif-m layout-normal text-serif-m layout-padded\">Det har ikke latt seg gj\u00f8re \u00e5 klarlegge noe motiv for skytingen, opplyser domstolen.<\/p>\n<p class=\"_paragraph_o9xde_4 _paragraph_xtcu6_10 layout-component text-serif-m layout-normal text-serif-m layout-padded\">\u2013 I stedet tyder det meste p\u00e5 at de var p\u00e5 feil sted til feil tid, skriver tingretten i sin dom if\u00f8lge Aftonbladet.<\/p>\n<p class=\"_paragraph_o9xde_4 _paragraph_xtcu6_10 layout-component text-serif-m layout-normal layout-padded\"><strong class=\"_strong_o9xde_25\">Les ogs\u00e5:<\/strong> <a href=\"https:\/\/www.vg.no\/i\/JOogvb\" data-track-element-type=\"Link\" data-track-id=\"link:JOogvb\" class=\"_link_o9xde_39\" rel=\"nofollow noopener\" target=\"_blank\">Familiens b\u00f8nn etter drapet: Ikke spre bilder<\/a><\/p>\n<p class=\"_paragraph_o9xde_4 _paragraph_xtcu6_10 layout-component text-serif-m layout-normal text-serif-m layout-padded\">If\u00f8lge etterforskningen skal den da 16 \u00e5r gamle mistenkte skytteren ha blitt rekruttert til drapsoppdrag i februar. Han var p\u00e5 tidspunktet for drapet plassert p\u00e5 et familiehjem.<\/p>\n<p>Sluppet av politiet<\/p>\n<p class=\"_paragraph_o9xde_4 _paragraph_xtcu6_10 layout-component text-serif-m layout-normal text-serif-m layout-padded\">Bare dager f\u00f8r drapet p\u00e5 Rio ble den tiltalte gjerningspersonen stanset av politiet i en kontroll. P\u00e5 dette tidspunktet var han etterlyst og hadde et rettskraftig utvisningsvedtak mot seg. If\u00f8lge <a href=\"https:\/\/www.aftonbladet.se\/nyheter\/a\/XMlPqb\/liverapport-fran-rattegangen-om-mordet-pa-rio-16-i-fruangen?pinnedEntry=1429254\" class=\"_link_o9xde_39\" rel=\"nofollow noopener\" target=\"_blank\">Aftonbladet<\/a> hadde 16-\u00e5ringen ogs\u00e5 med seg et v\u00e5pen under kontrollen. Likevel lot politiet ham reise videre.<\/p>\n<p class=\"_paragraph_o9xde_4 _paragraph_xtcu6_10 layout-component text-serif-m layout-normal text-serif-m layout-padded\">Tingretten sl\u00e5r i dommen fast at ingen av ungdommene som ble beskutt \u2013 hverken Rio eller vennene hans som var sammen med ham den kvelden \u2013 tidligere var d\u00f8mt for lovbrudd eller var m\u00e5l for skytingen. Ingen av dem var kjent av politiet eller tilknyttet kriminelle milj\u00f8er.<\/p>\n<p><img alt=\"Minneplassen viste bilder av Rio Berg Ayg\u00fcn, blomster og et hav av lys.  Foto: Viktoria Bank\/TT \/ TT Nyhetsbyr\u00e5n \/ NTB\" class=\"_image_qp4xg_65 layout-component layout-normal\" data-fullscreen- data-track-element-type=\"Article image fullscreen\" data-track-name=\"ImageFullscreen\" decoding=\"async\" loading=\"lazy\" height=\"3712\" itemprop=\"image\"  src=\"https:\/\/www.europesays.com\/no\/wp-content\/uploads\/2026\/01\/ff86178b-e80f-4fc8-9d00-ac97fbaeb47c.png\"  style=\"object-position:0% 0%\" width=\"5568\"\/>Minneplassen viste bilder av Rio Berg Ayg\u00fcn, blomster og et hav av lys.  Foto: Viktoria Bank\/TT \/ TT Nyhetsbyr\u00e5n \/ NTB<\/p>\n<p class=\"_paragraph_o9xde_4 _paragraph_xtcu6_10 layout-component text-serif-m layout-normal text-serif-m layout-padded\">Rio gikk f\u00f8rste\u00e5ret p\u00e5 studieretning for \u00f8konomi og jus ved Midsommarkransens gymnasium, skriver Aftonbladet.<\/p>\n<p class=\"_paragraph_o9xde_4 _paragraph_xtcu6_10 layout-component text-serif-m layout-normal text-serif-m layout-padded\">\u2013 Dette er helt un\u00f8dvendig og burde aldri ha skjedd. Det er bare en tragedie, har Rios mor, Anneli Berg, tidligere uttalt til avisen.<\/p>\n<p class=\"_paragraph_o9xde_4 _paragraph_xtcu6_10 layout-component text-serif-m layout-normal layout-padded\"><strong class=\"_strong_o9xde_25\">Les ogs\u00e5:<\/strong> <a href=\"https:\/\/www.vg.no\/i\/k0a2mA\" data-track-element-type=\"Link\" data-track-id=\"link:k0a2mA\" class=\"_link_o9xde_39\" rel=\"nofollow noopener\" target=\"_blank\">Svensk avis: Tolv\u00e5ring tilbudt 250.000 kroner for drap <\/a><\/p>\n<p class=\"_paragraph_o9xde_4 _paragraph_xtcu6_10 layout-component text-serif-m layout-normal text-serif-m layout-padded\">Anna Ekstr\u00f6m er bistandsadvokat for Rios familie. Hun sier at familien er forn\u00f8yd med at alle de tiltalte er d\u00f8mt for sin rolle i drapet, men sier at de hadde h\u00e5pt p\u00e5 en strengere straff fra domstolen.<\/p>\n","protected":false},"excerpt":{"rendered":"En 17-\u00e5ring er d\u00f8mt til ti \u00e5r og ti m\u00e5neders fengsel for drapet p\u00e5 16 \u00e5r gamle Rio&hellip;\n","protected":false},"author":2,"featured_media":131655,"comment_status":"","ping_status":"","sticky":false,"template":"","format":"standard","meta":{"footnotes":""},"categories":[12],"tags":[20,21,24,25,6438,15,22,23,13,30,28,29,14,16,1359,26,27,42,43,44,45],"class_list":{"0":"post-131654","1":"post","2":"type-post","3":"status-publish","4":"format-standard","5":"has-post-thumbnail","7":"category-verden","8":"tag-breaking-news","9":"tag-breakingnews","10":"tag-featured-news","11":"tag-featurednews","12":"tag-gjengkriminalitet","13":"tag-headlines","14":"tag-latest-news","15":"tag-latestnews","16":"tag-news","17":"tag-no","18":"tag-norge","19":"tag-norway","20":"tag-nyheter","21":"tag-overskrifter","22":"tag-sverige","23":"tag-top-stories","24":"tag-topstories","25":"tag-verden","26":"tag-world","27":"tag-world-news","28":"tag-worldnews"},"share_on_mastodon":{"url":"https:\/\/pubeurope.com\/@no\/115856836095966412","error":""},"_links":{"self":[{"href":"https:\/\/www.europesays.com\/no\/wp-json\/wp\/v2\/posts\/131654","targetHints":{"allow":["GET"]}}],"collection":[{"href":"https:\/\/www.europesays.com\/no\/wp-json\/wp\/v2\/posts"}],"about":[{"href":"https:\/\/www.europesays.com\/no\/wp-json\/wp\/v2\/types\/post"}],"author":[{"embeddable":true,"href":"https:\/\/www.europesays.com\/no\/wp-json\/wp\/v2\/users\/2"}],"replies":[{"embeddable":true,"href":"https:\/\/www.europesays.com\/no\/wp-json\/wp\/v2\/comments?post=131654"}],"version-history":[{"count":0,"href":"https:\/\/www.europesays.com\/no\/wp-json\/wp\/v2\/posts\/131654\/revisions"}],"wp:featuredmedia":[{"embeddable":true,"href":"https:\/\/www.europesays.com\/no\/wp-json\/wp\/v2\/media\/131655"}],"wp:attachment":[{"href":"https:\/\/www.europesays.com\/no\/wp-json\/wp\/v2\/media?parent=131654"}],"wp:term":[{"taxonomy":"category","embeddable":true,"href":"https:\/\/www.europesays.com\/no\/wp-json\/wp\/v2\/categories?post=131654"},{"taxonomy":"post_tag","embeddable":true,"href":"https:\/\/www.europesays.com\/no\/wp-json\/wp\/v2\/tags?post=131654"}],"curies":[{"name":"wp","href":"https:\/\/api.w.org\/{rel}","templated":true}]}}