{"id":131656,"date":"2026-01-08T01:22:18","date_gmt":"2026-01-08T01:22:18","guid":{"rendered":"https:\/\/www.europesays.com\/no\/131656\/"},"modified":"2026-01-08T01:22:18","modified_gmt":"2026-01-08T01:22:18","slug":"russland-ukraina-usa-med-klar-beskjed-til-putin-vi-er-enige-med-koalisjonen","status":"publish","type":"post","link":"https:\/\/www.europesays.com\/no\/131656\/","title":{"rendered":"Russland, Ukraina | USA med klar beskjed til Putin: \u2013 Vi er enige med koalisjonen"},"content":{"rendered":"\n<p>Ukrainas allierte har tirsdag blitt enige om sikkerhetsgarantiene for Ukraina den dagen en fredsavtale er signert.<\/p>\n<p>Garantiene vil best\u00e5 av fem elementer, g\u00e5r det fram i en <a rel=\"noopener nofollow\" href=\"https:\/\/www.elysee.fr\/emmanuel-macron\/2026\/01\/06\/robust-security-guarantees-for-a-solid-and-lasting-peace-in-ukraine-statement-of-the-coalition-of-the-willing\" target=\"_blank\">erkl\u00e6ring<\/a>:<\/p>\n<ul>\n<li>USA-ledet overv\u00e5king og verifisering av en fremtidig v\u00e5penhvile, i samarbeid med koalisjonspartnerne<\/li>\n<li>St\u00f8tte til Ukrainas egne forsvarsstyrker<\/li>\n<li>En internasjonal sikringsstyrke<\/li>\n<li>St\u00f8tte til Ukraina hvis Russland angriper igjen<\/li>\n<li>Langvarig milit\u00e6r st\u00f8tte og samarbeid med Ukraina<\/li>\n<\/ul>\n<p>Ukraina-president Volodymyr Zelenskyj setter spesielt stor pris p\u00e5 at landets allierte er villige til \u00e5 bidra med soldater. Det er bred enighet om at det er et effektivt tiltak for \u00e5 avskrekke Russland fra \u00e5 fors\u00f8ke \u00e5 invadere p\u00e5 nytt i fremtiden:<\/p>\n<p>\u2013 Vi \u00f8nsker \u00e5 v\u00e6re klare s\u00e5nn at n\u00e5r diplomatiet f\u00e5r til en fred, s\u00e5 kan styrkene til koalisjonen bli utplassert, sier <a href=\"https:\/\/x.com\/United24media\/status\/2008614523457188052\" rel=\"Follow nofollow\">Zelenskyj tirsdag kveld<\/a>.<\/p>\n<p>  <a data-static=\"\" href=\"#skip-\" class=\"brick-c-fgNmNC\">Hopp over karusellen.<\/a><\/p>\n<p data-static=\"\" class=\"brick-c-fgNmNC\" id=\"carousel-title-\">Innholdskarusell med 20 artikler.<\/p>\n<p>F\u00e5r st\u00f8tte fra USA<\/p>\n<p>Og den s\u00e5kalte koalisjonen av villige f\u00e5r st\u00f8tte fra USA og deres spesialutsending Steve Witkoff.<\/p>\n<p>\u2013 Vi er enige med koalisjonen om at varige sikkerhetsgarantier og robuste velstandsforpliktelser er avgj\u00f8rende for en varig fred i Ukraina, og vi vil fortsette \u00e5 samarbeide om denne innsatsen, skriver Witkoff i et <a href=\"https:\/\/x.com\/SEPeaceMissions\/status\/2008609270514753763\" rel=\"Follow nofollow\">X-innlegg tirsdag kveld<\/a>.<\/p>\n<p>Han hyller dagens fremdrift i Paris-m\u00f8tet.<\/p>\n<p>Russland avviser: \u2013 Uakseptabelt<\/p>\n<p>En viktig del av sikkerhetsgarantiene er alts\u00e5 internasjonale styrker p\u00e5 ukrainsk jord. S\u00e5 sent som tirsdag gjorde statsminister Jonas Gahr St\u00f8re det klart at ogs\u00e5 norske soldater vil utplasseres.<\/p>\n<p>Men Russland har flere ganger de siste m\u00e5nedene uttalt at utenlandske soldater i Ukraina, som en del av sikkerhetsgarantiene, er helt uaktuelt:<\/p>\n<p>\u2013 Russland kommer ikke til \u00e5 diskutere en utenlandsk intervensjon i Ukraina i noen form eller format, <a href=\"https:\/\/www.reuters.com\/world\/europe\/russia-says-potential-military-troops-deployment-ukraine-unacceptable-2025-09-04\/\" rel=\"Follow nofollow noopener\" target=\"_blank\">sa det russiske utenriksdepartementets talskvinne Maria Zakharova i september<\/a>.<\/p>\n<p>Zakharova la til at en internasjonal sikringsstyrke ville v\u00e6re \u00abfundamentalt uakseptabelt\u00bb og at dette ville \u00abundergrave all sikkerhet\u00bb.<\/p>\n<p>I desember la hennes overordnende, Sergej Lavrov, til at Russland \u00abville svare\u00bb dersom europeiske land sendte soldater inn i Ukraina som en del av sikkerhetsgarantiene.<\/p>\n<p>\u2013 Vi har ingen planer om \u00e5 kjempe mot Europa, men vi vil svare p\u00e5 ethvert fiendtlig steg, inkludert utplasseringen av europeiske tropper i Ukraina, <a href=\"https:\/\/tass.com\/politics\/2056361\" rel=\"Follow nofollow noopener\" target=\"_blank\">sa Lavrov<\/a>.<\/p>\n<p>President Putin har sagt at vestlige styrker i Ukraina, som en del av en v\u00e5penhvile, <a href=\"https:\/\/www.bbc.com\/news\/articles\/czxwl15w2qko\" rel=\"Follow nofollow noopener\" target=\"_blank\">vil v\u00e6re \u00ablegitime m\u00e5l\u00bb<\/a>.<\/p>\n<p>Hvordan Russland vil svare p\u00e5 dagens utvikling, gjenst\u00e5r \u00e5 se. Russiske myndigheter har forel\u00f8pig ikke kommentert sikkerhetsgarantiene Ukrainas allierte ble enige om tirsdag kveld.<\/p>\n<p>Norsk Russland-forsker: \u2013 Vanskeligere for Russland<\/p>\n<p>Tor Bukkvoll er sjefsforsker ved Forsvarets forskningsinstitutt. Han tror kveldens enighet om sikkerhetsgarantier kan sette Russland under et press n\u00e5r det gjelder kravene deres i fredsforhandlingene:<\/p>\n<p>\u2013 Det gj\u00f8r det nok, men som alltid ligger djevelen i detaljene. Hvor mange soldater skal utplasseres? Hvor i landet skal de utplasseres? Hvilken utrustning og mandater vil de ha? sier Bukkvoll til Nettavisen, og presiserer dermed at mye fremdeles er usikkert.<\/p>\n<p>Han fremholder at USAs rolle er avgj\u00f8rende, etter at Russland har dr\u00f8yet fredsforhandlingene i mange m\u00e5neder:<\/p>\n<p>\u2013 Hvis USA gjennom Witkoff st\u00f8tter dette, s\u00e5 gj\u00f8r det det klart vanskeligere for Russland \u00e5 v\u00e6re absolutte i sin avvisning, sier Bukkvoll til Nettavisen.<\/p>\n<p>I Polen er man forsiktige optimister:<\/p>\n<p>\u2013 I dag i Paris snakket Europa, USA, Canada og andre med \u00e9n stemme om sikkerhetsgarantier og Ukrainas fremtid. Men jeg er fortsatt skeptisk til Russlands intensjoner, skriver Polens statsminister Donald Tusk i et <a href=\"https:\/\/x.com\/donaldtusk\/status\/2008616693371994610\" rel=\"Follow nofollow\">X-innlegg<\/a>.<\/p>\n","protected":false},"excerpt":{"rendered":"Ukrainas allierte har tirsdag blitt enige om sikkerhetsgarantiene for Ukraina den dagen en fredsavtale er signert. Garantiene vil&hellip;\n","protected":false},"author":2,"featured_media":131657,"comment_status":"","ping_status":"","sticky":false,"template":"","format":"standard","meta":{"footnotes":""},"categories":[12],"tags":[20,21,24,25,15,22,23,13,30,28,29,14,16,26,27,42,43,44,45],"class_list":{"0":"post-131656","1":"post","2":"type-post","3":"status-publish","4":"format-standard","5":"has-post-thumbnail","7":"category-verden","8":"tag-breaking-news","9":"tag-breakingnews","10":"tag-featured-news","11":"tag-featurednews","12":"tag-headlines","13":"tag-latest-news","14":"tag-latestnews","15":"tag-news","16":"tag-no","17":"tag-norge","18":"tag-norway","19":"tag-nyheter","20":"tag-overskrifter","21":"tag-top-stories","22":"tag-topstories","23":"tag-verden","24":"tag-world","25":"tag-world-news","26":"tag-worldnews"},"share_on_mastodon":{"url":"https:\/\/pubeurope.com\/@no\/115856863534879521","error":""},"_links":{"self":[{"href":"https:\/\/www.europesays.com\/no\/wp-json\/wp\/v2\/posts\/131656","targetHints":{"allow":["GET"]}}],"collection":[{"href":"https:\/\/www.europesays.com\/no\/wp-json\/wp\/v2\/posts"}],"about":[{"href":"https:\/\/www.europesays.com\/no\/wp-json\/wp\/v2\/types\/post"}],"author":[{"embeddable":true,"href":"https:\/\/www.europesays.com\/no\/wp-json\/wp\/v2\/users\/2"}],"replies":[{"embeddable":true,"href":"https:\/\/www.europesays.com\/no\/wp-json\/wp\/v2\/comments?post=131656"}],"version-history":[{"count":0,"href":"https:\/\/www.europesays.com\/no\/wp-json\/wp\/v2\/posts\/131656\/revisions"}],"wp:featuredmedia":[{"embeddable":true,"href":"https:\/\/www.europesays.com\/no\/wp-json\/wp\/v2\/media\/131657"}],"wp:attachment":[{"href":"https:\/\/www.europesays.com\/no\/wp-json\/wp\/v2\/media?parent=131656"}],"wp:term":[{"taxonomy":"category","embeddable":true,"href":"https:\/\/www.europesays.com\/no\/wp-json\/wp\/v2\/categories?post=131656"},{"taxonomy":"post_tag","embeddable":true,"href":"https:\/\/www.europesays.com\/no\/wp-json\/wp\/v2\/tags?post=131656"}],"curies":[{"name":"wp","href":"https:\/\/api.w.org\/{rel}","templated":true}]}}