{"id":131658,"date":"2026-01-08T01:29:15","date_gmt":"2026-01-08T01:29:15","guid":{"rendered":"https:\/\/www.europesays.com\/no\/131658\/"},"modified":"2026-01-08T01:29:15","modified_gmt":"2026-01-08T01:29:15","slug":"dra-til-helvete-ut-av-minneapolis-2","status":"publish","type":"post","link":"https:\/\/www.europesays.com\/no\/131658\/","title":{"rendered":"&#8211; Dra til helvete ut av Minneapolis"},"content":{"rendered":"<p>ICE-agenter skj\u00f8t og drepte en 37-\u00e5rig kvinne i Minneapolis onsdag. En talsperson for ICE sier at kvinnen fors\u00f8kte \u00e5 drepe deres folk med en bil, mens flere andre er uenige i denne beskrivelsen. De beskriver i stedet skytingen og drapet som en overreaksjon, if\u00f8lge <a href=\"https:\/\/www.nytimes.com\/live\/2026\/01\/07\/us\/minnesota-shooting-ice\" rel=\"nofollow noopener\" target=\"_blank\">The New York Times.<\/a>\u00a0<\/p>\n<p>Drapet har skapt et enormt sinne blant mange, inkludert byens ordf\u00f8rer Jacob Frey, som kalte myndighetens beskrivelser av det som skjedde for en \u00abs\u00f8ppel-historie\u00bb, if\u00f8lge <a href=\"https:\/\/www.reuters.com\/world\/us\/us-federal-agent-involved-minneapolis-shooting-during-immigration-surge-city-2026-01-07\/\" rel=\"nofollow noopener\" target=\"_blank\">Reuters<\/a>.\u00a0<\/p>\n<p class=\"font-weight-bold m-font-weight-bold\" data-lab-font_weight=\"font-weight-bold\">&#8211; Kom dere til helvete ut av Minneapolis. Vi vil ikke ha dere her, sa ordf\u00f8rer Jacob Frey (Demokratene) p\u00e5 en pressekonferanse onsdag, melder <a href=\"https:\/\/edition.cnn.com\/us\/live-news\/minnesota-fraud-state-reps-testify-01-07-26\" rel=\"nofollow noopener\" target=\"_blank\">CNN<\/a>.\u00a0\u00a0<\/p>\n<p class=\"font-weight-normal m-font-weight-normal\" data-lab-font_weight=\"font-weight-normal\">Demonstranter har begynt \u00e5 kaste sn\u00f8baller mot Minneapolis-politiet, melder tv-kanalen videre.<\/p>\n<p>        <img loading=\"lazy\" decoding=\"async\" src=\"https:\/\/www.europesays.com\/no\/wp-content\/uploads\/2026\/01\/1767835753_638_84069002.webp.webp\" width=\"686\" height=\"460\" title=\"SPENT STEMNING: Fotografen King Demetrius Pendleton f\u00e5r \u00f8ynene sine vasket etter \u00e5 ha f\u00e5tt kjemiske stoffer mens han jobbet med \u00e5 dekke br\u00e5ket i Minneapolis. Foto: Ben Hovland \/ Ap \/ NTB\" alt=\"\" class=\"\" style=\"--aspect-ratio-image: 1.49; \"\/><\/p>\n<p>\n        SPENT STEMNING: Fotografen King Demetrius Pendleton f\u00e5r \u00f8ynene sine vasket etter \u00e5 ha f\u00e5tt kjemiske stoffer mens han jobbet med \u00e5 dekke br\u00e5ket i Minneapolis. Foto: Ben Hovland \/ Ap \/ NTB\n    <\/p>\n<p>    Kort fortalt<\/p>\n<ul lang=\"nb-NO\">\n<li>ICE-agenter skj\u00f8t og drepte en 37-\u00e5rig kvinne i Minneapolis onsdag, noe som har skapt sinne og protester.<\/li>\n<li>Ordf\u00f8rer Jacob Frey kritiserte ICEs handlinger og ba dem forlate byen umiddelbart.<\/li>\n<li>ICE hevder kvinnen fors\u00f8kte \u00e5 kj\u00f8re over politibetjenter, mens andre mener skytingen var en overreaksjon.<\/li>\n<li>ACLU i Minnesota krever en umiddelbar etterforskning av hendelsen.<\/li>\n<\/ul>\n<p class=\"italic ai-disclaimer\" data-lab-italic=\"italic\">Sammendraget er laget av ChatGPT og godkjent av Dagbladet.<\/p>\n<p>      Vis mer<br \/>\n      Vis mindre<\/p>\n<p class=\"font-weight-bold m-font-weight-bold\" data-lab-font_weight=\"font-weight-bold\">ICE: &#8211; Terror<\/p>\n<p>If\u00f8lge ICE, skal den n\u00e5 drepte kvinnen ha\u00a0\u00abfors\u00f8kt \u00e5 kj\u00f8re over politibetjentene for \u00e5 drepe dem\u00bb, if\u00f8lge Tricia McLaughlin i en uttalelse fra Homeland Security, if\u00f8lge <a href=\"https:\/\/www.nbcnews.com\/news\/us-news\/federal-law-enforcement-involved-ice-related-shooting-minneapolis-rcna252812\" rel=\"nofollow noopener\" target=\"_blank\">NBC News<\/a>.<\/p>\n<p>&#8211; Det var terror, sa Kristi Noem i USAs sikkerhetsdepartement p\u00e5 en pressekonferanse, if\u00f8lge kanalen.<\/p>\n<p>Videre melder McLaughlin at det var\u00a0\u00abskudd i selvforsvar\u00bb som drepte kvinnen.<\/p>\n<p>Det er ikke byr\u00e5dsmedlemmet Jason Chavez enig i. Han mener at ICE-agenten som drepte kvinnen m\u00e5 bli\u00a0\u00abarrestert og sparkes umiddelbart\u00bb, <a href=\"https:\/\/edition.cnn.com\/us\/live-news\/minnesota-fraud-state-reps-testify-01-07-26\" rel=\"nofollow noopener\" target=\"_blank\">if\u00f8lge CNN<\/a>.\u00a0<\/p>\n<p>Krever etterforskning\t<\/p>\n<p>Heller ikke Minnesota-guvern\u00f8r Tim Walz er imponert over onsdagens ICE-aksjon.<\/p>\n<p class=\"font-weight-bold m-font-weight-bold\" data-lab-font_weight=\"font-weight-bold\">&#8211; Det vi ser n\u00e5 er konsekvensen av et styresett som er laget for \u00e5 spre frykt, overskrifter og konflikt, sier Walz.\u00a0<\/p>\n<p>Walz sier videre at Minneapolis\u00a0\u00abikke trenger mer hjelp fra de f\u00f8derale myndigheter\u00bb, og siktet her direkte til Trump og Noem, skriver <a href=\"https:\/\/www.bbc.com\/news\/live\/c7510l1135wt\" rel=\"nofollow noopener\" target=\"_blank\">BBC<\/a>.\u00a0<\/p>\n<p>Menneskerettighetsgruppa ACLU i Minnesota krever n\u00e5 en umiddelbar etterforskning av ICE-skytinga, melder organisasjonen i et <a href=\"https:\/\/www.facebook.com\/aclumn\/posts\/pfbid0HAwL1kxGynxzH8kzxsi8S4wo33QbN5ckvX4fUW2dTQVPb1pL8hJScRyNAjuMnDmNl\" rel=\"nofollow noopener\" target=\"_blank\">Facebook-innlegg<\/a>:<\/p>\n<p>\u00abACLU i Minnesota er oppr\u00f8rt over nyhetene om at ICE har skutt og drept en kvinne i Minneapolis, og ber om en \u00e5pen etterforskning av skytingen. Vi venter p\u00e5 mer informasjon, men vet f\u00f8lgende: ICE gj\u00f8r v\u00e5re samfunn farligere og m\u00e5 forlate Minnesota umiddelbart\u00bb, skriver ACLU.<\/p>\n<p>        <img loading=\"lazy\" decoding=\"async\" src=\"https:\/\/www.europesays.com\/no\/wp-content\/uploads\/2026\/01\/1767835754_775_84068695.webp.webp\" width=\"686\" height=\"460\" title=\"KVINNE DREPT: Et kulehull synes p\u00e5 bilen der en kvinne ble skutt og drept av ICE-agenter onsdag. Foto: Tom Baker \/ Ap \/ NTB\" alt=\"\" class=\"\" style=\"--aspect-ratio-image: 1.49; \"\/><\/p>\n<p>\n        KVINNE DREPT: Et kulehull synes p\u00e5 bilen der en kvinne ble skutt og drept av ICE-agenter onsdag. Foto: Tom Baker \/ Ap \/ NTB\n    <\/p>\n<p>Symbolsk by\t<\/p>\n<p>Drapet p\u00e5 kvinnen skjedde i Minneapolis, som er akkurat samme by som den afroamerikanske George Floyd ble drept da han ble p\u00e5grepet av politiet i 2020.<\/p>\n<p>Drapet p\u00e5 Floyd f\u00f8rte til voldsomme demonstrasjoner mot politivold og rasisme. F\u00f8rst i Minneapolis, men etter hvert ogs\u00e5 over hele USA.\u00a0<\/p>\n<p>Amerikanske medier melder om demonstrasjoner i byen etter drapet.\u00a0<\/p>\n<p class=\"font-weight-bold m-font-weight-bold\" data-lab-font_weight=\"font-weight-bold\">&#8211; Jeg er klar over skytingen som involverer en ICE-agent. Deres tilstedev\u00e6relse skaper kaos i byen v\u00e5r. Vi krever at ICE forlater byen umiddelbart. Vi st\u00e5r st\u00f8tt sammen med v\u00e5re innvandrer- og flyktningsamfunn, skrev ordf\u00f8rer Frey p\u00e5 Twitter \/ X.\u00a0<\/p>\n<blockquote class=\"twitter-tweet\">\n<p lang=\"en\" dir=\"ltr\">I am aware of a shooting involving an ICE agent at 34th Street &amp; Portland. The presence of federal immigration enforcement agents is causing chaos in our city. We\u2019re demanding ICE to leave the city immediately. We stand rock solid with our immigrant and refugee communities.<\/p>\n<p>\u2014 Mayor Jacob Frey (@MayorFrey) <a href=\"https:\/\/twitter.com\/MayorFrey\/status\/2008945355925364762?ref_src=twsrc%5Etfw\" rel=\"nofollow noopener\" target=\"_blank\">January 7, 2026<\/a><\/p><\/blockquote>\n<p>Omdiskutert\t<\/p>\n<p>S\u00e5 seint som tirsdag hadde <a href=\"https:\/\/edition.cnn.com\/2026\/01\/06\/us\/minneapolis-ice-crackdown-what-we-know\" rel=\"nofollow noopener\" target=\"_blank\">CNN<\/a> en st\u00f8rre sak om at rundt 2000 ICE-agenter n\u00e5 sendes til Minneapolis som en del av Trump-administrasjonens siste fors\u00f8k p\u00e5 \u00e5 sl\u00e5 ned p\u00e5 innvandringen i regionen.<\/p>\n<p>Mandag denne uka arresterte ICE-agenter mer enn 150 personer i Minneapolis, som de anklaget for \u00e5 v\u00e6re ulovlig i landet, if\u00f8lge en uttalelse fra USAs sikkerhetsdepartement, skriver <a href=\"https:\/\/edition.cnn.com\/2026\/01\/06\/us\/minneapolis-ice-crackdown-what-we-know\" rel=\"nofollow noopener\" target=\"_blank\">CNN<\/a>.\u00a0<\/p>\n<p>ICE ble opprettet i 2003, under president George W. Bush som en del av omorganiseringen etter 11. september-angrepene.<\/p>\n<p>ICE er en sentral akt\u00f8r i Donald Trumps immigrasjonspolitikk, og har f\u00e5tt en mye mer politisert rolle. Trump har utvidet og strammet inn bruken av etaten betydelig, med \u00f8kt budsjett, flere ansatte og mer aggressive arrestasjons- og utvisningskampanjer.<\/p>\n<p>Diskusjonen om ICEs&#8217; rolle i USA er sv\u00e6rt betent. Hotellkjeden Hilton fjernet nylig Hampton Inn hotel, som ligger i utkanten av Minneapolis, fra sitt Hilton-univers. \u00c5rsak: Hotellet hadde nektet \u00e5 la ICE-ansatte ta inn p\u00e5 hotellet, melder <a href=\"https:\/\/www.reuters.com\/world\/us\/hilton-removes-minneapolis-hotel-that-cancelled-reservation-immigration-agents-2026-01-06\/\" rel=\"nofollow noopener\" target=\"_blank\">Reuters<\/a>.\u00a0 \u00a0<\/p>\n<p>    <a itemprop=\"url\" href=\"https:\/\/www.dagbladet.no\/nyheter\/det-endret-usa-og-verden\/82143177\" rel=\"nofollow noopener\" target=\"_blank\"><\/p>\n<p>        <img loading=\"lazy\" decoding=\"async\" src=\"https:\/\/www.europesays.com\/no\/wp-content\/uploads\/2026\/01\/1767835755_994_82174639.webp.webp\" width=\"980\" height=\"441\" title=\"- Det endret USA og verden\" alt=\"\" class=\"lazyload\" style=\"--aspect-ratio-image: 2.22; \"\/><\/p>\n<p>        &#8211; Det endret USA og verden<\/p>\n<p>    <\/a><\/p>\n<p><script async src=\"https:\/\/platform.twitter.com\/widgets.js\" charset=\"utf-8\"><\/script><\/p>\n","protected":false},"excerpt":{"rendered":"ICE-agenter skj\u00f8t og drepte en 37-\u00e5rig kvinne i Minneapolis onsdag. En talsperson for ICE sier at kvinnen fors\u00f8kte&hellip;\n","protected":false},"author":2,"featured_media":131522,"comment_status":"","ping_status":"","sticky":false,"template":"","format":"standard","meta":{"footnotes":""},"categories":[12],"tags":[20,21,55,24,25,15,1403,22,23,14313,13,30,28,29,14,16,26,27,50,412,42,43,44,45],"class_list":{"0":"post-131658","1":"post","2":"type-post","3":"status-publish","4":"format-standard","5":"has-post-thumbnail","7":"category-verden","8":"tag-breaking-news","9":"tag-breakingnews","10":"tag-donald-trump","11":"tag-featured-news","12":"tag-featurednews","13":"tag-headlines","14":"tag-ice","15":"tag-latest-news","16":"tag-latestnews","17":"tag-minneapolis","18":"tag-news","19":"tag-no","20":"tag-norge","21":"tag-norway","22":"tag-nyheter","23":"tag-overskrifter","24":"tag-top-stories","25":"tag-topstories","26":"tag-usa","27":"tag-utenriks","28":"tag-verden","29":"tag-world","30":"tag-world-news","31":"tag-worldnews"},"share_on_mastodon":{"url":"https:\/\/pubeurope.com\/@no\/115856891146573855","error":""},"_links":{"self":[{"href":"https:\/\/www.europesays.com\/no\/wp-json\/wp\/v2\/posts\/131658","targetHints":{"allow":["GET"]}}],"collection":[{"href":"https:\/\/www.europesays.com\/no\/wp-json\/wp\/v2\/posts"}],"about":[{"href":"https:\/\/www.europesays.com\/no\/wp-json\/wp\/v2\/types\/post"}],"author":[{"embeddable":true,"href":"https:\/\/www.europesays.com\/no\/wp-json\/wp\/v2\/users\/2"}],"replies":[{"embeddable":true,"href":"https:\/\/www.europesays.com\/no\/wp-json\/wp\/v2\/comments?post=131658"}],"version-history":[{"count":0,"href":"https:\/\/www.europesays.com\/no\/wp-json\/wp\/v2\/posts\/131658\/revisions"}],"wp:featuredmedia":[{"embeddable":true,"href":"https:\/\/www.europesays.com\/no\/wp-json\/wp\/v2\/media\/131522"}],"wp:attachment":[{"href":"https:\/\/www.europesays.com\/no\/wp-json\/wp\/v2\/media?parent=131658"}],"wp:term":[{"taxonomy":"category","embeddable":true,"href":"https:\/\/www.europesays.com\/no\/wp-json\/wp\/v2\/categories?post=131658"},{"taxonomy":"post_tag","embeddable":true,"href":"https:\/\/www.europesays.com\/no\/wp-json\/wp\/v2\/tags?post=131658"}],"curies":[{"name":"wp","href":"https:\/\/api.w.org\/{rel}","templated":true}]}}