{"id":131665,"date":"2026-01-08T01:58:15","date_gmt":"2026-01-08T01:58:15","guid":{"rendered":"https:\/\/www.europesays.com\/no\/131665\/"},"modified":"2026-01-08T01:58:15","modified_gmt":"2026-01-08T01:58:15","slug":"gir-ikke-mening-a-snakke-om-russiske-trusler-mot-svalbard-nrk-troms-og-finnmark","status":"publish","type":"post","link":"https:\/\/www.europesays.com\/no\/131665\/","title":{"rendered":"Gir ikke mening \u00e5 snakke om russiske trusler mot Svalbard \u2013 NRK Troms og Finnmark"},"content":{"rendered":"<p>Overfor NRK har redakt\u00f8r og forfatter Birger Amundsen onsdag uttrykt bekymring for at Svalbard vil havne mer i spill ved en amerikansk overtakelse av Gr\u00f8nland.<\/p>\n<p>USA-ekspert Hilde Restad, som er f\u00f8rsteamanuensis ved Oslo Nye H\u00f8yskole, tegnet overfor NTB opp et enda m\u00f8rkere bilde tidligere i uka. Nato-samarbeidet vil rakne om USA tar Gr\u00f8nland, sl\u00e5r hun fast.<\/p>\n<p>\u2013 Og da er det jo bare for Russland \u00e5 ta Svalbard. Hva stopper dem? Ingenting, sa Restad.<\/p>\n<p>\u2013 En udelelig del av Norge<\/p>\n<p>St\u00f8re vil ikke spekulere p\u00e5 konsekvensene for Svalbard om USA gj\u00f8r alvor av truslene.<\/p>\n<p>\u2013 Nei, dette er hypotetiske sp\u00f8rsm\u00e5l som det ikke gir mening \u00e5 svare p\u00e5, sier St\u00f8re til NTB:<\/p>\n<p>\u2013 Svalbard er en udelelig del av Norge. Svalbard er like mye Norge som et fylke i Norge. Det forvalter vi p\u00e5 en god og klok m\u00e5te, og det kommer til \u00e5 fortsette, sier han videre.<\/p>\n<p><a class=\"login-banner-hack\" href=\"https:\/\/www.nrk.no\/logginn?context=article-plug\" style=\"padding: 0; border: none; display: none\" rel=\"nofollow noopener\" target=\"_blank\"><\/p>\n<p>            <img decoding=\"async\"   src=\"data:image\/gif;base64,R0lGODlhAQABAIAAAAAAAP\/\/\/yH5BAEAAAAALAAAAAABAAEAAAIBRAA7\" alt=\"Oppfordring til \u00e5 logge p\u00e5 NRKs tjenester\" title=\"Foto: Odd Arne Olderbakk\"\/><\/p>\n<p>            <img decoding=\"async\"   src=\"data:image\/gif;base64,R0lGODlhAQABAIAAAAAAAP\/\/\/yH5BAEAAAAALAAAAAABAAEAAAIBRAA7\" alt=\"Oppfordring til \u00e5 logge p\u00e5 NRKs tjenester\" title=\"Foto: Odd Arne Olderbakk\"\/><\/p>\n<p><\/a><\/p>\n<p>Publisert<\/p>\n<p>07.01.2026, kl. 12.08<\/p>\n<p>Oppdatert<\/p>\n<p>07.01.2026, kl. 12.16<\/p>\n","protected":false},"excerpt":{"rendered":"Overfor NRK har redakt\u00f8r og forfatter Birger Amundsen onsdag uttrykt bekymring for at Svalbard vil havne mer i&hellip;\n","protected":false},"author":2,"featured_media":131666,"comment_status":"","ping_status":"","sticky":false,"template":"","format":"standard","meta":{"footnotes":""},"categories":[12],"tags":[20,21,24,25,15,22,23,13,30,28,29,14,16,26,27,42,43,44,45],"class_list":{"0":"post-131665","1":"post","2":"type-post","3":"status-publish","4":"format-standard","5":"has-post-thumbnail","7":"category-verden","8":"tag-breaking-news","9":"tag-breakingnews","10":"tag-featured-news","11":"tag-featurednews","12":"tag-headlines","13":"tag-latest-news","14":"tag-latestnews","15":"tag-news","16":"tag-no","17":"tag-norge","18":"tag-norway","19":"tag-nyheter","20":"tag-overskrifter","21":"tag-top-stories","22":"tag-topstories","23":"tag-verden","24":"tag-world","25":"tag-world-news","26":"tag-worldnews"},"share_on_mastodon":{"url":"https:\/\/pubeurope.com\/@no\/115857005102092123","error":""},"_links":{"self":[{"href":"https:\/\/www.europesays.com\/no\/wp-json\/wp\/v2\/posts\/131665","targetHints":{"allow":["GET"]}}],"collection":[{"href":"https:\/\/www.europesays.com\/no\/wp-json\/wp\/v2\/posts"}],"about":[{"href":"https:\/\/www.europesays.com\/no\/wp-json\/wp\/v2\/types\/post"}],"author":[{"embeddable":true,"href":"https:\/\/www.europesays.com\/no\/wp-json\/wp\/v2\/users\/2"}],"replies":[{"embeddable":true,"href":"https:\/\/www.europesays.com\/no\/wp-json\/wp\/v2\/comments?post=131665"}],"version-history":[{"count":0,"href":"https:\/\/www.europesays.com\/no\/wp-json\/wp\/v2\/posts\/131665\/revisions"}],"wp:featuredmedia":[{"embeddable":true,"href":"https:\/\/www.europesays.com\/no\/wp-json\/wp\/v2\/media\/131666"}],"wp:attachment":[{"href":"https:\/\/www.europesays.com\/no\/wp-json\/wp\/v2\/media?parent=131665"}],"wp:term":[{"taxonomy":"category","embeddable":true,"href":"https:\/\/www.europesays.com\/no\/wp-json\/wp\/v2\/categories?post=131665"},{"taxonomy":"post_tag","embeddable":true,"href":"https:\/\/www.europesays.com\/no\/wp-json\/wp\/v2\/tags?post=131665"}],"curies":[{"name":"wp","href":"https:\/\/api.w.org\/{rel}","templated":true}]}}