{"id":131667,"date":"2026-01-08T02:06:25","date_gmt":"2026-01-08T02:06:25","guid":{"rendered":"https:\/\/www.europesays.com\/no\/131667\/"},"modified":"2026-01-08T02:06:25","modified_gmt":"2026-01-08T02:06:25","slug":"usa-kritiserer-europa-men-lever-selv-pa-lant-tid-dagens-naeringsliv","status":"publish","type":"post","link":"https:\/\/www.europesays.com\/no\/131667\/","title":{"rendered":"USA kritiserer Europa, men lever selv p\u00e5 l\u00e5nt tid &#8211; Dagens N\u00e6ringsliv"},"content":{"rendered":"<ol>\n<li><a href=\"https:\/\/news.google.com\/rss\/articles\/CBMiqAFBVV95cUxNaWY5dEg5NU5YdlNYdDQyRGFXMkVaOEdpVXFDZm1WN19aZEFDeUdYeVhyVkdpTWliYVZkN2ttUTdVcnRlRVMwajYzNFdfWDFkVUlwQUhOT1JjVmZHZms1Mklmc1hrdWY3dnBRMkRFaTBBLTltaXJJb1p4S01OU1NUdlo3QkJiOTNkTXh4WmdQZUtsc1Q0UW5ZY3hSVEptM0dua1V5R0E3T08?oc=5\" target=\"_blank\" rel=\"nofollow noopener\">USA kritiserer Europa, men lever selv p\u00e5 l\u00e5nt tid<\/a>&nbsp;&nbsp;Dagens N\u00e6ringsliv<\/li>\n<li><a href=\"https:\/\/news.google.com\/rss\/articles\/CBMixwFBVV95cUxOR2JOZDVQZ1BPMkZZNDF5MVM3aTN6ZUcyTFpDR3lHcWhwYnB0M19RMTN2WlFlWnpYRGlCRjV6SW1lR3libUIydXFNRWRmX1VWSnU1SURDYWdDSGFPdW5SQlNUQlYxclJwOXAzVFBRNU9PMFB2LWJpdWZZeDRnd24zTWZ0aTZTWi1LVXBKOTVqT1dIT0VBWFp5TU1ucmF5UkNTSWRJZzhpUDFfcmgtWkZ2VE5IWjdqTHJ6M1hpanpGSG9sYkhydjhB?oc=5\" target=\"_blank\" rel=\"nofollow noopener\">USA truer Europas suverenitet<\/a>&nbsp;&nbsp;Aftenposten<\/li>\n<li><a href=\"https:\/\/news.google.com\/rss\/articles\/CBMigwFBVV95cUxPNk1VdWxXZ3FHWjlHbllzeGtoS3VTNmhlN09GQkRYVkljU0haVmFyaXJwbVY0LWtSczdYTHgzMEh0WUJ0R1lZbGN0VEpFV1dlSU1mdFV3b1N5R1B1ako4N3Y5WGlxbEowanMxcGtMWWZFY1RpLUlfcG1xUVpmN2kxVTY0OA?oc=5\" target=\"_blank\" rel=\"nofollow noopener\">Smisking med USA hjelper ikke, vi m\u00e5 klare oss uten<\/a>&nbsp;&nbsp;Gemini.no<\/li>\n<li><a href=\"https:\/\/news.google.com\/rss\/articles\/CBMitgFBVV95cUxNY29CX2dBb0Z0WVRfbDIyM1FGZ0taOWd1aGZKSjl1VmU2aHVEVURVaXRaR2o2ZEZfdXlPOHJzOXNVa1NXUXhwY0FJNEJsLTJ2TUh2UVVBVE9ETTFDUVJ6MDZGTDRvN210ZzlpYXIzeGswT19ROWpqZzZGWXFNRU9CN3NsMVN6WDN6bGQ3NmFmaW4zaTFSWHJSYXdKMmFsUG5lcWpkQm01NFhrVVNHV3A2R3JpSE5hUQ?oc=5\" target=\"_blank\" rel=\"nofollow noopener\">(+) N\u00e5 sier det seg selv at Trumps USA ikke lenger kan v\u00e6re v\u00e5r allierte<\/a>&nbsp;&nbsp;Morgenbladet<\/li>\n<li><a href=\"https:\/\/news.google.com\/rss\/articles\/CBMiekFVX3lxTE9zRWk4a1FKY3NEVVJqeXVzajJrYjZuVWl4blViVTlYVUVBNnpBUF9vYnZCRTBJcjZQSnllZTlmS0J4RUE2ekx1VWo1MTYwc2dKSm9mSG9tQ09JZUdkMUFTWmtNODNPc1N0X1hOdmxKVmFBQjZXOFlFTEhR?oc=5\" target=\"_blank\" rel=\"nofollow noopener\">Trumps \u00abfrykt og avsky\u00bb for Europa<\/a>&nbsp;&nbsp;Agenda Magasin<\/li>\n<\/ol>\n","protected":false},"excerpt":{"rendered":"USA kritiserer Europa, men lever selv p\u00e5 l\u00e5nt tid&nbsp;&nbsp;Dagens N\u00e6ringsliv USA truer Europas suverenitet&nbsp;&nbsp;Aftenposten Smisking med USA hjelper&hellip;\n","protected":false},"author":2,"featured_media":131668,"comment_status":"","ping_status":"","sticky":false,"template":"","format":"standard","meta":{"footnotes":""},"categories":[12],"tags":[20,21,24,25,15,22,23,13,30,28,29,14,16,26,27,42,43,44,45],"class_list":{"0":"post-131667","1":"post","2":"type-post","3":"status-publish","4":"format-standard","5":"has-post-thumbnail","7":"category-verden","8":"tag-breaking-news","9":"tag-breakingnews","10":"tag-featured-news","11":"tag-featurednews","12":"tag-headlines","13":"tag-latest-news","14":"tag-latestnews","15":"tag-news","16":"tag-no","17":"tag-norge","18":"tag-norway","19":"tag-nyheter","20":"tag-overskrifter","21":"tag-top-stories","22":"tag-topstories","23":"tag-verden","24":"tag-world","25":"tag-world-news","26":"tag-worldnews"},"share_on_mastodon":{"url":"https:\/\/pubeurope.com\/@no\/115857036610327181","error":""},"_links":{"self":[{"href":"https:\/\/www.europesays.com\/no\/wp-json\/wp\/v2\/posts\/131667","targetHints":{"allow":["GET"]}}],"collection":[{"href":"https:\/\/www.europesays.com\/no\/wp-json\/wp\/v2\/posts"}],"about":[{"href":"https:\/\/www.europesays.com\/no\/wp-json\/wp\/v2\/types\/post"}],"author":[{"embeddable":true,"href":"https:\/\/www.europesays.com\/no\/wp-json\/wp\/v2\/users\/2"}],"replies":[{"embeddable":true,"href":"https:\/\/www.europesays.com\/no\/wp-json\/wp\/v2\/comments?post=131667"}],"version-history":[{"count":0,"href":"https:\/\/www.europesays.com\/no\/wp-json\/wp\/v2\/posts\/131667\/revisions"}],"wp:featuredmedia":[{"embeddable":true,"href":"https:\/\/www.europesays.com\/no\/wp-json\/wp\/v2\/media\/131668"}],"wp:attachment":[{"href":"https:\/\/www.europesays.com\/no\/wp-json\/wp\/v2\/media?parent=131667"}],"wp:term":[{"taxonomy":"category","embeddable":true,"href":"https:\/\/www.europesays.com\/no\/wp-json\/wp\/v2\/categories?post=131667"},{"taxonomy":"post_tag","embeddable":true,"href":"https:\/\/www.europesays.com\/no\/wp-json\/wp\/v2\/tags?post=131667"}],"curies":[{"name":"wp","href":"https:\/\/api.w.org\/{rel}","templated":true}]}}