{"id":131675,"date":"2026-01-08T02:43:09","date_gmt":"2026-01-08T02:43:09","guid":{"rendered":"https:\/\/www.europesays.com\/no\/131675\/"},"modified":"2026-01-08T02:43:09","modified_gmt":"2026-01-08T02:43:09","slug":"vegvesenet-advarer-veldig-glatt-mange-steder","status":"publish","type":"post","link":"https:\/\/www.europesays.com\/no\/131675\/","title":{"rendered":"Vegvesenet advarer: Veldig glatt mange steder"},"content":{"rendered":"\n<p class=\"_lead_o9xde_2 _lead_xtcu6_50 layout-component text-serif-m layout-normal text-serif-l layout-component layout-wide layout-padded _wide_17hqh_1 layout-padded\">Sn\u00f8en laver ned p\u00e5 \u00d8stlandet natt til torsdag. Vegvesenet r\u00e5der folk til \u00e5 tenke p\u00e5 farten n\u00e5r de skal ut \u00e5 kj\u00f8re, for det er veldig glatt mange steder.<\/p>\n<ul class=\"_gallery_1qa3s_23\" tabindex=\"0\">\n<li class=\"_item_1qa3s_37\" data-index=\"0\"><img fetchpriority=\"high\" decoding=\"async\" class=\"_image_foru8_23 _introGallery_foru8_43\" data-fullscreen- width=\"8640\" height=\"5760\" itemprop=\"image\" loading=\"eager\"  src=\"https:\/\/www.europesays.com\/no\/wp-content\/uploads\/2026\/01\/fa15fc6d-64a5-4f4b-907b-595b14199473.jpeg\"  style=\"object-position:50% 50%;aspect-ratio:var(--gallery-aspect-ratio, 16 \/ 9)\"\/>Trafikk gjennom sn\u00f8v\u00e6ret p\u00e5 E6 ved Furuset i Oslo sent onsdag kveld.  Foto: Stian Lysberg Solum \/ NTB<\/li>\n<li class=\"_item_1qa3s_37\" data-index=\"1\"><img decoding=\"async\" class=\"_image_foru8_23 _introGallery_foru8_43\" data-fullscreen- width=\"8640\" height=\"5760\" itemprop=\"image\" loading=\"lazy\"  src=\"https:\/\/www.europesays.com\/no\/wp-content\/uploads\/2026\/01\/60994be2-5703-432c-bb4e-c406c9a70a01.jpeg\"  style=\"object-position:50% 50%;aspect-ratio:var(--gallery-aspect-ratio, 16 \/ 9)\"\/>En buss p\u00e5 riksvei 4 ved Bjerke i Oslo.  Foto: Stian Lysberg Solum \/ NTB<\/li>\n<li class=\"_item_1qa3s_37\" data-index=\"2\"><img decoding=\"async\" class=\"_image_foru8_23 _introGallery_foru8_43\" data-fullscreen- width=\"8640\" height=\"5760\" itemprop=\"image\" loading=\"lazy\"  src=\"https:\/\/www.europesays.com\/no\/wp-content\/uploads\/2026\/01\/f2f67086-97cd-4dc5-b2b0-b304bb4e2415.jpeg\"  style=\"object-position:50% 50%;aspect-ratio:var(--gallery-aspect-ratio, 16 \/ 9)\"\/>P\u00e5 E6 nordover fra Oslo, som her ved Furuset, sn\u00f8r det mye natt til torsdag. Dette bildet er tatt onsdag kveld.  Foto: Stian Lysberg Solum \/ NTB<\/li>\n<\/ul>\n<p>Trafikk gjennom sn\u00f8v\u00e6ret p\u00e5 E6 ved Furuset i Oslo sent onsdag kveld.  Foto: Stian Lysberg Solum \/ NTB<\/p>\n<ul aria-hidden=\"true\" class=\"_images_ntbth_112\">\n<li><a class=\"_link_ntbth_117\" href=\"https:\/\/www.vg.no\/forfatter\/ntb\" style=\"z-index:1\" title=\"NTB\" rel=\"nofollow noopener\" target=\"_blank\"><img alt=\"Bilde av NTB\" class=\"_image_ntbth_93\" fetchpriority=\"low\" loading=\"lazy\" decoding=\"async\" itemprop=\"image\"  src=\"https:\/\/www.europesays.com\/no\/wp-content\/uploads\/2026\/01\/1767840189_397_c33980b0-5d07-4027-84a1-813f90a7c8d6.png\"  width=\"480\"\/><\/a><\/li>\n<\/ul>\n<p> Oppdatert torsdag 8. januar kl. 03:06     <\/p>\n<p class=\"_paragraph_o9xde_4 _paragraph_xtcu6_10 layout-component text-serif-m layout-normal text-serif-m layout-padded\">\u2013 Det sn\u00f8r tett i Oslo, og ogs\u00e5 nordover p\u00e5 E6, forteller trafikkoperat\u00f8r Gunnar Dovland ved Vegtrafikksentralen \u00f8st til NTB noe etter klokka 2.<\/p>\n<p class=\"_paragraph_o9xde_4 _paragraph_xtcu6_10 layout-component text-serif-m layout-normal text-serif-m layout-padded\">B\u00e5de der og en rekke andre steder kj\u00f8res det kontinuerlig s\u00e5kalte br\u00f8ytetog, alts\u00e5 kolonner av br\u00f8ytebiler i formasjon.<\/p>\n<p class=\"_paragraph_o9xde_4 _paragraph_xtcu6_10 layout-component text-serif-m layout-normal text-serif-m layout-padded\">Ogs\u00e5 nedover i \u00d8stfold og p\u00e5 E18 vest for hovedstaden sn\u00f8r det mye. Samtidig er det relativt lite trafikk natt til torsdag, if\u00f8lge overv\u00e5kingen til Vegtrafikksentralen.<\/p>\n<p class=\"_paragraph_o9xde_4 _paragraph_xtcu6_10 layout-component text-serif-m layout-normal text-serif-m layout-padded\">\u2013 Det lille som er av trafikk, r\u00f8rer seg i et fornuftig tempo, forteller trafikkoperat\u00f8ren.<\/p>\n<p>20 centimeter<\/p>\n<p class=\"_paragraph_o9xde_4 _paragraph_xtcu6_10 layout-component text-serif-m layout-normal text-serif-m layout-padded\"> <a href=\"https:\/\/www.vg.no\/tag\/meteorologisk-institutt?utm_source=vg-article&amp;utm_medium=auto-tagger&amp;utm_campaign=zOGW5r\" class=\"_link_o9xde_39\" rel=\"nofollow noopener\" target=\"_blank\">Meteorologisk institutt<\/a> har sendt ut <a href=\"https:\/\/www.varsom.no\/vaervarsling\/?event=snow#MET_snow\" class=\"_link_o9xde_39\" rel=\"nofollow noopener\" target=\"_blank\">gult farevarsel<\/a> om sn\u00f8, gjeldende til torsdag. Det gjelder for Telemark, Vestfold, Buskerud, Akershus, Akershus, Innlandet og \u00d8stfold.<\/p>\n<p class=\"_paragraph_o9xde_4 _paragraph_xtcu6_10 layout-component text-serif-m layout-normal text-serif-m layout-padded\">\u2013 Det kan komme kanskje 20 centimeter og ikke 25, som vi f\u00f8rst sa, men vi lar det gule farevarselet st\u00e5, fortalte vakthavende meteorolog Ingrid Bentsen ved Meteorologisk institutt til NTB onsdag kveld.<\/p>\n<p class=\"_paragraph_o9xde_4 _paragraph_xtcu6_10 layout-component text-serif-m layout-normal text-serif-m layout-padded\">Det er natt til torsdag store mannskaper i sving med \u00e5 holde veien kj\u00f8rbare.<\/p>\n<p class=\"_paragraph_o9xde_4 _paragraph_xtcu6_10 layout-component text-serif-m layout-normal text-serif-m layout-padded\">\u2013 De har en skikkelig jobb n\u00e5, for det er ikke r\u00e5d \u00e5 holde det bart s\u00e5nn som det sn\u00f8r n\u00e5. Og n\u00e5r det er s\u00e5 kaldt, biter ikke saltet, forteller trafikkoperat\u00f8r Dovland.<\/p>\n<p class=\"_paragraph_o9xde_4 _paragraph_xtcu6_10 layout-component text-serif-m layout-normal text-serif-m layout-padded\">\u2013 Folk m\u00e5 kjenne sin bes\u00f8kelsestid n\u00e5r det gjelder fart. Det er veldig glatt mange steder, legger han til.<\/p>\n<p>Ruter: Beregn god tid<\/p>\n<p class=\"_paragraph_o9xde_4 _paragraph_xtcu6_10 layout-component text-serif-m layout-normal text-serif-m layout-padded\">Folk m\u00e5 regne med forsinkelser torsdag morgen, og det kan ogs\u00e5 skje hendelser som gir problemer i trafikken. Samtidig vil ikke trafikkoperat\u00f8r Dovland g\u00e5 s\u00e5 langt som til \u00e5 r\u00e5de folk til \u00e5 holde seg unna veiene.<\/p>\n<p class=\"_paragraph_o9xde_4 _paragraph_xtcu6_10 layout-component text-serif-m layout-normal text-serif-m layout-padded\"><a href=\"https:\/\/www.mynewsdesk.com\/no\/ruter\/pressreleases\/beregn-god-tid-3423874\" class=\"_link_o9xde_39\" rel=\"nofollow noopener\" target=\"_blank\">Ruter<\/a> melder at de og akt\u00f8rene i kollektivtrafikken er godt forberedt p\u00e5 sn\u00f8v\u00e6ret gjennom ekstra bemanning og \u00e5 f\u00f8lge situasjonen n\u00f8ye. Samtidig vet de at vanskelige kj\u00f8reforhold kan f\u00e5 konsekvenser.<\/p>\n<p class=\"_paragraph_o9xde_4 _paragraph_xtcu6_10 layout-component text-serif-m layout-normal text-serif-m layout-padded\">\u2013 Dette kan p\u00e5virke kollektivtransporten, og vi anbefaler alle som skal ut \u00e5 reise \u00e5 beregne god tid og vurdere om de kan reise utenfor rushtid, sier Eilif Swensen, leder for ekstern kommunikasjon i Ruter.<\/p>\n","protected":false},"excerpt":{"rendered":"Sn\u00f8en laver ned p\u00e5 \u00d8stlandet natt til torsdag. Vegvesenet r\u00e5der folk til \u00e5 tenke p\u00e5 farten n\u00e5r de&hellip;\n","protected":false},"author":2,"featured_media":131676,"comment_status":"","ping_status":"","sticky":false,"template":"","format":"standard","meta":{"footnotes":""},"categories":[10],"tags":[20,21,24,25,15,22,23,1202,13,30,28,29,14,16,5853,26,27,3867],"class_list":{"0":"post-131675","1":"post","2":"type-post","3":"status-publish","4":"format-standard","5":"has-post-thumbnail","7":"category-norge","8":"tag-breaking-news","9":"tag-breakingnews","10":"tag-featured-news","11":"tag-featurednews","12":"tag-headlines","13":"tag-latest-news","14":"tag-latestnews","15":"tag-meteorologisk-institutt","16":"tag-news","17":"tag-no","18":"tag-norge","19":"tag-norway","20":"tag-nyheter","21":"tag-overskrifter","22":"tag-ostlandet","23":"tag-top-stories","24":"tag-topstories","25":"tag-vegtrafikksentralen"},"share_on_mastodon":{"url":"https:\/\/pubeurope.com\/@no\/115857182289441307","error":""},"_links":{"self":[{"href":"https:\/\/www.europesays.com\/no\/wp-json\/wp\/v2\/posts\/131675","targetHints":{"allow":["GET"]}}],"collection":[{"href":"https:\/\/www.europesays.com\/no\/wp-json\/wp\/v2\/posts"}],"about":[{"href":"https:\/\/www.europesays.com\/no\/wp-json\/wp\/v2\/types\/post"}],"author":[{"embeddable":true,"href":"https:\/\/www.europesays.com\/no\/wp-json\/wp\/v2\/users\/2"}],"replies":[{"embeddable":true,"href":"https:\/\/www.europesays.com\/no\/wp-json\/wp\/v2\/comments?post=131675"}],"version-history":[{"count":0,"href":"https:\/\/www.europesays.com\/no\/wp-json\/wp\/v2\/posts\/131675\/revisions"}],"wp:featuredmedia":[{"embeddable":true,"href":"https:\/\/www.europesays.com\/no\/wp-json\/wp\/v2\/media\/131676"}],"wp:attachment":[{"href":"https:\/\/www.europesays.com\/no\/wp-json\/wp\/v2\/media?parent=131675"}],"wp:term":[{"taxonomy":"category","embeddable":true,"href":"https:\/\/www.europesays.com\/no\/wp-json\/wp\/v2\/categories?post=131675"},{"taxonomy":"post_tag","embeddable":true,"href":"https:\/\/www.europesays.com\/no\/wp-json\/wp\/v2\/tags?post=131675"}],"curies":[{"name":"wp","href":"https:\/\/api.w.org\/{rel}","templated":true}]}}