{"id":131677,"date":"2026-01-08T02:44:18","date_gmt":"2026-01-08T02:44:18","guid":{"rendered":"https:\/\/www.europesays.com\/no\/131677\/"},"modified":"2026-01-08T02:44:18","modified_gmt":"2026-01-08T02:44:18","slug":"kultur-media-pa-tre-veker-har-over-500-000-stroyma-ben-ward","status":"publish","type":"post","link":"https:\/\/www.europesays.com\/no\/131677\/","title":{"rendered":"Kultur, Media | P\u00e5 tre veker har over 500.000 str\u00f8yma Ben Ward"},"content":{"rendered":"\n<p>Tre veker etter premieren p\u00e5 den nye sesongen av \u00abDer ingen skulle tru at nokon kunne bu\u00bb har 504.000 sett opningsepisoden om Ben Ward p\u00e5 str\u00f8ymetenesta til NRK.<\/p>\n<p>Det er ny rekord, skriv NRK i ei pressemelding. Aldri f\u00f8r har s\u00e5 mange sett \u00abDer ingen skulle tru at nokon kunne bu\u00bb i str\u00f8yming p\u00e5 s\u00e5 kort tid. Om ein legg til den line\u00e6re sj\u00e5inga i NRK1, er kvar av dei to episodane om Ben Ward sett av nesten ein million (935.000) p\u00e5 tre veker.<\/p>\n<p>I desember er dette den mest sette programserien i NRK TV, berre sl\u00e5tt av \u00abNissene i skjul\u00bb.<\/p>\n<p>\u2013 Det er gledeleg \u00e5 sj\u00e5 at serien er blitt b\u00e5de ein bingefavoritt og ein juletradisjon, og at eit program om ukjende menneske kan hevda seg s\u00e5 godt i str\u00f8ymekampen, seier prosjektleiar og programskapar Noralv Pedersen.<\/p>\n<p>1. nytt\u00e5rsdag trekte ogs\u00e5 statsminister Jonas Gahr Serie fram serien i nytt\u00e5rstalen sin: \u00abTakk til dere som lager filmer og TV-serier som vi kjenner oss igjen i \u2013 fra 23 sesonger av Der ingen skulle tru at nokon kunne bu \u2013 til familieutfordringene i P\u00f8rni.\u00bb<\/p>\n<p>   <img decoding=\"async\" width=\"3024\" height=\"2049\" fetchpriority=\"low\"  loading=\"lazy\"  src=\"https:\/\/www.europesays.com\/no\/wp-content\/uploads\/2026\/01\/Torje+Bjellaas+og+Noralv+Pedersen+2%2C+Prix+Circom.jpeg\" alt=\"\" class=\"brick-c-cFOWSL\" style=\"--brick-image-ratio: 3024 \/ 2049;\"\/><\/p>\n<p>      Fotograf Torje Bjellaas og programskapar Noralv Pedersen har st\u00e5tt bak serien dei siste \u00e5ra. Her har dei f\u00e5tt med seg  heider i bagasjen heim fr\u00e5 prisutdelinga i Barcelona.<br \/>\n      Foto: NRK\n    <\/p>\n<p>Og tre dagar etter dette passerte serien ein halv million sj\u00e5arar p\u00e5 str\u00f8ymetenesta. Serien har st\u00e5tt sterkt line\u00e6rt, men har if\u00f8lgje NRK ogs\u00e5 klart overgangen til digital str\u00f8yming.<\/p>\n<p>\u2013 Det betyr at ein 23 \u00e5r gamal serie framleis blir oppfatta som relevant, ogs\u00e5 av nye publikumsgrupper. At statsministeren vel \u00e5 trekkja fram akkurat denne serien i nytt\u00e5rstalen sin, er ogs\u00e5 eit teikn p\u00e5 akkurat det, seier Pedersen.<\/p>\n<p>  <a href=\"https:\/\/www.sognavis.no\/5-115-1382493\" class=\"related-teaser has-image default-story-teaser article--c-eRUmMG article--c-eRUmMG-jKCPdD-design-default\" rel=\"nofollow noopener\" target=\"_blank\"><\/p>\n<p>    <img decoding=\"async\" loading=\"lazy\"  src=\"https:\/\/www.europesays.com\/no\/wp-content\/uploads\/2026\/01\/Kroken+i+Sogn+Ben+med+%C3%A5pne+armar.jpg\" alt=\"\" class=\"brick-c-cFOWSL\" style=\"\"\/><\/p>\n<p>\n            Les ogs\u00e5<\/p>\n<p>              Ben Ward er tilbake p\u00e5 skjermen: \u2013 Eg veit ikkje korleis neste \u00e5r skal toppa dette \u00e5ret her\n        <\/p>\n<p>  <\/a><\/p>\n<p>  <a href=\"https:\/\/www.sognavis.no\/5-115-1345733\" class=\"related-teaser has-image default-story-teaser article--c-eRUmMG article--c-eRUmMG-jKCPdD-design-default\" rel=\"nofollow noopener\" target=\"_blank\"><\/p>\n<p>    <img decoding=\"async\" loading=\"lazy\"  src=\"https:\/\/www.europesays.com\/no\/wp-content\/uploads\/2026\/01\/ben+ward.jpg\" alt=\"\" class=\"brick-c-cFOWSL\" style=\"\"\/><\/p>\n<p>\n            Les ogs\u00e5<\/p>\n<p>              Full rulle for Ben: \u2013 Eg jobbar natt og dag\n        <\/p>\n<p>  <\/a><\/p>\n<p>  <a href=\"https:\/\/www.sognavis.no\/5-115-1306497\" class=\"related-teaser has-image default-story-teaser article--c-eRUmMG article--c-eRUmMG-jKCPdD-design-default\" rel=\"nofollow noopener\" target=\"_blank\"><\/p>\n<p>    <img decoding=\"async\" loading=\"lazy\"  src=\"https:\/\/www.europesays.com\/no\/wp-content\/uploads\/2026\/01\/1767840257_888_Torje+Bjellaas+og+Noralv+Pedersen+2%2C+Prix+Circom.jpeg\" alt=\"\" class=\"brick-c-cFOWSL\" style=\"\"\/><\/p>\n<p>\n            Les ogs\u00e5<\/p>\n<p>              Drog til Barcelona, tek med seg heider heim: \u2013 Det er utruleg givande\n        <\/p>\n<p>  <\/a><\/p>\n<p>  <a href=\"https:\/\/www.sognavis.no\/5-115-1291508\" class=\"related-teaser has-image default-story-teaser article--c-eRUmMG article--c-eRUmMG-jKCPdD-design-default\" rel=\"nofollow noopener\" target=\"_blank\"><\/p>\n<p>    <img decoding=\"async\" loading=\"lazy\"  src=\"https:\/\/www.europesays.com\/no\/wp-content\/uploads\/2026\/01\/5_115_563099+Noralv+Pedersen.bin.jpeg\" alt=\"\" class=\"brick-c-cFOWSL\" style=\"\"\/><\/p>\n<p>\n            Les ogs\u00e5<\/p>\n<p>              Tre nominasjonar til Noralv og \u00abDer ingen skulle tru &#8230;\u00bb: \u2013 Eg f\u00e5r leita fram ein eller annan dress\n        <\/p>\n<p>  <\/a><\/p>\n","protected":false},"excerpt":{"rendered":"Tre veker etter premieren p\u00e5 den nye sesongen av \u00abDer ingen skulle tru at nokon kunne bu\u00bb har&hellip;\n","protected":false},"author":2,"featured_media":131678,"comment_status":"","ping_status":"","sticky":false,"template":"","format":"standard","meta":{"footnotes":""},"categories":[5],"tags":[36,20,21,15260,24,25,15,19,410,22,23,110,17,18,2898,13,30,28,29,14,16,1510,26,27,5343],"class_list":{"0":"post-131677","1":"post","2":"type-post","3":"status-publish","4":"format-standard","5":"has-post-thumbnail","7":"category-overskrifter","8":"tag-art","9":"tag-breaking-news","10":"tag-breakingnews","11":"tag-der-ingen-skulle-tru-at-nokon-kunne-bu","12":"tag-featured-news","13":"tag-featurednews","14":"tag-headlines","15":"tag-hovedoppslag","16":"tag-kultur","17":"tag-latest-news","18":"tag-latestnews","19":"tag-luster","20":"tag-main-news","21":"tag-mainnews","22":"tag-media","23":"tag-news","24":"tag-no","25":"tag-norge","26":"tag-norway","27":"tag-nyheter","28":"tag-overskrifter","29":"tag-story","30":"tag-top-stories","31":"tag-topstories","32":"tag-vik"},"share_on_mastodon":{"url":"https:\/\/pubeurope.com\/@no\/115857186063756361","error":""},"_links":{"self":[{"href":"https:\/\/www.europesays.com\/no\/wp-json\/wp\/v2\/posts\/131677","targetHints":{"allow":["GET"]}}],"collection":[{"href":"https:\/\/www.europesays.com\/no\/wp-json\/wp\/v2\/posts"}],"about":[{"href":"https:\/\/www.europesays.com\/no\/wp-json\/wp\/v2\/types\/post"}],"author":[{"embeddable":true,"href":"https:\/\/www.europesays.com\/no\/wp-json\/wp\/v2\/users\/2"}],"replies":[{"embeddable":true,"href":"https:\/\/www.europesays.com\/no\/wp-json\/wp\/v2\/comments?post=131677"}],"version-history":[{"count":0,"href":"https:\/\/www.europesays.com\/no\/wp-json\/wp\/v2\/posts\/131677\/revisions"}],"wp:featuredmedia":[{"embeddable":true,"href":"https:\/\/www.europesays.com\/no\/wp-json\/wp\/v2\/media\/131678"}],"wp:attachment":[{"href":"https:\/\/www.europesays.com\/no\/wp-json\/wp\/v2\/media?parent=131677"}],"wp:term":[{"taxonomy":"category","embeddable":true,"href":"https:\/\/www.europesays.com\/no\/wp-json\/wp\/v2\/categories?post=131677"},{"taxonomy":"post_tag","embeddable":true,"href":"https:\/\/www.europesays.com\/no\/wp-json\/wp\/v2\/tags?post=131677"}],"curies":[{"name":"wp","href":"https:\/\/api.w.org\/{rel}","templated":true}]}}