{"id":131688,"date":"2026-01-08T03:24:11","date_gmt":"2026-01-08T03:24:11","guid":{"rendered":"https:\/\/www.europesays.com\/no\/131688\/"},"modified":"2026-01-08T03:24:11","modified_gmt":"2026-01-08T03:24:11","slug":"area-51-presentert-av-alienware-pa-ces","status":"publish","type":"post","link":"https:\/\/www.europesays.com\/no\/131688\/","title":{"rendered":"Area-51 presentert av Alienware p\u00e5 CES &#8211;"},"content":{"rendered":"<p>CES 2026 ga oss ogs\u00e5 den stasjon\u00e6re datamaskinen Alienware Area-51, som er utstyrt med en AMD Ryzen 7 9850X3D, for tiden den raskeste spill-CPU-en p\u00e5 markedet.<\/p>\n<p>Den er designet med positivt luftstr\u00f8mstrykk, med 360 mm AIO som den st\u00f8rste som kan bestilles, men 80L-kabinettet har ogs\u00e5 plass til 420 mm.<\/p>\n<p>Blant funksjonene er et standard ATX-hovedkort &laquo;spesielt for Area-51&raquo; med kj\u00f8leribber i aluminium og konstruert med 10+2+2-faset spenningsregulering.<\/p>\n<p>I motsetning til de fleste andre, vil det bruke 12V str\u00f8mstandard, og leveres med enten 850Watt eller 1500 Watt PSU.<\/p>\n<p>Kabinettet leveres med sju RGB-soner og har en st\u00e5lforsterket d\u00f8r med herdet glasspanel, og en ekstern kontroller for belysning, vifter og I\/O. Det er plass til 2&#215;2,5&#8243;, 1&#215;3,5&#8243; og 3xM.2-lagring, inkludert lagringsholdere, og alle vifter har avtakbare st\u00f8vfiltre.<\/p>\n<p>Avhengig av hvilket grafikkort du velger, vil den veie opptil 34,5 kg.<\/p>\n<p><img loading=\"lazy\" decoding=\"async\" id=\"img-1952343-4777033\" data-fullsize=\"\/media\/70\/area_51alienware_4777033b.jpg\" data-lazy=\"\" src=\"https:\/\/www.gamereactor.nohttps:\/\/www.gamereactor.no\/media\/70\/area_51alienware_4777033_325x.jpg\" width=\"325\" onclick=\"if (!window.__cfRLUnblockHandlers) return false; gallery_openmodal('1952343','4777033',false,'3514f1f7f9a8c61c063aa8cd834c5561');\" height=\"188\" alt=\"Area-51 presentert av Alienware p\u00e5 CES\" class=\"rwd_col_content lazy\" data-cf-modified-df56de1c3bf3293f1cb50d52-=\"\"\/><img loading=\"lazy\" decoding=\"async\" id=\"img-1952343-4776453\" data-fullsize=\"\/media\/64\/_4776453b.jpg\" data-lazy=\"\" src=\"https:\/\/www.gamereactor.nohttps:\/\/www.gamereactor.no\/media\/64\/_4776453_325x.jpg\" width=\"325\" onclick=\"if (!window.__cfRLUnblockHandlers) return false; gallery_openmodal('1952343','4776453',false,'3514f1f7f9a8c61c063aa8cd834c5561');\" height=\"183\" alt=\"Area-51 presentert av Alienware p\u00e5 CES\" class=\"rwd_col_content lazy\" data-cf-modified-df56de1c3bf3293f1cb50d52-=\"\"\/>Alienware<\/p>\n","protected":false},"excerpt":{"rendered":"CES 2026 ga oss ogs\u00e5 den stasjon\u00e6re datamaskinen Alienware Area-51, som er utstyrt med en AMD Ryzen 7&hellip;\n","protected":false},"author":2,"featured_media":131689,"comment_status":"","ping_status":"","sticky":false,"template":"","format":"standard","meta":{"footnotes":""},"categories":[57],"tags":[30,28,29,65,63,64,66,70,69,67,68],"class_list":{"0":"post-131688","1":"post","2":"type-post","3":"status-publish","4":"format-standard","5":"has-post-thumbnail","7":"category-vitenskap-og-teknologi","8":"tag-no","9":"tag-norge","10":"tag-norway","11":"tag-science","12":"tag-science-and-technology","13":"tag-scienceandtechnology","14":"tag-technology","15":"tag-teknologi","16":"tag-vitenskap","17":"tag-vitenskap-og-teknologi","18":"tag-vitenskapteknologi"},"share_on_mastodon":{"url":"https:\/\/pubeurope.com\/@no\/115857343286634082","error":""},"_links":{"self":[{"href":"https:\/\/www.europesays.com\/no\/wp-json\/wp\/v2\/posts\/131688","targetHints":{"allow":["GET"]}}],"collection":[{"href":"https:\/\/www.europesays.com\/no\/wp-json\/wp\/v2\/posts"}],"about":[{"href":"https:\/\/www.europesays.com\/no\/wp-json\/wp\/v2\/types\/post"}],"author":[{"embeddable":true,"href":"https:\/\/www.europesays.com\/no\/wp-json\/wp\/v2\/users\/2"}],"replies":[{"embeddable":true,"href":"https:\/\/www.europesays.com\/no\/wp-json\/wp\/v2\/comments?post=131688"}],"version-history":[{"count":0,"href":"https:\/\/www.europesays.com\/no\/wp-json\/wp\/v2\/posts\/131688\/revisions"}],"wp:featuredmedia":[{"embeddable":true,"href":"https:\/\/www.europesays.com\/no\/wp-json\/wp\/v2\/media\/131689"}],"wp:attachment":[{"href":"https:\/\/www.europesays.com\/no\/wp-json\/wp\/v2\/media?parent=131688"}],"wp:term":[{"taxonomy":"category","embeddable":true,"href":"https:\/\/www.europesays.com\/no\/wp-json\/wp\/v2\/categories?post=131688"},{"taxonomy":"post_tag","embeddable":true,"href":"https:\/\/www.europesays.com\/no\/wp-json\/wp\/v2\/tags?post=131688"}],"curies":[{"name":"wp","href":"https:\/\/api.w.org\/{rel}","templated":true}]}}