{"id":131690,"date":"2026-01-08T04:17:09","date_gmt":"2026-01-08T04:17:09","guid":{"rendered":"https:\/\/www.europesays.com\/no\/131690\/"},"modified":"2026-01-08T04:17:09","modified_gmt":"2026-01-08T04:17:09","slug":"vi-ma-legge-til-grunn-at-vi-har-en-helt-uberegnelig-president-i-usa","status":"publish","type":"post","link":"https:\/\/www.europesays.com\/no\/131690\/","title":{"rendered":"\u2013 Vi m\u00e5 legge til grunn at vi har en helt uberegnelig president i USA"},"content":{"rendered":"\n<ul class=\"_list_o9xde_3 _list_64s2r_85 _unordered_o9xde_106 text-sans-m\">\n<li class=\"_item_o9xde_30\">Norsk Industris leder Harald Solberg uttrykker alvorlig bekymring over Donald Trumps fremferd og planer om Gr\u00f8nland.<\/li>\n<li class=\"_item_o9xde_30\">Solberg mener Nato er handlingslammet hvis Trump tar Gr\u00f8nland og \u00f8nsker ny debatt om Norges forhold til EU.<\/li>\n<li class=\"_item_o9xde_30\">Ap-profil Trond Giske tror Europas forhold til USA vil overleve Donald Trumps presidentperiode. <\/li>\n<\/ul>\n<p>Vis mer <\/p>\n<p class=\"_paragraph_o9xde_4 _paragraph_xtcu6_10 layout-component text-serif-m layout-normal text-serif-m layout-padded\">Det gj\u00f8r Trond Giske (Ap) ogs\u00e5, men han har fortsatt troen p\u00e5 USA.<\/p>\n<p class=\"_paragraph_o9xde_4 _paragraph_xtcu6_10 layout-component text-serif-m layout-normal text-serif-m layout-padded\">\u2013 Jeg er alvorlig bekymret. Vi m\u00e5 for egen planleggings skyld legge til grunn at vi har en helt uberegnelig president i USA. Han truer med \u00e5 ta deler av v\u00e5rt n\u00e6rmeste nabolanddeler av v\u00e5rt n\u00e6rmeste nabolandDanmark, Gr\u00f8nland og F\u00e6r\u00f8yene er en del av riksfellesskapet Kongeriket Danmark, Danmark. Det er en alvorlig vekker for Norge, sier Harald Solberg:<\/p>\n<p class=\"_paragraph_o9xde_4 _paragraph_xtcu6_10 layout-component text-serif-m layout-normal text-serif-m layout-padded\">\u2013 Hvis Donald Trump gj\u00f8r alvor av \u00e5 ta <a href=\"https:\/\/www.vg.no\/tag\/groenland?utm_source=vg-article&amp;utm_medium=auto-tagger&amp;utm_campaign=bO5Ep5\" class=\"_link_o9xde_39\" rel=\"nofollow noopener\" target=\"_blank\">Gr\u00f8nland<\/a> s\u00e5 er jeg redd for at Nato i praksis er handlingslammet. Da st\u00e5r vi p\u00e5 utsiden av v\u00e5re aller viktigste allierte og v\u00e5rt aller viktigste marked, EU. Jeg mener at situasjonen i verden i dag tilsier at vi m\u00e5 ta en ny debatt om Norges forhold til EU, sier han og utdyper:<\/p>\n<p class=\"_paragraph_o9xde_4 _paragraph_xtcu6_10 layout-component text-serif-m layout-normal text-serif-m layout-padded\"><strong class=\"_strong_o9xde_25\">\u2013 Nato har aldri hatt en l\u00f8sning for at Nato-land angriper hverandre. Det er helt surrealistisk, sier han. <\/strong><\/p>\n<p class=\"_paragraph_o9xde_4 _paragraph_xtcu6_10 layout-component text-serif-m layout-normal text-serif-m layout-padded\">\u2013 Vi m\u00e5 rigge oss for at verden blir et mye t\u00f8ffere sted fremover, konkluderer han. <\/p>\n<p class=\"_paragraph_o9xde_4 _paragraph_xtcu6_10 layout-component text-serif-m layout-normal text-serif-m layout-padded\">Han har tatt over som l\u00f8nnsoppgj\u00f8rsgeneral og leder i Norsk Industri \u2013 organisasjonen som leder an i l\u00f8nnsoppgj\u00f8rene i arbeidsgivergiganten NHO.<\/p>\n<p class=\"_paragraph_o9xde_4 _paragraph_xtcu6_10 layout-component text-serif-m layout-normal text-serif-m layout-padded\">Han sier at de i 2025 har brukt mye energi p\u00e5 konsekvensene av Trumps handelskrig. Blant annet at EU innf\u00f8rte en toll p\u00e5 jernlegeringer som rammet norske bedrifter som et svar p\u00e5 USAs tiltak. <\/p>\n<p class=\"_paragraph_o9xde_4 _paragraph_xtcu6_10 layout-component text-serif-m layout-normal text-serif-m layout-padded\">Solberg sier at starten p\u00e5 2026 er noe helt annet og mye skumlere.<\/p>\n<p><img alt=\"UTENRIKS-MAKT: R\u00e5dgiver Stephen Miller, utenriksminister Marco Rubio og USAs president Donald Trump.   Foto: NICOLE COMBEAU \/ POOL \/ EPA \/ NTB\" class=\"_image_qp4xg_65 layout-component layout-normal\" data-fullscreen- data-track-element-type=\"Article image fullscreen\" data-track-name=\"ImageFullscreen\" decoding=\"async\" loading=\"lazy\" height=\"2667\" itemprop=\"image\"  src=\"https:\/\/www.europesays.com\/no\/wp-content\/uploads\/2026\/01\/b4699099-352f-46ed-a9d8-0bb66607d143.jpeg\"  style=\"object-position:0% 0%\" width=\"4000\"\/>UTENRIKS-MAKT: R\u00e5dgiver Stephen Miller, utenriksminister Marco Rubio og USAs president Donald Trump.   Foto: NICOLE COMBEAU \/ POOL \/ EPA \/ NTB<\/p>\n<p class=\"_paragraph_o9xde_4 _paragraph_xtcu6_10 layout-component text-serif-m layout-normal text-serif-m layout-padded\">\u2013 Hvor lenge mener du at USA har hatt en utilregnelig president? <\/p>\n<p class=\"_paragraph_o9xde_4 _paragraph_xtcu6_10 layout-component text-serif-m layout-normal text-serif-m layout-padded\">\u2013 Dette er en situasjon som har kommet med Trump og utviklet seg raskt under Trump. Alt vi har sett rundt handelspolitikken og rundt andre initiativer og grep som er tatt, har v\u00e6rt vanskelig \u00e5 navigere rundt i 2025. Men det vi n\u00e5 ser rundt Gr\u00f8nland er en annen liga, etter min vurdering, sier han. <\/p>\n<p class=\"_paragraph_o9xde_4 _paragraph_xtcu6_10 layout-component text-serif-m layout-normal text-serif-m layout-padded\">Trump kj\u00f8rer l\u00f8pet mot \u00abpolitiske venner\u00bb, onsdag skjedde det <a href=\"https:\/\/www.vg.no\/nyheter\/i\/GxG4b4\/trump-sier-han-tviler-paa-at-nato-vil-stille-seg-bak-usa\" data-track-element-type=\"Link\" data-track-id=\"link:GxG4b4\" class=\"_link_o9xde_39\" rel=\"nofollow noopener\" target=\"_blank\">mot Norge<\/a>.<\/p>\n<p>Vil ha ny EU-debatt<\/p>\n<p class=\"_paragraph_o9xde_4 _paragraph_xtcu6_10 layout-component text-serif-m layout-normal text-serif-m layout-padded\">Solberg mener at sp\u00f8rsm\u00e5let om norsk EU-medlemskap n\u00e5 m\u00e5 p\u00e5 bordet igjen. <\/p>\n<p class=\"_paragraph_o9xde_4 _paragraph_xtcu6_10 layout-component text-serif-m layout-normal text-serif-m layout-padded\">\u2013 I Norge i dag ser vi en verden som blir stadig t\u00f8ffere, uten at vi f\u00e5r en st\u00f8rre debatt rundt v\u00e5r tilknytning til verden rundt oss. Det forundrer meg. Vi st\u00e5r p\u00e5 innsiden av NATO og utsiden av EU. Vi legger alle eggene v\u00e5re i NATO-kurven, sier Solberg. <\/p>\n<p><img alt=\"BEKYMRET: Harald Solberg snakker med VG i pausen.   Foto: G\u00f8ran Bohlin \/ VG\" class=\"_image_qp4xg_65 layout-component layout-normal\" data-fullscreen- data-track-element-type=\"Article image fullscreen\" data-track-name=\"ImageFullscreen\" decoding=\"async\" loading=\"lazy\" height=\"5480\" itemprop=\"image\"  src=\"https:\/\/www.europesays.com\/no\/wp-content\/uploads\/2026\/01\/7bc78b06-24c7-4dfe-b340-60c2a6208929.jpeg\"  style=\"object-position:0% 0%\" width=\"7307\"\/>BEKYMRET: Harald Solberg snakker med VG i pausen.   Foto: G\u00f8ran Bohlin \/ VG<\/p>\n<p class=\"_paragraph_o9xde_4 _paragraph_xtcu6_10 layout-component text-serif-m layout-normal text-serif-m layout-padded\">Han h\u00e5per at en ny EU-debatt kommer raskt. <\/p>\n<p class=\"_paragraph_o9xde_4 _paragraph_xtcu6_10 layout-component text-serif-m layout-normal text-serif-m layout-padded\">\u2013 Vi vet ogs\u00e5 hva Stortingets sammensetning er de neste fire \u00e5rene. Men verden rundt oss endrer seg mye raskere enn sammensetningen av Stortinget. 2026 har startet br\u00e5tt. Vi m\u00e5 diskutere hvordan vi skal forholde oss til verden rundt oss, sier han. <\/p>\n<p class=\"_paragraph_o9xde_4 _paragraph_xtcu6_10 layout-component text-serif-m layout-normal text-serif-m layout-padded\">EU-motstanden blant norske velgere \u00f8kte i fjor, if\u00f8lge <a href=\"https:\/\/www.vg.no\/nyheter\/i\/ExoL4A\/eu-maaling-nei-siden-dobler-ledelsen\" data-track-element-type=\"Link\" data-track-id=\"link:ExoL4A\" class=\"_link_o9xde_39\" rel=\"nofollow noopener\" target=\"_blank\">Respons Analyses m\u00e5linger for VG og Aftenposten.<\/a> <\/p>\n<p class=\"_paragraph_o9xde_4 _paragraph_xtcu6_10 layout-component text-serif-m layout-normal text-serif-m layout-padded\">I desember sa 53 prosent nei til norsk EU-medlemskap, mens 33 prosent sa ja.<\/p>\n<p class=\"_paragraph_o9xde_4 _paragraph_xtcu6_10 layout-component text-serif-m layout-normal text-serif-m layout-padded\">\u2013 G\u00e5r det an \u00e5 f\u00e5 et ja til EU i Norge n\u00e5?<\/p>\n<p class=\"_paragraph_o9xde_4 _paragraph_xtcu6_10 layout-component text-serif-m layout-normal text-serif-m layout-padded\">\u2013 Ikke i dagens storting, sier Solberg.<\/p>\n<p class=\"_paragraph_o9xde_4 _paragraph_xtcu6_10 layout-component text-serif-m layout-normal text-serif-m layout-padded\">\u2013 Men i dagens folk?<\/p>\n<p class=\"_paragraph_o9xde_4 _paragraph_xtcu6_10 layout-component text-serif-m layout-normal text-serif-m layout-padded\">\u2013 Jeg tror folk er bekymret for det som skjer rundt oss. Det gj\u00f8r at vi ogs\u00e5 m\u00e5 ta de diskusjonene som utviklingen krever.<\/p>\n<p>\u2013 Trump irrasjonell<\/p>\n<p class=\"_paragraph_o9xde_4 _paragraph_xtcu6_10 layout-component text-serif-m layout-normal text-serif-m layout-padded\">Ap-profilen Trond Giske var ogs\u00e5 p\u00e5 NHOs \u00e5rskonferanse onsdag.<\/p>\n<p class=\"_paragraph_o9xde_4 _paragraph_xtcu6_10 layout-component text-serif-m layout-normal text-serif-m layout-padded\">Han tror ikke Trump vil t\u00f8rre \u00e5 ta Gr\u00f8nland mot Gr\u00f8nlands og NATO-landet Danmarks vilje.<\/p>\n<p class=\"_paragraph_o9xde_4 _paragraph_xtcu6_10 layout-component text-serif-m layout-normal text-serif-m layout-padded\">\u2013 Trump fremst\u00e5r som irrasjonell og en kan aldri si aldri, men jeg ser ikke at han t\u00f8r \u00e5 ta Gr\u00f8nland med makt. Danmark er et NATO-land og det er vanskelig \u00e5 forestille seg hva som skjer med NATO om det skulle skje, sier han.<\/p>\n<p><img alt=\"Foto: G\u00f8ran Bohlin \/ VG\" class=\"_image_qp4xg_65 layout-component layout-normal\" data-fullscreen- data-track-element-type=\"Article image fullscreen\" data-track-name=\"ImageFullscreen\" decoding=\"async\" loading=\"lazy\" height=\"5504\" itemprop=\"image\"  src=\"https:\/\/www.europesays.com\/no\/wp-content\/uploads\/2026\/01\/83a0dc7c-c128-4f79-8773-ec351dc70491.png\"  style=\"object-position:0% 0%\" width=\"8256\"\/>Foto: G\u00f8ran Bohlin \/ VG<\/p>\n<p class=\"_paragraph_o9xde_4 _paragraph_xtcu6_10 layout-component text-serif-m layout-normal text-serif-m layout-padded\">Giske mener at USA vil f\u00e5 dekket sine sikkerhetshensyn og behov for naturressurser uten bruk av r\u00e5 makt.<\/p>\n<p class=\"_paragraph_o9xde_4 _paragraph_xtcu6_10 layout-component text-serif-m layout-normal text-serif-m layout-padded\">\u2013 De har allerede milit\u00e6rbaser der og amerikanske selskaper vil f\u00e5 v\u00e6re med p\u00e5 \u00e5 hente ut naturressurser n\u00e5r det eventuelt blir aktuelt.<\/p>\n<p class=\"_paragraph_o9xde_4 _paragraph_xtcu6_10 layout-component text-serif-m layout-normal text-serif-m layout-padded\">Hans hovedargumenter er fortsatt tro p\u00e5 USA og at det gj\u00f8r at Trump vil bli stoppet.<\/p>\n<p class=\"_paragraph_o9xde_4 _paragraph_xtcu6_10 layout-component text-serif-m layout-normal text-serif-m layout-padded\">\u2013 Hele alliansen mellom Europa og USA har siden 2. verdenskrig bygd p\u00e5 felles forsvar. Og felles politisk st\u00e5sted, med et liberalt demokrati. Det vil tjene USA at det fortsetter, ogs\u00e5 amerikansk n\u00e6ringsliv er tjent med stabilitet.<\/p>\n<p class=\"_paragraph_o9xde_4 _paragraph_xtcu6_10 layout-component text-serif-m layout-normal text-serif-m layout-padded\">\u2013 La oss si at det skjer: At de g\u00e5r inn og tar kontroll over Gr\u00f8nland: Europa kan st\u00f8tte Danmark, men vi kan ikke fysisk stanse amerikanerne hvis de tar seg til rette p\u00e5 Gr\u00f8nland?<\/p>\n<p class=\"_paragraph_o9xde_4 _paragraph_xtcu6_10 layout-component text-serif-m layout-normal text-serif-m layout-padded\">\u2013 Da knaker Nato i sammenf\u00f8yningene.<\/p>\n<p><img alt=\"Foto: G\u00f8ran Bohlin \/ VG\" class=\"_image_qp4xg_65 layout-component layout-normal\" data-fullscreen- data-track-element-type=\"Article image fullscreen\" data-track-name=\"ImageFullscreen\" decoding=\"async\" loading=\"lazy\" height=\"5504\" itemprop=\"image\"  src=\"https:\/\/www.europesays.com\/no\/wp-content\/uploads\/2026\/01\/56d1d021-2407-4b18-b368-896a5008a51f.png\"  style=\"object-position:0% 0%\" width=\"8256\"\/>Foto: G\u00f8ran Bohlin \/ VG<\/p>\n<p class=\"_paragraph_o9xde_4 _paragraph_xtcu6_10 layout-component text-serif-m layout-normal text-serif-m layout-padded\">\u2013 Hva betyr det?<\/p>\n<p class=\"_paragraph_o9xde_4 _paragraph_xtcu6_10 layout-component text-serif-m layout-normal text-serif-m layout-padded\">\u2013 Det tror jeg er usunt \u00e5 spekulere i. USA har et senat og en kongress og et land som f\u00e5r frem de flinkeste. Jeg tror det amerikanske systemet overlever Trump. Vi har hatt 80 \u00e5r med godt samarbeid med USA og jeg tror vi vil ha det i 80 \u00e5r til. De grunnleggende samfunnsinteressene i USA og Europa er tjent med det.<\/p>\n<p>\u2013 Kan berge oss<\/p>\n<p class=\"_paragraph_o9xde_4 _paragraph_xtcu6_10 layout-component text-serif-m layout-normal text-serif-m layout-padded\">Giske ser til november, da det er <a href=\"https:\/\/www.vg.no\/nyheter\/i\/8pm20E\/trump-om-ikke-vi-vinner-mellomvalget-blir-jeg-stilt-for-riksrett\" data-track-element-type=\"Link\" data-track-id=\"link:8pm20E\" class=\"_link_o9xde_39\" rel=\"nofollow noopener\" target=\"_blank\">mellomvalg<\/a> i USA.<\/p>\n<p class=\"_paragraph_o9xde_4 _paragraph_xtcu6_10 layout-component text-serif-m layout-normal text-serif-m layout-padded\">\u2013 Det er ni spennende m\u00e5neder til valget. Jeg krysser fingrene for valget i november: At det skal bli et demokratisk flertall i Representantenes husdemokratisk flertall i Representantenes husMellomvalget i USA (midterm elections) er valg som holdes midtveis i perioden til USAs president \u2013 derav navnet mellomvalg.<br \/>\nPresidenten er ikke p\u00e5 valg i et mellomvalg, men han kan miste politisk innflytelse hvis partiet hans mister oppslutning.<br \/>\nI mellomvalget stemmer amerikanerne p\u00e5:<\/p>\n<p>Alle 435 representanter i Representantenes hus.<\/p>\n<p>Ca. 1\/3 av Senatet.<\/p>\n<p>Og mange guvern\u00f8rer, delstatsforsamlinger og lokale verv.<\/p>\n<p>Presidenten er ikke p\u00e5 valg i mellomvalget.<\/p>\n<p>Mellomvalget er viktig fordi det avgj\u00f8r hvem som har makt i Kongressen.. Men det avgj\u00f8res ofte av utviklingen i amerikansk \u00f8konomi, ikke av hva USA gj\u00f8r i utlandet:<\/p>\n<p class=\"_paragraph_o9xde_4 _paragraph_xtcu6_10 layout-component text-serif-m layout-normal text-serif-m layout-padded\">\u2013 Det er dette som kan redde oss akkurat n\u00e5: Arbeiderklassen i USA kan berge ossArbeiderklassen i USA kan berge ossMed det mener han at det er vanlige arbeidsfolk som m\u00e5 vende ryggen til Trump, hvis Trump og det republikanske partiet hans skal tape mellomvalget. Og da er det oftere det som skjer i amerikansk politikk &#8211; som p\u00e5virker folk lommebok &#8211; som er viktig, mer en amerikansk utenrikspolitikk. .<\/p>\n","protected":false},"excerpt":{"rendered":"Norsk Industris leder Harald Solberg uttrykker alvorlig bekymring over Donald Trumps fremferd og planer om Gr\u00f8nland. Solberg mener&hellip;\n","protected":false},"author":2,"featured_media":131691,"comment_status":"","ping_status":"","sticky":false,"template":"","format":"standard","meta":{"footnotes":""},"categories":[10],"tags":[20,21,55,24,25,2112,15,22,23,13,30,28,11531,281,29,14,16,26,27,4712,205],"class_list":{"0":"post-131690","1":"post","2":"type-post","3":"status-publish","4":"format-standard","5":"has-post-thumbnail","7":"category-norge","8":"tag-breaking-news","9":"tag-breakingnews","10":"tag-donald-trump","11":"tag-featured-news","12":"tag-featurednews","13":"tag-gronland","14":"tag-headlines","15":"tag-latest-news","16":"tag-latestnews","17":"tag-news","18":"tag-no","19":"tag-norge","20":"tag-norsk-industri","21":"tag-norsk-politikk","22":"tag-norway","23":"tag-nyheter","24":"tag-overskrifter","25":"tag-top-stories","26":"tag-topstories","27":"tag-trond-giske","28":"tag-vgsamfunn"},"share_on_mastodon":{"url":"https:\/\/pubeurope.com\/@no\/115857551725961547","error":""},"_links":{"self":[{"href":"https:\/\/www.europesays.com\/no\/wp-json\/wp\/v2\/posts\/131690","targetHints":{"allow":["GET"]}}],"collection":[{"href":"https:\/\/www.europesays.com\/no\/wp-json\/wp\/v2\/posts"}],"about":[{"href":"https:\/\/www.europesays.com\/no\/wp-json\/wp\/v2\/types\/post"}],"author":[{"embeddable":true,"href":"https:\/\/www.europesays.com\/no\/wp-json\/wp\/v2\/users\/2"}],"replies":[{"embeddable":true,"href":"https:\/\/www.europesays.com\/no\/wp-json\/wp\/v2\/comments?post=131690"}],"version-history":[{"count":0,"href":"https:\/\/www.europesays.com\/no\/wp-json\/wp\/v2\/posts\/131690\/revisions"}],"wp:featuredmedia":[{"embeddable":true,"href":"https:\/\/www.europesays.com\/no\/wp-json\/wp\/v2\/media\/131691"}],"wp:attachment":[{"href":"https:\/\/www.europesays.com\/no\/wp-json\/wp\/v2\/media?parent=131690"}],"wp:term":[{"taxonomy":"category","embeddable":true,"href":"https:\/\/www.europesays.com\/no\/wp-json\/wp\/v2\/categories?post=131690"},{"taxonomy":"post_tag","embeddable":true,"href":"https:\/\/www.europesays.com\/no\/wp-json\/wp\/v2\/tags?post=131690"}],"curies":[{"name":"wp","href":"https:\/\/api.w.org\/{rel}","templated":true}]}}