{"id":131692,"date":"2026-01-08T04:57:15","date_gmt":"2026-01-08T04:57:15","guid":{"rendered":"https:\/\/www.europesays.com\/no\/131692\/"},"modified":"2026-01-08T04:57:15","modified_gmt":"2026-01-08T04:57:15","slug":"forbruker-dagligvare-coop-provde-a-oke-smagodtprisen-gikk-ikke-sa-bra","status":"publish","type":"post","link":"https:\/\/www.europesays.com\/no\/131692\/","title":{"rendered":"Forbruker, Dagligvare | Coop pr\u00f8vde \u00e5 \u00f8ke sm\u00e5godtprisen: Gikk ikke s\u00e5 bra"},"content":{"rendered":"\n<p>(<a href=\"https:\/\/www.nettavisen.no\/okonomi\/coop-provde-a-oke-smagodtprisen-gikk-ikke-sa-bra\/s\/5-95-2812439\" rel=\"Follow nofollow noopener\" target=\"_blank\">Nettavisen<\/a>): Coop Extra fors\u00f8kte \u00e5 jekke opp prisen p\u00e5 sm\u00e5godt, men konkurrentene ble st\u00e5ende p\u00e5 stedet hvil.<\/p>\n<p>Hos b\u00e5de Kiwi og Rema 1000 var kiloprisen for sm\u00e5godtet 169 kroner onsdag morgen, slik det har v\u00e6rt det siste \u00e5ret. Men hos Coop Extra hadde pipen f\u00e5tt en annen lyd. Der var prisen justert opp til 171 kroner.<\/p>\n<p>Coop selv forklarer prisjusteringen med \u00f8kte kostnader, men den forklaringen kj\u00f8per ikke dagligvareekspert Odd Gisholt uten videre.<\/p>\n<p>\u2013 De pr\u00f8ver seg litt<\/p>\n<p>Gisholt er tydelig p\u00e5 hva han tror egentlig foreg\u00e5r i kulissene. Han mener prisoppgangen er et strategisk fors\u00f8k fra Coops side for \u00e5 teste markedet.<\/p>\n<p>\u2013 De pr\u00f8ver seg litt, sl\u00e5r Gisholt fast.<\/p>\n<p>   <img decoding=\"async\" width=\"3024\" height=\"2268\" fetchpriority=\"low\"  loading=\"lazy\"  src=\"https:\/\/www.europesays.com\/no\/wp-content\/uploads\/2026\/01\/1767848234_219_Smgodt+i+butikk_1.bin.jpeg\" alt=\"Sm\u00e5godt i butikk\" class=\"brick-c-cFOWSL\" style=\"--brick-image-ratio: 3024 \/ 2268;\"\/><\/p>\n<p>      PRISHOPP: Slik var sm\u00e5godtprisen hos Extra onsdag morgen. Kort tid etter var prisen satt ned igjen til 16,90 per hekto.<br \/>\n      Foto: Erik Molland (Nettavisen)\n    <\/p>\n<p>Han er imidlertid overbevist om at stuntet blir kortvarig, ettersom erkerivalene Rema 1000 og Kiwi valgte \u00e5 holde prisen nede.<\/p>\n<p>\u2013 Jeg tror de kommer til \u00e5 g\u00e5 ned igjen. De f\u00f8lger hverandre som skygger, s\u00e5 det er helt sikkert, sier eksperten.<\/p>\n<p>Sommeren 2024 hoppet <a href=\"https:\/\/www.nettavisen.no\/okonomi\/smagodt-hos-kiwi-rema-1000-og-coop-oker-i-pris-og-bryter-en-magisk-grense-mener-blogger-gjerrigknarken\/s\/5-95-1868256\" rel=\"Follow nofollow noopener\" target=\"_blank\">sm\u00e5godtprisen fra 149,00 til 155,00 <\/a>og deretter til 159,00. I januar, for ett \u00e5r siden gikk prisen opp til 169,00.<\/p>\n<p><b>Noe du reagerer p\u00e5 i butikken, og som du vil dele med andre? Tips gjerne <a href=\"https:\/\/www.h-a.no\/coop-provde-a-oke-smagodtprisen-gikk-ikke-sa-bra\/s\/mailto:erik.molland@nettavisen.no\" rel=\"Follow nofollow noopener\" target=\"_blank\">Nettavisens journalist<\/a>, eller bidra i Nettavisens egen Facebook-gruppe <a href=\"https:\/\/www.facebook.com\/groups\/809139384359181\/\" rel=\"Follow nofollow noopener\" target=\"_blank\">\u00abDagligvarepriser\u00bb<\/a><\/b><\/p>\n<p>Sm\u00e5godtets storhetstid kan v\u00e6re forbi<\/p>\n<p>Selv om sm\u00e5godtprisen ofte skaper overskrifter, mener Gisholt at kategorien \u00abplukk og miks\u00bb ikke lenger er like kritisk for kjedene som den en gang var.<\/p>\n<p>\u2013 En rekke av de store produsentene, enten det er Minde, Nidar eller Freia, har jo puttet sm\u00e5godt i poser. Salget p\u00e5 plukk og miks er ikke lenger s\u00e5 viktig som det var tidligere. Derfor bl\u00e5ser de vel kanskje litt mer i hva prisen er, sier han.<\/p>\n<p>Han peker p\u00e5 at det n\u00e5 er Europris som har posisjonert seg som prislederen p\u00e5 sm\u00e5godt over tid, og at de kanskje er en farligere konkurrent p\u00e5 dette feltet enn dagligvarekjedene imellom.<\/p>\n<p>Hos Europris selger de sm\u00e5godt til 14,90 og har dessuten en l\u00f8rdagspris p\u00e5 11,90.<\/p>\n<p>\u2013 Europris har ligget lavest i l\u00f8pet av et \u00e5r, og de har en kjempeomsetning p\u00e5 dette, p\u00e5peker Gisholt.<\/p>\n<p>Det m\u00e5 nevnes at ogs\u00e5 andre kjeder jevnlig har kampanjepriser p\u00e5 sm\u00e5godt, slik som Meny, Spar, Joker, Bunnpris, Coop Prix og Coop Mega.<\/p>\n<p>   <img decoding=\"async\" width=\"1920\" height=\"1280\" fetchpriority=\"low\"  loading=\"lazy\"  src=\"https:\/\/www.europesays.com\/no\/wp-content\/uploads\/2026\/01\/1767848235_377_Smgodt+i+butikk_2.bin.jpeg\" alt=\"Sm\u00e5godt i butikk\" class=\"brick-c-cFOWSL\" style=\"--brick-image-ratio: 1920 \/ 1280;\"\/><\/p>\n<p>      PRISFORSKJELLER: Onsdag morgen var det ulike sm\u00e5goodtpriser hos Extra, Kiwi og Rema 1000.<br \/>\n      Foto: Erik Molland (Nettavisen)\n    <\/p>\n<p>  Helseb\u00f8lgen kan gi dyrere godteri<\/p>\n<p>Gisholt trekker ogs\u00e5 fram at fokuset p\u00e5 sunnhet, s\u00e6rlig n\u00e5 p\u00e5 ny\u00e5ret, kan gj\u00f8re det enklere for kjedene \u00e5 justere opp prisene p\u00e5 sukkerholdige varer uten for store protester fra forbrukerne.<\/p>\n<p>\u2013 Alle er jo s\u00e5 opptatt av sunnhet for tiden, s\u00e5 det kan hende man ikke kommer til \u00e5 satse s\u00e5 mye p\u00e5 snacks og sukkervarer fremover.<\/p>\n<p>Likevel minner han om tidligere tiders priskriger, spesielt rundt p\u00e5sketider, hvor prisene ble presset ned til latterlig lave niv\u00e5er. Han utelukker ikke at vi kan se \u00abkrigspriser\u00bb igjen fram mot p\u00e5sken 2026, men inntil videre tror han markedet har roet seg.<\/p>\n<p>Fortsatt billigst i klassen<\/p>\n<p>Til tross for Coops fors\u00f8k p\u00e5 en pris\u00f8kning til 171 kroner, understreker Gisholt at sm\u00e5godt i l\u00f8svekt fremdeles er sv\u00e6rt billig sammenlignet med alternativene.<\/p>\n<p>\u2013 Du m\u00e5 jo g\u00e5 og se p\u00e5 alle disse som tar 2000 kroner kiloen for en del spesialsjokolader. Det er jo bare helt r\u00e5tt. Det er vel ingenting ellers i godterikategorien som er i n\u00e6rheten av s\u00e5 lav pris som p\u00e5 sm\u00e5godt, avslutter han.<\/p>\n<p>Satte prisen rett ned igjen<\/p>\n<p>Nettavisen har spurt Coop om hvorfor de plutselig satte prisen opp. Kort tid etter valgte Extra \u00e5 sette prisen igjen.<\/p>\n<p>\u2013 \u00c5rsaken til prisendringer handler som hovedregel om \u00f8kte kostnader p\u00e5 varer vi selger, men kan ogs\u00e5 handle om normalisering av priser etter perioder med kampanjer eller s\u00e6rlig t\u00f8ff priskonkurranse, skriver kommunikasjonsdirekt\u00f8r Harald Kristiansen i en e-post til Nettavisen.<\/p>\n<p>Men i dette tilfellet har det ikke v\u00e6rt noen kampanje p\u00e5 sm\u00e5godt.<\/p>\n<p>Nettavisen har ogs\u00e5 spurt Coop om det er slik at de bare ville pr\u00f8ve se om de fikk med seg Kiwi og Rema 1000 til \u00e5 \u00f8ke prisen.<\/p>\n<p>Dette sp\u00f8rsm\u00e5let har ikke Coop besvart i skrivende stund.<\/p>\n<p>\u2013 Prisen p\u00e5 sm\u00e5godt hos Extra er senket til 169 kroner kiloen. Du vil til enhver tid kunne finne enkeltprodukter der prisene varierer. Extra er billigere enn v\u00e5re n\u00e6rmeste konkurrenter p\u00e5 en rekke varer og i korte perioder kan det v\u00e6re prisforskjeller andre veien, sier Kristiansen til Nettavisen.<\/p>\n","protected":false},"excerpt":{"rendered":"(Nettavisen): Coop Extra fors\u00f8kte \u00e5 jekke opp prisen p\u00e5 sm\u00e5godt, men konkurrentene ble st\u00e5ende p\u00e5 stedet hvil. Hos&hellip;\n","protected":false},"author":2,"featured_media":131506,"comment_status":"","ping_status":"","sticky":false,"template":"","format":"standard","meta":{"footnotes":""},"categories":[56],"tags":[36,60,1749,824,61,823,62,30,28,29,1510],"class_list":{"0":"post-131692","1":"post","2":"type-post","3":"status-publish","4":"format-standard","5":"has-post-thumbnail","7":"category-naeringsliv","8":"tag-art","9":"tag-business","10":"tag-coop","11":"tag-dagligvare","12":"tag-economy","13":"tag-forbruker","14":"tag-naeringsliv","15":"tag-no","16":"tag-norge","17":"tag-norway","18":"tag-story"},"share_on_mastodon":{"url":"https:\/\/pubeurope.com\/@no\/115857708992423793","error":""},"_links":{"self":[{"href":"https:\/\/www.europesays.com\/no\/wp-json\/wp\/v2\/posts\/131692","targetHints":{"allow":["GET"]}}],"collection":[{"href":"https:\/\/www.europesays.com\/no\/wp-json\/wp\/v2\/posts"}],"about":[{"href":"https:\/\/www.europesays.com\/no\/wp-json\/wp\/v2\/types\/post"}],"author":[{"embeddable":true,"href":"https:\/\/www.europesays.com\/no\/wp-json\/wp\/v2\/users\/2"}],"replies":[{"embeddable":true,"href":"https:\/\/www.europesays.com\/no\/wp-json\/wp\/v2\/comments?post=131692"}],"version-history":[{"count":0,"href":"https:\/\/www.europesays.com\/no\/wp-json\/wp\/v2\/posts\/131692\/revisions"}],"wp:featuredmedia":[{"embeddable":true,"href":"https:\/\/www.europesays.com\/no\/wp-json\/wp\/v2\/media\/131506"}],"wp:attachment":[{"href":"https:\/\/www.europesays.com\/no\/wp-json\/wp\/v2\/media?parent=131692"}],"wp:term":[{"taxonomy":"category","embeddable":true,"href":"https:\/\/www.europesays.com\/no\/wp-json\/wp\/v2\/categories?post=131692"},{"taxonomy":"post_tag","embeddable":true,"href":"https:\/\/www.europesays.com\/no\/wp-json\/wp\/v2\/tags?post=131692"}],"curies":[{"name":"wp","href":"https:\/\/api.w.org\/{rel}","templated":true}]}}