{"id":131701,"date":"2026-01-08T05:12:13","date_gmt":"2026-01-08T05:12:13","guid":{"rendered":"https:\/\/www.europesays.com\/no\/131701\/"},"modified":"2026-01-08T05:12:13","modified_gmt":"2026-01-08T05:12:13","slug":"bodosjoen-coop-extra-stenger-sondagsapen-butikk-i-bodosjoen","status":"publish","type":"post","link":"https:\/\/www.europesays.com\/no\/131701\/","title":{"rendered":"Bod\u00f8sj\u00f8en, Coop Extra | Stenger s\u00f8ndags\u00e5pen butikk i Bod\u00f8sj\u00f8en"},"content":{"rendered":"\n<p>Denne plakaten var plassert p\u00e5 vinduet til Coop Extra Bod\u00f8sj\u00f8en.<\/p>\n<p>   <img decoding=\"async\" width=\"1179\" height=\"1601\" fetchpriority=\"low\"  loading=\"lazy\"  src=\"https:\/\/www.europesays.com\/no\/wp-content\/uploads\/2026\/01\/att.uhBFiu5FJPaCtZOSdYKF6XoBwJDGFbFZ8zDPX-bgd-M.jpg\" alt=\"\" class=\"brick-c-cFOWSL\" style=\"--brick-image-ratio: 1179 \/ 1601;\"\/><\/p>\n<p>      Denne plakaten er festet p\u00e5 et av vinduene p\u00e5 Coop Extra Bod\u00f8sj\u00f8en.<br \/>\n      Foto: Bod\u00f8 Nu-tipser\n    <\/p>\n<p>Som plakaten forteller \u2013 butikken skal oppgraderes:<\/p>\n<p>\u00abVi utvider, bygger om og oppgraderer butikken. S\u00f8ndagsbutikken avvikles og har siste \u00e5pningsdag 4. januar.<\/p>\n<p>I tiden framover blir det en del endring og byggeaktivitet i butikken.<\/p>\n<p>26. februar skal alt st\u00e5 ferdig og vi feirer med kake og gode tilbud.\u00bb<\/p>\n<p>\u2013 Vi ser behovet for ei oppgradering av butikken, og det trengs st\u00f8rre plass til hverdagsbutikken. Derfor har vi besluttet \u00e5 legge ned s\u00f8ndagsbutikken, for \u00e5 bruke hele plassen til hovedbutikken, forteller driftssjef i Coop Nordland, Terje Larsen til Bod\u00f8 Nu.<\/p>\n<p>Etter oppgraderingen og ombyggingen vil \u00e5pningstidene gjelde mandag-l\u00f8rdag, mens s\u00f8ndags\u00e5pent avvikles helt. Veggen som skiller S\u00f8ndagsbutikken og hovedbutikken skal alts\u00e5 rives for bedre utnyttelse av arealet.<\/p>\n<p>\u2013 Vi f\u00e5r utnyttet butikklokalet p\u00e5 en mye bedre m\u00e5te. Vi f\u00e5r frigjort noen kvadratmeter, ogs\u00e5 f\u00e5r vi dratt butikken mer ut. Vi f\u00e5r mindre inngangsparti og utnytter arealet bedre. Det vil bli bedre plass og det skal bli en flott butikk n\u00e5r det er ferdig.<\/p>\n<p>Som en del av oppgraderingen skal det investeres i ny panteautomat, nye kj\u00f8lere og en utvidelse av sortimentet. Samtidig omm\u00f8bleres reolene inne i butikken for \u00e5 skape mer plass.<\/p>\n<p>Driftssjefen ansl\u00e5r at oppgraderingen f\u00e5r en kostnad rundt seks millioner kroner.<\/p>\n<p>\u2013 Det blir noen kostnader, spesielt p\u00e5 kj\u00f8l og frys. Det koster \u00e5 modernisere, men det er absolutt verdt det, sl\u00e5r han fast.<\/p>\n<p>  <a href=\"https:\/\/www.bodonu.no\/5-159-231122\" class=\"related-teaser has-image default-story-teaser article--c-eRUmMG article--c-eRUmMG-jKCPdD-design-default\" rel=\"nofollow noopener\" target=\"_blank\"><\/p>\n<p>    <img decoding=\"async\" loading=\"lazy\"  src=\"https:\/\/www.europesays.com\/no\/wp-content\/uploads\/2026\/01\/612725739_1293842532780873_8121732148518559089_n.jpg\" alt=\"\" class=\"brick-c-cFOWSL\" style=\"\"\/><\/p>\n<p>\n            Les ogs\u00e5<\/p>\n<p>              Pengene str\u00f8mmet inn etter meldingen: \u2013 Fantastisk god respons\n        <\/p>\n<p>  <\/a><\/p>\n<p>  <a href=\"https:\/\/www.bodonu.no\/5-159-230608\" class=\"related-teaser has-image default-story-teaser article--c-eRUmMG article--c-eRUmMG-jKCPdD-design-default\" rel=\"nofollow noopener\" target=\"_blank\"><\/p>\n<p>    <img decoding=\"async\" loading=\"lazy\"  src=\"https:\/\/www.europesays.com\/no\/wp-content\/uploads\/2026\/01\/5_159_126967+IMG_4357.JPG\" alt=\"\" class=\"brick-c-cFOWSL\" style=\"\"\/><\/p>\n<p>\n            Les ogs\u00e5<\/p>\n<p>              Linken-lysene sikret for nok et \u00e5r: \u2013 Vi har f\u00e5tt bekreftet at byen vil ha dette\n        <\/p>\n<p>  <\/a><\/p>\n<p>  <a href=\"https:\/\/www.bodonu.no\/5-159-228294\" class=\"related-teaser has-image default-story-teaser article--c-eRUmMG article--c-eRUmMG-jKCPdD-design-default\" rel=\"nofollow noopener\" target=\"_blank\"><\/p>\n<p>    <img decoding=\"async\" loading=\"lazy\"  src=\"https:\/\/www.europesays.com\/no\/wp-content\/uploads\/2026\/01\/NTB_BQlYM4GeR38_1.jpg\" alt=\"\" class=\"brick-c-cFOWSL\" style=\"\"\/><\/p>\n<p>\n            Les ogs\u00e5<\/p>\n<p>              Vil ha fraktskip fra Rotterdam til Bod\u00f8: \u2013 Kan gi n\u00e6ringslivet et superstort pluss\n        <\/p>\n<p>  <\/a><\/p>\n","protected":false},"excerpt":{"rendered":"Denne plakaten var plassert p\u00e5 vinduet til Coop Extra Bod\u00f8sj\u00f8en. Denne plakaten er festet p\u00e5 et av vinduene&hellip;\n","protected":false},"author":2,"featured_media":131702,"comment_status":"","ping_status":"","sticky":false,"template":"","format":"standard","meta":{"footnotes":""},"categories":[56],"tags":[36,15261,60,10367,13676,824,61,62,30,28,29,1510],"class_list":{"0":"post-131701","1":"post","2":"type-post","3":"status-publish","4":"format-standard","5":"has-post-thumbnail","7":"category-naeringsliv","8":"tag-art","9":"tag-bodosjoen","10":"tag-business","11":"tag-coop-extra","12":"tag-coop-nordland","13":"tag-dagligvare","14":"tag-economy","15":"tag-naeringsliv","16":"tag-no","17":"tag-norge","18":"tag-norway","19":"tag-story"},"share_on_mastodon":{"url":"https:\/\/pubeurope.com\/@no\/115857768005793642","error":""},"_links":{"self":[{"href":"https:\/\/www.europesays.com\/no\/wp-json\/wp\/v2\/posts\/131701","targetHints":{"allow":["GET"]}}],"collection":[{"href":"https:\/\/www.europesays.com\/no\/wp-json\/wp\/v2\/posts"}],"about":[{"href":"https:\/\/www.europesays.com\/no\/wp-json\/wp\/v2\/types\/post"}],"author":[{"embeddable":true,"href":"https:\/\/www.europesays.com\/no\/wp-json\/wp\/v2\/users\/2"}],"replies":[{"embeddable":true,"href":"https:\/\/www.europesays.com\/no\/wp-json\/wp\/v2\/comments?post=131701"}],"version-history":[{"count":0,"href":"https:\/\/www.europesays.com\/no\/wp-json\/wp\/v2\/posts\/131701\/revisions"}],"wp:featuredmedia":[{"embeddable":true,"href":"https:\/\/www.europesays.com\/no\/wp-json\/wp\/v2\/media\/131702"}],"wp:attachment":[{"href":"https:\/\/www.europesays.com\/no\/wp-json\/wp\/v2\/media?parent=131701"}],"wp:term":[{"taxonomy":"category","embeddable":true,"href":"https:\/\/www.europesays.com\/no\/wp-json\/wp\/v2\/categories?post=131701"},{"taxonomy":"post_tag","embeddable":true,"href":"https:\/\/www.europesays.com\/no\/wp-json\/wp\/v2\/tags?post=131701"}],"curies":[{"name":"wp","href":"https:\/\/api.w.org\/{rel}","templated":true}]}}