{"id":131703,"date":"2026-01-08T05:14:06","date_gmt":"2026-01-08T05:14:06","guid":{"rendered":"https:\/\/www.europesays.com\/no\/131703\/"},"modified":"2026-01-08T05:14:06","modified_gmt":"2026-01-08T05:14:06","slug":"trafikk-sno-forbereder-seg-pa-snokaos-har-kalt-inn-ekstra-folk-romerikes-blad","status":"publish","type":"post","link":"https:\/\/www.europesays.com\/no\/131703\/","title":{"rendered":"Trafikk, Sn\u00f8 | Forbereder seg p\u00e5 sn\u00f8kaos: \u2013 Har kalt inn ekstra folk &#8211; Romerikes Blad"},"content":{"rendered":"<ol>\n<li><a href=\"https:\/\/news.google.com\/rss\/articles\/CBMiiwFBVV95cUxPRXhwNERNNHF5X05KOWlweEZTYXpSVGNNOUtTUG94eWx3RXd1ZjdtaW8xNVE5ZGdNWVdXb0NwYjQxTXFBNDVCVVFSNGlqOWVTZ1RHU3JfckFmMXZwZmNsbzlnTU41Wmx0ZW4zTUpDNWh6TEgzeW9EMDMwUnVNenY2eWtnSVNvMEhNM0tr?oc=5\" target=\"_blank\" rel=\"nofollow noopener\">Trafikk, Sn\u00f8 | Forbereder seg p\u00e5 sn\u00f8kaos: \u2013 Har kalt inn ekstra folk<\/a>&nbsp;&nbsp;Romerikes Blad<\/li>\n<li><a href=\"https:\/\/news.google.com\/rss\/articles\/CBMieEFVX3lxTFBvVDdqRlhCUVZRRjdsZkNSUWRtbzZoZThKLV9aWlhGRHUwWG1FNUxCZXJtTTAxbDB0VGE3UER1X3ROTjJJRmxTZ2xjOEdveDFMWWkyTjliUjBPNEhoSFBUV18zR05LZmx2cWZ1OVNEbUJvMG85UGRpdg?oc=5\" target=\"_blank\" rel=\"nofollow noopener\">Varsler sn\u00f8kaos: S\u00e5 snur det<\/a>&nbsp;&nbsp;Dagbladet<\/li>\n<li><a href=\"https:\/\/news.google.com\/rss\/articles\/CBMilwFBVV95cUxNSHl4TEFyZHl3NGk4STRDOTJGNEVjcFZNckZUR0F0VHBtTkd2MVpyRy1lRmNJQlBqZVRjZk9XczFIMFRYaEtDRjk2bmJ1c1JBX0Z3ZXpKSTQ1RW41aU5tVC1YN09pOWhKUGlmS0hYcnFRUEtYbUdUYWVMdDI0Z081cGZiV1NqZG9pMkZDTmVqSEpNalpVUGhF?oc=5\" target=\"_blank\" rel=\"nofollow noopener\">\u00d8stlandet v\u00e5kner til mer sn\u00f8: \u2013 I dag blir det glatt \u2013 Stor-Oslo<\/a>&nbsp;&nbsp;NRK<\/li>\n<li><a href=\"https:\/\/news.google.com\/rss\/articles\/CBMiygFBVV95cUxNWmFVdVY5b2F2VEpaRkFVS1NEcTB5NzltaEotQTF4ZVN2a1BBazZndDh2SGFjOEdoTVAyMS1RZFhDOGlfWGp3OGVDZzk2emFGWUtwcTJCZXpsckMtSmY3TkJjTUpmZ0JkTlVPZUI5UXZvV0F6cWVXcWl0VWdCSGhXREVBOTROMHZybXFLVDhJdHdLWnFtanNmR1B0Y08tTk1tMGgtaWx3RWZodXFhb2I5RGdKNU8tTl83Y0g0UzdMV1E1MzUzdWJSN25n?oc=5\" target=\"_blank\" rel=\"nofollow noopener\">Gult farevarsel om sn\u00f8 p\u00e5 \u00d8stlandet \u2013 varsler opp mot 25 centimeter<\/a>&nbsp;&nbsp;VG<\/li>\n<li><a href=\"https:\/\/news.google.com\/rss\/articles\/CBMikAFBVV95cUxNU3pJNkcwQ1R5bTJjMnc5QmlVeHNwTFlTam9reHhoT1BYb2cyUkVyMHdKM2ltbHR4Y2RpSnl4NnFHellBaUJxVndUN3Y1QXdlbkY2aVRIYnpVZ3hYd2NYQTNKUWRHRjJGT0p4Q3JJeV9kbnlyRTNzRWxRbVc4TDRLRmZQdmotTzdRWmZ4M3BDaGg?oc=5\" target=\"_blank\" rel=\"nofollow noopener\">Store sprik i v\u00e6rvarselet for Oslo neste uke<\/a>&nbsp;&nbsp;Aftenposten<\/li>\n<\/ol>\n","protected":false},"excerpt":{"rendered":"Trafikk, Sn\u00f8 | Forbereder seg p\u00e5 sn\u00f8kaos: \u2013 Har kalt inn ekstra folk&nbsp;&nbsp;Romerikes Blad Varsler sn\u00f8kaos: S\u00e5 snur&hellip;\n","protected":false},"author":2,"featured_media":131704,"comment_status":"","ping_status":"","sticky":false,"template":"","format":"standard","meta":{"footnotes":""},"categories":[10],"tags":[20,21,24,25,15,22,23,13,30,28,29,14,16,26,27],"class_list":{"0":"post-131703","1":"post","2":"type-post","3":"status-publish","4":"format-standard","5":"has-post-thumbnail","7":"category-norge","8":"tag-breaking-news","9":"tag-breakingnews","10":"tag-featured-news","11":"tag-featurednews","12":"tag-headlines","13":"tag-latest-news","14":"tag-latestnews","15":"tag-news","16":"tag-no","17":"tag-norge","18":"tag-norway","19":"tag-nyheter","20":"tag-overskrifter","21":"tag-top-stories","22":"tag-topstories"},"share_on_mastodon":{"url":"https:\/\/pubeurope.com\/@no\/115857775820831489","error":""},"_links":{"self":[{"href":"https:\/\/www.europesays.com\/no\/wp-json\/wp\/v2\/posts\/131703","targetHints":{"allow":["GET"]}}],"collection":[{"href":"https:\/\/www.europesays.com\/no\/wp-json\/wp\/v2\/posts"}],"about":[{"href":"https:\/\/www.europesays.com\/no\/wp-json\/wp\/v2\/types\/post"}],"author":[{"embeddable":true,"href":"https:\/\/www.europesays.com\/no\/wp-json\/wp\/v2\/users\/2"}],"replies":[{"embeddable":true,"href":"https:\/\/www.europesays.com\/no\/wp-json\/wp\/v2\/comments?post=131703"}],"version-history":[{"count":0,"href":"https:\/\/www.europesays.com\/no\/wp-json\/wp\/v2\/posts\/131703\/revisions"}],"wp:featuredmedia":[{"embeddable":true,"href":"https:\/\/www.europesays.com\/no\/wp-json\/wp\/v2\/media\/131704"}],"wp:attachment":[{"href":"https:\/\/www.europesays.com\/no\/wp-json\/wp\/v2\/media?parent=131703"}],"wp:term":[{"taxonomy":"category","embeddable":true,"href":"https:\/\/www.europesays.com\/no\/wp-json\/wp\/v2\/categories?post=131703"},{"taxonomy":"post_tag","embeddable":true,"href":"https:\/\/www.europesays.com\/no\/wp-json\/wp\/v2\/tags?post=131703"}],"curies":[{"name":"wp","href":"https:\/\/api.w.org\/{rel}","templated":true}]}}