{"id":131713,"date":"2026-01-08T05:33:07","date_gmt":"2026-01-08T05:33:07","guid":{"rendered":"https:\/\/www.europesays.com\/no\/131713\/"},"modified":"2026-01-08T05:33:07","modified_gmt":"2026-01-08T05:33:07","slug":"skjak-nyheter-sier-nei-til-band-en-lett-avgjorelse-for-oss-gudbrandsdolen-dagningen","status":"publish","type":"post","link":"https:\/\/www.europesays.com\/no\/131713\/","title":{"rendered":"Skj\u00e5k, Nyheter | Sier nei til band: \u2013 En lett avgj\u00f8relse for oss &#8211; Gudbrandsd\u00f8len Dagningen"},"content":{"rendered":"<ol>\n<li><a href=\"https:\/\/news.google.com\/rss\/articles\/CBMigwFBVV95cUxNejJTN3J0WkVpMGJycVFSOGFGY3VDRXlwUUE2YnNTcjhEZkctNkF0czFiZkNwS0JoX1pGZGtIOWV1RWVUQkE5OGptMVNub0pxaE5lejlfdkVzY1NWS19feTlKRTBpRWhZRXJZZVp0aFhZRlh1X2NNdlNzbjh6OUhpUXRUaw?oc=5\" target=\"_blank\" rel=\"nofollow noopener\">Skj\u00e5k, Nyheter | Sier nei til band: \u2013 En lett avgj\u00f8relse for oss<\/a>&nbsp;&nbsp;Gudbrandsd\u00f8len Dagningen<\/li>\n<li><a href=\"https:\/\/news.google.com\/rss\/articles\/CBMiqwFBVV95cUxQaFgxb0tfV1NIQnVHSTlKakdmbjlUQ2RMUTRpeVZvU1IzVTdRTWJuazJiOUU5OWFuTkdvN3JPbXQxcnRaYXRBT2lsLTBQQVBKdlVrWW85TG8zWW1ucm1PcHdPXzFwXy1oclJuVUI3UnVOb21RVUtrT0ptX1ZXYXk2NHlkdnNPTkU3MnFKS242SkY4ZEFzMnVWTEh0QXVfV2pSVUpjWDVrSUlqRjA?oc=5\" target=\"_blank\" rel=\"nofollow noopener\">Trekker seg fr\u00e5 KI-band: \u2013 Me har ikkje vore ein del av prosessen<\/a>&nbsp;&nbsp;sunnhordland.no<\/li>\n<li><a href=\"https:\/\/news.google.com\/rss\/articles\/CBMivAFBVV95cUxOZFJYWVJFTWFtX2U2WjV6VEhZM1FzelBoVUlDUHRWYkEyaHRkY3VXN0o5eXBPN2w0a0pPWWFqQzNYd1NTVUZId3ZpbGtUNW82b1FaVGQxWF93aXMwdEtJUVVpNW5EMENyZThPWExDaWY5bTAzV3pPcW5yM29laWhjbk1rODEwZ0ZYQkVhcmNYNDRsVDRhYTRjVGtuT3dPcFpRbFByZTNacTRBRU1YNGhoM1MzbktZWE1sV0pFUQ?oc=5\" target=\"_blank\" rel=\"nofollow noopener\">Bandets st\u00f8rste hits er laget med KI: I sommer framf\u00f8res l\u00e5tene p\u00e5 lokale festivaler<\/a>&nbsp;&nbsp;Haugesunds Avis<\/li>\n<li><a href=\"https:\/\/news.google.com\/rss\/articles\/CBMikAFBVV95cUxQOEpVN19QcldtX3N6MWxtYTFGbjVtcG5ZcWFmeFV1VlNfVHdJYzQ1LVJQc0xLNHRvWkF2NXIxNXFXS2NVdTZFbXJsYURSOHhsWG9pUHZyNkZEbV9GMkprd0UwVFpjVXhzTnlISUdDMkMtY1ZfaDFvSzduU0xKRmVZS0QxNnRpZ3pQM2VpSHZxUGw?oc=5\" target=\"_blank\" rel=\"nofollow noopener\">Tek KI-band av plakaten: \u2013 Det skal vera ekte vare<\/a>&nbsp;&nbsp;fjuken.no<\/li>\n<li><a href=\"https:\/\/news.google.com\/rss\/articles\/CBMikgFBVV95cUxNRmFraDQwaV9iOUZlemFDZzZHbVZvRUtjSkNtYl9UQnFsR2c2X1hZTWVUc2JoWkFacF81b3NobG9KMmZxVDc4WHFwMlRfLUJOS2xaRlhocmNxX3pTTEc0ZXlmZGlZQ19UTE1pMWVtNWpfTEFrQlZGVWo1X00tTk9TNnlic1Ntc2QteTZRem5ieVpiZw?oc=5\" target=\"_blank\" rel=\"nofollow noopener\">Kampen om \u00abekte\u00bb musikk er allerede tapt \u2013 heldigvis<\/a>&nbsp;&nbsp;Ballade.no<\/li>\n<\/ol>\n","protected":false},"excerpt":{"rendered":"Skj\u00e5k, Nyheter | Sier nei til band: \u2013 En lett avgj\u00f8relse for oss&nbsp;&nbsp;Gudbrandsd\u00f8len Dagningen Trekker seg fr\u00e5 KI-band:&hellip;\n","protected":false},"author":2,"featured_media":131714,"comment_status":"","ping_status":"","sticky":false,"template":"","format":"standard","meta":{"footnotes":""},"categories":[58],"tags":[71,30,28,29,72],"class_list":{"0":"post-131713","1":"post","2":"type-post","3":"status-publish","4":"format-standard","5":"has-post-thumbnail","7":"category-underholdning","8":"tag-entertainment","9":"tag-no","10":"tag-norge","11":"tag-norway","12":"tag-underholdning"},"share_on_mastodon":{"url":"https:\/\/pubeurope.com\/@no\/115857850822012343","error":""},"_links":{"self":[{"href":"https:\/\/www.europesays.com\/no\/wp-json\/wp\/v2\/posts\/131713","targetHints":{"allow":["GET"]}}],"collection":[{"href":"https:\/\/www.europesays.com\/no\/wp-json\/wp\/v2\/posts"}],"about":[{"href":"https:\/\/www.europesays.com\/no\/wp-json\/wp\/v2\/types\/post"}],"author":[{"embeddable":true,"href":"https:\/\/www.europesays.com\/no\/wp-json\/wp\/v2\/users\/2"}],"replies":[{"embeddable":true,"href":"https:\/\/www.europesays.com\/no\/wp-json\/wp\/v2\/comments?post=131713"}],"version-history":[{"count":0,"href":"https:\/\/www.europesays.com\/no\/wp-json\/wp\/v2\/posts\/131713\/revisions"}],"wp:featuredmedia":[{"embeddable":true,"href":"https:\/\/www.europesays.com\/no\/wp-json\/wp\/v2\/media\/131714"}],"wp:attachment":[{"href":"https:\/\/www.europesays.com\/no\/wp-json\/wp\/v2\/media?parent=131713"}],"wp:term":[{"taxonomy":"category","embeddable":true,"href":"https:\/\/www.europesays.com\/no\/wp-json\/wp\/v2\/categories?post=131713"},{"taxonomy":"post_tag","embeddable":true,"href":"https:\/\/www.europesays.com\/no\/wp-json\/wp\/v2\/tags?post=131713"}],"curies":[{"name":"wp","href":"https:\/\/api.w.org\/{rel}","templated":true}]}}