{"id":131720,"date":"2026-01-08T05:44:19","date_gmt":"2026-01-08T05:44:19","guid":{"rendered":"https:\/\/www.europesays.com\/no\/131720\/"},"modified":"2026-01-08T05:44:19","modified_gmt":"2026-01-08T05:44:19","slug":"abba-bjorn-ulvaeus-abbas-bjorn-ulvaeus-ekskone-lena-er-dod","status":"publish","type":"post","link":"https:\/\/www.europesays.com\/no\/131720\/","title":{"rendered":"ABBA, Bj\u00f6rn Ulvaeus | ABBAs Bj\u00f6rn Ulvaeus ekskone Lena er d\u00f8d"},"content":{"rendered":"\n<p>Bj\u00f6rn Ulvaeus&#8217; ekskone Lena Ulvaeus har g\u00e5tt bort, 76 \u00e5r gammel.<\/p>\n<p>Det bekrefter Ulvaeus&#8217; agent G\u00f6rel Hanser for den svenske avisen <a href=\"https:\/\/www.expressen.se\/noje\/lena-ulvaeus-ar-dod\/?utm_source=sdrn%3Avg%3Aarticle%3A16nmjq\" rel=\"Follow nofollow noopener\" target=\"_blank\">Expressen<\/a>.<\/p>\n<p><b>Les ogs\u00e5: <a href=\"https:\/\/www.nettavisen.no\/kjendis\/nrk-profilene-roper-samboerskap\/s\/5-95-2024600\" rel=\"Follow nofollow noopener\" target=\"_blank\">NRK-profilene r\u00f8per nytt steg i forholdet<\/a><\/b><\/p>\n<p>Til Expressen sier Ulvaues f\u00f8lgende om d\u00f8dsfallet:<\/p>\n<p>\u2013 Jeg savner henne veldig. Det er veldig trist at hun er d\u00f8d. Jeg tenker ofte p\u00e5 henne, selv om vi skilte oss for fire \u00e5r siden. Og jeg tenker p\u00e5 barna v\u00e5re, Emma og Anna, i denne sorgens stund.<\/p>\n<p>   <img decoding=\"async\" width=\"4256\" height=\"3280\" fetchpriority=\"low\"  loading=\"lazy\"  src=\"https:\/\/www.europesays.com\/no\/wp-content\/uploads\/2026\/01\/n-h1WaB6qrM.jpg\" alt=\"\" class=\"brick-c-cFOWSL\" style=\"--brick-image-ratio: 4256 \/ 3280;\"\/><\/p>\n<p>      M\u00d8TTES P\u00c5 NYTT\u00c5RSFEST: Lena og Bj\u00f6rn m\u00f8ttes p\u00e5 en nytt\u00e5rsfest hos Benny Andersson og Anni-Frid Lyngstad.<br \/>\n      Foto: Anders Wiklund \/ TT \/ NTB\n    <\/p>\n<p><a href=\"https:\/\/www.vg.no\/rampelys\/i\/16nmjq\/abbas-bjorn-ulvaeus-kone-lena-er-doed\" rel=\"Follow nofollow noopener\" target=\"_blank\">VG <\/a>omtalte saken f\u00f8rst.<\/p>\n<p>I 2003 fikk Lena Ulvaeus en uhelbredelig form for lymfatisk leukemi etter \u00e5 ha oppdaget klumper i halsen.<\/p>\n<p>Lena og Bj\u00f6rn m\u00f8ttes p\u00e5 en nytt\u00e5rsfest hos Abba-medlemmene Benny Andersson og Anni-Frid Lyngstad.<\/p>\n<p>Paret var gift i 41 \u00e5r, fra 1981 til 2022. De har to voksne barn sammen.<\/p>\n<p>\u00abVi er fortsatt n\u00e6re og gode venner, og vi vil fortsette \u00e5 feire barnebarna v\u00e5res bursdager og andre familieh\u00f8ytider sammen\u00bb, sa de i en felles uttalelse.<\/p>\n<p>Bj\u00f6rn Ulvaeus er for tiden gift med Christina Sas (54)<\/p>\n","protected":false},"excerpt":{"rendered":"Bj\u00f6rn Ulvaeus&#8217; ekskone Lena Ulvaeus har g\u00e5tt bort, 76 \u00e5r gammel. Det bekrefter Ulvaeus&#8217; agent G\u00f6rel Hanser for&hellip;\n","protected":false},"author":2,"featured_media":131721,"comment_status":"","ping_status":"","sticky":false,"template":"","format":"standard","meta":{"footnotes":""},"categories":[58],"tags":[71,30,28,29,72],"class_list":{"0":"post-131720","1":"post","2":"type-post","3":"status-publish","4":"format-standard","5":"has-post-thumbnail","7":"category-underholdning","8":"tag-entertainment","9":"tag-no","10":"tag-norge","11":"tag-norway","12":"tag-underholdning"},"share_on_mastodon":{"url":"https:\/\/pubeurope.com\/@no\/115857893780707737","error":""},"_links":{"self":[{"href":"https:\/\/www.europesays.com\/no\/wp-json\/wp\/v2\/posts\/131720","targetHints":{"allow":["GET"]}}],"collection":[{"href":"https:\/\/www.europesays.com\/no\/wp-json\/wp\/v2\/posts"}],"about":[{"href":"https:\/\/www.europesays.com\/no\/wp-json\/wp\/v2\/types\/post"}],"author":[{"embeddable":true,"href":"https:\/\/www.europesays.com\/no\/wp-json\/wp\/v2\/users\/2"}],"replies":[{"embeddable":true,"href":"https:\/\/www.europesays.com\/no\/wp-json\/wp\/v2\/comments?post=131720"}],"version-history":[{"count":0,"href":"https:\/\/www.europesays.com\/no\/wp-json\/wp\/v2\/posts\/131720\/revisions"}],"wp:featuredmedia":[{"embeddable":true,"href":"https:\/\/www.europesays.com\/no\/wp-json\/wp\/v2\/media\/131721"}],"wp:attachment":[{"href":"https:\/\/www.europesays.com\/no\/wp-json\/wp\/v2\/media?parent=131720"}],"wp:term":[{"taxonomy":"category","embeddable":true,"href":"https:\/\/www.europesays.com\/no\/wp-json\/wp\/v2\/categories?post=131720"},{"taxonomy":"post_tag","embeddable":true,"href":"https:\/\/www.europesays.com\/no\/wp-json\/wp\/v2\/tags?post=131720"}],"curies":[{"name":"wp","href":"https:\/\/api.w.org\/{rel}","templated":true}]}}