{"id":131723,"date":"2026-01-08T05:47:09","date_gmt":"2026-01-08T05:47:09","guid":{"rendered":"https:\/\/www.europesays.com\/no\/131723\/"},"modified":"2026-01-08T05:47:09","modified_gmt":"2026-01-08T05:47:09","slug":"putin-feiret-ortodoks-jul-mens-rakettene-hagler-over-ukraina","status":"publish","type":"post","link":"https:\/\/www.europesays.com\/no\/131723\/","title":{"rendered":"Putin feiret ortodoks jul mens rakettene hagler over Ukraina"},"content":{"rendered":"<p>    Mens blodet flyter p\u00e5 okkupert jord hos broderfolket i Ukraina, tok Russlands president ordet i en ortodoks kirke p\u00e5 en milit\u00e6rbase.<\/p>\n<p>\n        Russlands president Vladimir Putin, ledsaget av milit\u00e6rt personell og deres familiemedlemmer, deltar i den ortodokse julegudstjenesten i Stormartyren St. Georg Seiers kirke i Solnetsjnogorsk i Moskva-regionen, Russland, 7. januar 2026.<br \/>\n        Vyacheslav Prokofyev\/NTB\n    <\/p>\n<p>\u2013 Vi alle gleder oss sammen over v\u00e5re felles seire, var budskapet til Vladimir Putin.<\/p>\n<p>Det melder <a href=\"https:\/\/www.reuters.com\/world\/putin-hails-holy-mission-russian-troops-orthodox-christmas-service-2026-01-06\/\" rel=\"nofollow noopener\" target=\"_blank\">Reuters<\/a> og <a href=\"https:\/\/kyivindependent.com\/ukraine-war-latest-2026-01-07\/\" rel=\"nofollow noopener\" target=\"_blank\">Kyiv Independent.<\/a><\/p>\n<p>I en video utgitt av Kreml markerer Putin ortodoks jul i en kirke i Russland 7. januar.<\/p>\n<p>Omgitt av kvinner og barn<\/p>\n<p>Stedet er lokalisert til kirken til den store martyren Georg Seiersherren, St. George Victory Bearer-kirke. Denne ligger ved foten av Senezh spesialsenter i Solnechnogorsk, en by omtrent 60 kilometer nordvest for Moskva.<\/p>\n<p>If\u00f8lge det russiske uavhengige unders\u00f8kelsesmediet Agentstvo skal ogs\u00e5 generalmajor Alexei Galkin, en ukrainskf\u00f8dt kommand\u00f8r for Senezh spesialsenter, og Alexander Matovnikov, kommand\u00f8r for Russlands spesialoperasjonsstyrker, ha deltatt p\u00e5 gudstjenesten.<\/p>\n<p>I videoen kan Putin sees sammen med av en gruppe milit\u00e6rt personell, kvinner og barn. Videoopptaket viste Putin i en m\u00f8rk dress uten slips blant uniformerte soldater.<\/p>\n<p>                <img decoding=\"async\" src=\"https:\/\/www.europesays.com\/no\/wp-content\/uploads\/2026\/01\/1365237.webp.jpeg\" width=\"480\" height=\"274\" title=\"Russlands president Vladimir Putin taler til milit\u00e6rt personell og deres familier etter den ortodokse julegudstjenesten i Stormartyrkirken.\" alt=\"\" loading=\"lazy\" style=\"\"\/><\/p>\n<p>\n            Russlands president Vladimir Putin taler til milit\u00e6rt personell og deres familier etter den ortodokse julegudstjenesten i Stormartyrkirken.<br \/>\n            Vyacheslav Prokofyev\n        <\/p>\n<p>Hyllet de russiske troppenes \u00abhellige oppdrag\u00bb <\/p>\n<p>Feiringen skjer parallelt med at den russiske h\u00e6ren lider enorme tap ved fronten, sivile m\u00e5l i Ukraina bombes natt og dag, og millioner av ukrainere har flyktet fra landet.<\/p>\n<p>Mens statsledere i en rekke land fors\u00f8ker \u00e5 f\u00e5 fred, fortsetter Putins krigsmaskin i samme tempo som f\u00f8r.\u00a0<\/p>\n<p>I opptaket hyller Putin de russiske troppenes \u00abhellige oppdrag\u00bb for \u00e5 forsvare Russland.<\/p>\n<p>\u2013 Russlands krigere har alltid, som p\u00e5 Herrens befaling, utf\u00f8rt dette oppdraget med \u00e5 forsvare fedrelandet og dets folk, redde fedrelandet og dets folk, sa Putin i kirken etter gudstjenesten.<\/p>\n<p>Ledelsen i den ortodokse kirken i Russland er en av Putins viktigste allierte.<\/p>\n","protected":false},"excerpt":{"rendered":"Mens blodet flyter p\u00e5 okkupert jord hos broderfolket i Ukraina, tok Russlands president ordet i en ortodoks kirke&hellip;\n","protected":false},"author":2,"featured_media":131724,"comment_status":"","ping_status":"","sticky":false,"template":"","format":"standard","meta":{"footnotes":""},"categories":[12],"tags":[20,21,24,25,15,22,23,13,30,28,29,14,16,26,27,42,43,44,45],"class_list":{"0":"post-131723","1":"post","2":"type-post","3":"status-publish","4":"format-standard","5":"has-post-thumbnail","7":"category-verden","8":"tag-breaking-news","9":"tag-breakingnews","10":"tag-featured-news","11":"tag-featurednews","12":"tag-headlines","13":"tag-latest-news","14":"tag-latestnews","15":"tag-news","16":"tag-no","17":"tag-norge","18":"tag-norway","19":"tag-nyheter","20":"tag-overskrifter","21":"tag-top-stories","22":"tag-topstories","23":"tag-verden","24":"tag-world","25":"tag-world-news","26":"tag-worldnews"},"share_on_mastodon":{"url":"https:\/\/pubeurope.com\/@no\/115857905582985402","error":""},"_links":{"self":[{"href":"https:\/\/www.europesays.com\/no\/wp-json\/wp\/v2\/posts\/131723","targetHints":{"allow":["GET"]}}],"collection":[{"href":"https:\/\/www.europesays.com\/no\/wp-json\/wp\/v2\/posts"}],"about":[{"href":"https:\/\/www.europesays.com\/no\/wp-json\/wp\/v2\/types\/post"}],"author":[{"embeddable":true,"href":"https:\/\/www.europesays.com\/no\/wp-json\/wp\/v2\/users\/2"}],"replies":[{"embeddable":true,"href":"https:\/\/www.europesays.com\/no\/wp-json\/wp\/v2\/comments?post=131723"}],"version-history":[{"count":0,"href":"https:\/\/www.europesays.com\/no\/wp-json\/wp\/v2\/posts\/131723\/revisions"}],"wp:featuredmedia":[{"embeddable":true,"href":"https:\/\/www.europesays.com\/no\/wp-json\/wp\/v2\/media\/131724"}],"wp:attachment":[{"href":"https:\/\/www.europesays.com\/no\/wp-json\/wp\/v2\/media?parent=131723"}],"wp:term":[{"taxonomy":"category","embeddable":true,"href":"https:\/\/www.europesays.com\/no\/wp-json\/wp\/v2\/categories?post=131723"},{"taxonomy":"post_tag","embeddable":true,"href":"https:\/\/www.europesays.com\/no\/wp-json\/wp\/v2\/tags?post=131723"}],"curies":[{"name":"wp","href":"https:\/\/api.w.org\/{rel}","templated":true}]}}