{"id":131727,"date":"2026-01-08T05:51:23","date_gmt":"2026-01-08T05:51:23","guid":{"rendered":"https:\/\/www.europesays.com\/no\/131727\/"},"modified":"2026-01-08T05:51:23","modified_gmt":"2026-01-08T05:51:23","slug":"nicole-kidman-keith-urban-na-er-superstjernene-nicole-kidman-og-keith-urban-skilt-dette-far-de","status":"publish","type":"post","link":"https:\/\/www.europesays.com\/no\/131727\/","title":{"rendered":"Nicole Kidman, Keith Urban | N\u00e5 er superstjernene Nicole Kidman og Keith Urban skilt: Dette f\u00e5r de"},"content":{"rendered":"\n<p>Superparet giftet seg for 20 \u00e5r siden, men grunnet \u00abuforsonlige forskjeller\u00bb s\u00f8kte de om skilsmisse for tre m\u00e5neder siden.<\/p>\n<p>N\u00e5 har en dommer i Tennessee godkjent parets avtaler om fordeling av eiendeler og omsorgen for barna.<\/p>\n<p>Skilsmissen skal ha g\u00e5tt rolig for seg, da partene var enige om fordelingen og hadde signert skilsmissebegj\u00e6ringen da den ble sendt inn.<\/p>\n<p>Likevel tok det tre m\u00e5neder f\u00f8r den ble godkjent grunnet Tennessees skilsmisselov, som fastsetter en ventetid p\u00e5 90 dager for par med mindre\u00e5rige barn f\u00f8r den kan tre i kraft.<\/p>\n<p>Kidman og Urban har barna Sunday Rose (17) og Faith Margaret (15) sammen.<\/p>\n<p><b>Les ogs\u00e5: <a rel=\"Follow nofollow noopener\" href=\"https:\/\/www.nettavisen.no\/kjendis\/m-rtha-louise-og-durek-verrett-med-marius-borg-hoiby-og-mette-marit-krav\/s\/5-95-2809623\" target=\"_blank\">M\u00e4rtha Louise og Durek med H\u00f8iby-krav<\/a><\/b><\/p>\n<p>Hvem f\u00e5r hva?<\/p>\n<p>If\u00f8lge skilsmissepapirene, som <a rel=\"Follow nofollow noopener\" href=\"https:\/\/www.bild.de\/unterhaltung\/stars-und-leute\/nicole-kidman-und-keith-urban-scheidung-durch-wer-jetzt-was-bekommt-695e0022ef2cdb573b1e3ee7\" target=\"_blank\">Bild <\/a>har f\u00e5tt tilgang p\u00e5, skal parets to d\u00f8tre bo mesteparten av tiden hos sin mor. Kidman har f\u00e5tt innvilget 306 dager i \u00e5ret sammen med barna, mens de kun skal oppholde seg 59 dager i \u00e5ret med sin far.<\/p>\n<p>Han har f\u00e5tt godkjent \u00e5 tilbringe annenhver helg med barna sine mellom klokken 10 l\u00f8rdag og klokken 18 s\u00f8ndag, i tillegg til hele farsdagen.<\/p>\n<p>Resten av \u00e5ret skal tilbringes med Kidman, med enkelte unntak.<\/p>\n<p><b>Les ogs\u00e5: <a rel=\"Follow nofollow noopener\" href=\"https:\/\/www.nettavisen.no\/kjendis\/pernilla-wahlgrens-luksusvilla-ramponert-etter-sonnens-nyttarsfest-ma-erstatte-det\/s\/5-95-2809801\" target=\"_blank\">Store skader etter s\u00f8nnens nytt\u00e5rsfest: \u2013 M\u00e5 erstatte det<\/a><\/b><\/p>\n<p>    Vil du se neste video?<\/p>\n<p>    <a href=\"https:\/\/www.nettavisen.no\/nyheter\/ukrainsk-jagerfly-odelegger-for-vladimir-putin-i-pokrovsk\/v\/5-95-2807927\" class=\"recommend-poster\" data-adp-clicklabel=\"video-recommend\" data-adp-clickvalue=\"poster\" rel=\"nofollow noopener\" target=\"_blank\"><br \/>\n      <img decoding=\"async\" width=\"200\" height=\"200\" loading=\"lazy\" src=\"https:\/\/www.europesays.com\/no\/wp-content\/uploads\/2026\/01\/JAGERFLY+BREDDE.jpg\" alt=\"\" class=\"brick-c-cFOWSL\" style=\"--brick-image-ratio: 200 \/ 200;\"\/><\/p>\n<p>Nye bilder: Rammer Putin hardt0:41<\/p>\n<p>    <\/a><\/p>\n<p>Slik fordeler de pengene<\/p>\n<p>Paret skal ogs\u00e5 ha kommet til enighet om penger. Ingen av foreldrene har behov for barnebidrag, og eiendelene blir fordelt likt mellom partene.<\/p>\n<p>Partene vil ogs\u00e5 beholde eierskap til eiendelene som er registrert i eget navn.<\/p>\n<p>Kidman og Urban og har signert en noe spesiell klausul. Den g\u00e5r p\u00e5 at partene m\u00e5 opprettholde et respektfullt forhold og at de ikke har lov til \u00e5 snakke stygt om hverandre offentlig.<\/p>\n<p>\u2013 De skal ikke snakke stygt om hverandre eller om den andre forelderens familiemedlemmer, heter det i avtalen.<\/p>\n<p>\u2013 De vil oppmuntre hvert barn til \u00e5 fortsette \u00e5 elske den andre forelderen og f\u00f8le seg komfortabel i begge familiene, st\u00e5r det videre.<\/p>\n<p>    Vil du se neste video?<\/p>\n<p>    <a href=\"https:\/\/www.nettavisen.no\/nyheter\/ukrainsk-jagerfly-odelegger-for-vladimir-putin-i-pokrovsk\/v\/5-95-2807927\" class=\"recommend-poster\" data-adp-clicklabel=\"video-recommend\" data-adp-clickvalue=\"poster\" rel=\"nofollow noopener\" target=\"_blank\"><br \/>\n      <img decoding=\"async\" width=\"200\" height=\"200\" loading=\"lazy\" src=\"https:\/\/www.europesays.com\/no\/wp-content\/uploads\/2026\/01\/JAGERFLY+BREDDE.jpg\" alt=\"\" class=\"brick-c-cFOWSL\" style=\"--brick-image-ratio: 200 \/ 200;\"\/><\/p>\n<p>Nye bilder: Rammer Putin hardt0:41<\/p>\n<p>    <\/a><\/p>\n","protected":false},"excerpt":{"rendered":"Superparet giftet seg for 20 \u00e5r siden, men grunnet \u00abuforsonlige forskjeller\u00bb s\u00f8kte de om skilsmisse for tre m\u00e5neder&hellip;\n","protected":false},"author":2,"featured_media":131728,"comment_status":"","ping_status":"","sticky":false,"template":"","format":"standard","meta":{"footnotes":""},"categories":[58],"tags":[71,30,28,29,72],"class_list":{"0":"post-131727","1":"post","2":"type-post","3":"status-publish","4":"format-standard","5":"has-post-thumbnail","7":"category-underholdning","8":"tag-entertainment","9":"tag-no","10":"tag-norge","11":"tag-norway","12":"tag-underholdning"},"share_on_mastodon":{"url":"https:\/\/pubeurope.com\/@no\/115857921317931866","error":""},"_links":{"self":[{"href":"https:\/\/www.europesays.com\/no\/wp-json\/wp\/v2\/posts\/131727","targetHints":{"allow":["GET"]}}],"collection":[{"href":"https:\/\/www.europesays.com\/no\/wp-json\/wp\/v2\/posts"}],"about":[{"href":"https:\/\/www.europesays.com\/no\/wp-json\/wp\/v2\/types\/post"}],"author":[{"embeddable":true,"href":"https:\/\/www.europesays.com\/no\/wp-json\/wp\/v2\/users\/2"}],"replies":[{"embeddable":true,"href":"https:\/\/www.europesays.com\/no\/wp-json\/wp\/v2\/comments?post=131727"}],"version-history":[{"count":0,"href":"https:\/\/www.europesays.com\/no\/wp-json\/wp\/v2\/posts\/131727\/revisions"}],"wp:featuredmedia":[{"embeddable":true,"href":"https:\/\/www.europesays.com\/no\/wp-json\/wp\/v2\/media\/131728"}],"wp:attachment":[{"href":"https:\/\/www.europesays.com\/no\/wp-json\/wp\/v2\/media?parent=131727"}],"wp:term":[{"taxonomy":"category","embeddable":true,"href":"https:\/\/www.europesays.com\/no\/wp-json\/wp\/v2\/categories?post=131727"},{"taxonomy":"post_tag","embeddable":true,"href":"https:\/\/www.europesays.com\/no\/wp-json\/wp\/v2\/tags?post=131727"}],"curies":[{"name":"wp","href":"https:\/\/api.w.org\/{rel}","templated":true}]}}