{"id":131737,"date":"2026-01-08T06:06:11","date_gmt":"2026-01-08T06:06:11","guid":{"rendered":"https:\/\/www.europesays.com\/no\/131737\/"},"modified":"2026-01-08T06:06:11","modified_gmt":"2026-01-08T06:06:11","slug":"uhelbredelig-syk","status":"publish","type":"post","link":"https:\/\/www.europesays.com\/no\/131737\/","title":{"rendered":"Uhelbredelig syk"},"content":{"rendered":"<p>  &#8211; Det forsvinner ikke, selv med 20 liter kaffe, sier TV-personligheten.<\/p>\n<p>\n    HAR MULTIPPEL SKLEROSE: Programleder Anna Kraft. Foto: NTB\n  <\/p>\n<p>\u00a0<\/p>\n<p>Anna<br \/>\nKraft (40) jobber for den tyske TV-kanalen RTL. Kanalen har rettighetene til blant annet Europa League og 2. Bundesliga i fotball. Kraft er programleder.<\/p>\n<p>I 2021<br \/>\navsl\u00f8rte hun at hun er rammet av en uhelbredelig sykdom. Hun har multippel<br \/>\nsklerose (MS), en kronisk nervesykdom. Den f\u00f8rer til nedsatt nervefunksjon.\u00a0<\/p>\n<p>Kjennetegn kan v\u00e6re tretthet, muskelproblemer og synsforstyrrelser. Noen<br \/>\nopplever svekket funksjon n\u00e5r de g\u00e5r og balanseproblemer.<\/p>\n<p>        <img loading=\"lazy\" decoding=\"async\" src=\"https:\/\/www.europesays.com\/no\/wp-content\/uploads\/2026\/01\/84069341.webp.webp\" width=\"667\" height=\"381\" title=\"FRAMSKUTT ROLLE: Anna Kraft er sentral under fotballsendingene til RTL. Her er hun sammen med kollega Felix Kroos. Foto: NTB\" alt=\"\" class=\"\" style=\"--aspect-ratio-image: 1.75; \"\/><\/p>\n<p>\n        FRAMSKUTT ROLLE: Anna Kraft er sentral under fotballsendingene til RTL. Her er hun sammen med kollega Felix Kroos. Foto: NTB\n    <\/p>\n<p>I et<br \/>\nintervju med Sport Bild &#8211; gjengitt av<a href=\"https:\/\/www.t-online.de\/sport\/fussball\/bundesliga\/id_101071376\/anna-kraft-rtl-moderatorin-spricht-ueber-privatleben-mit-ms-diagnose.html\" rel=\"nofollow noopener\" target=\"_blank\">\u00a0t-online <\/a>&#8211; forteller Kraft<br \/>\nhvordan det er \u00e5 leve med sykdommen. Hun fikk diagnosen i 2015. Hun er sammen<br \/>\nmed Sky Tyskland-kommentatoren Wolff-Christoph Fuss.<\/p>\n<p>&#8211; Jeg er<br \/>\nstolt av at jeg ikke gir MS s\u00e5 mye plass i v\u00e5re liv, sier Kraft, som har to<br \/>\nd\u00f8tre. Hun sliter spesielt med s\u00e5kalt fatigue, en ekstrem utmattelse.<\/p>\n<p>&#8211; Det er<br \/>\nmin st\u00f8rste demon. Det forsvinner ikke, selv med 20 liter kaffe.<\/p>\n<p>        <img loading=\"lazy\" decoding=\"async\" src=\"https:\/\/www.europesays.com\/no\/wp-content\/uploads\/2026\/01\/84069343.webp.webp\" width=\"667\" height=\"381\" title=\"P\u00c5GANGSMOT: Anna Kraft nekter \u00e5 la seg stoppe av den alvorlige sykdommen. Foto: NTB\" alt=\"\" class=\"\" style=\"--aspect-ratio-image: 1.75; \"\/><\/p>\n<p>\n        P\u00c5GANGSMOT: Anna Kraft nekter \u00e5 la seg stoppe av den alvorlige sykdommen. Foto: NTB\n    <\/p>\n<p>I 2024 ga TV-personligheten ut en bok om multippel sklerose. Boka handler om \u00e5 ha en positiv innstilling.<\/p>\n<p>&#8211; Anna<br \/>\nKraft viser p\u00e5 imponerende vis at en alvorlig diagnose ikke betyr slutten p\u00e5<br \/>\nalle dr\u00f8mmer. Det kan v\u00e6re begynnelsen p\u00e5 en ny og sterk livsinnstilling,<br \/>\nskriver <a href=\"https:\/\/www.krone.at\/4007513\" rel=\"nofollow noopener\" target=\"_blank\">Kronen Zeitung <\/a>i \u00d8sterrike.<\/p>\n<p>&#8211; Hun er<br \/>\nen person som rett og slett \u00f8nsker \u00e5 v\u00e6re aktiv, sier partneren Wolff-Christoph<br \/>\nFuss.<\/p>\n<p>    Dette er multippel sklerose (MS)<\/p>\n<p>MS er en kronisk sykdom som rammer hjerne og ryggmarg. Ved MS blir mylinet som ligger rundt nervene dine skadet. Myelin hjelper \u00e5 \u00f8ke hastigheten n\u00e5r nerveimpulser overf\u00f8res mellom nervefibrene, slik at beskjeder fra hjernen og ryggmargen n\u00e5r kroppen raskt og effektivt.<\/p>\n<ul>\n<li>Sykdommen kan starte br\u00e5tt, eller den kan oppst\u00e5 i l\u00f8pet av en uke eller m\u00e5neder.<\/li>\n<li>Symptomene kommer i rykk og napp. Noen av de vanligste symptomene er:<\/li>\n<li>Nummen eller svake muskler.<\/li>\n<li>Synsforstyrrelser.<\/li>\n<li>Skjelving.<\/li>\n<li>Balanseproblemer.<\/li>\n<li>Uklar tale.<\/li>\n<li>Svimmelhet.<\/li>\n<li>Problemer med vannlating, avf\u00f8ring eller seksualfunksjon.<\/li>\n<li>P\u00e5virket hukommelse, konsentrasjon og probleml\u00f8sningsevne.<\/li>\n<li>Fatigue\u00a0 &#8211; utmattelse.<\/li>\n<li>Selv om det ikke finnes noen kur som helbreder MS, finnes det medisiner som kan bedre symptomene og bremse sykdomsutviklingen.<\/li>\n<\/ul>\n<p>      Vis mer<br \/>\n      Vis mindre<\/p>\n<p>Kraft har<br \/>\nen fortid som friidrettsut\u00f8ver med sprint som spesialitet. Faren Heinz-J\u00fcrgen spilte fotball for<br \/>\nFortuna D\u00fcsseldorf p\u00e5 slutten av 50-tallet.<\/p>\n<p>        <img loading=\"lazy\" decoding=\"async\" src=\"https:\/\/www.europesays.com\/no\/wp-content\/uploads\/2026\/01\/84069346.webp.webp\" width=\"667\" height=\"381\" title=\"MS-RAMMET: Trygve Slagsvold Vedum. Foto: NTB\" alt=\"\" class=\"\" style=\"--aspect-ratio-image: 1.75; \"\/><\/p>\n<p>\n        MS-RAMMET: Trygve Slagsvold Vedum. Foto: NTB\n    <\/p>\n<p>P\u00e5 <a href=\"https:\/\/www.dagbladet.no\/nyheter\/vedum-sjokk-jeg-har-ms\/78783318\" rel=\"nofollow noopener\" target=\"_blank\">landsm\u00f8tet i 2023<\/a>\u00a0avsl\u00f8rte Sp-leder Trygve Slagsvold Vedum at han har MS. Sykdommen ble oppdaget v\u00e5ren 2020.<\/p>\n<p>&#8211; N\u00e5 skjer det igjen, jeg mister balansen og klarer verken st\u00e5 eller g\u00e5 og blir veldig d\u00e5rlig. Jeg m\u00e5tte til legen og var veldig bekymret. sa han fra scenen.<\/p>\n","protected":false},"excerpt":{"rendered":"&#8211; Det forsvinner ikke, selv med 20 liter kaffe, sier TV-personligheten. HAR MULTIPPEL SKLEROSE: Programleder Anna Kraft. Foto:&hellip;\n","protected":false},"author":2,"featured_media":131738,"comment_status":"","ping_status":"","sticky":false,"template":"","format":"standard","meta":{"footnotes":""},"categories":[12],"tags":[20,21,24,25,15,22,23,15264,13,30,28,29,14,16,83,26,27,42,43,44,45],"class_list":{"0":"post-131737","1":"post","2":"type-post","3":"status-publish","4":"format-standard","5":"has-post-thumbnail","7":"category-verden","8":"tag-breaking-news","9":"tag-breakingnews","10":"tag-featured-news","11":"tag-featurednews","12":"tag-headlines","13":"tag-latest-news","14":"tag-latestnews","15":"tag-multippel-skelrose","16":"tag-news","17":"tag-no","18":"tag-norge","19":"tag-norway","20":"tag-nyheter","21":"tag-overskrifter","22":"tag-sport","23":"tag-top-stories","24":"tag-topstories","25":"tag-verden","26":"tag-world","27":"tag-world-news","28":"tag-worldnews"},"share_on_mastodon":{"url":"https:\/\/pubeurope.com\/@no\/115857980326359771","error":""},"_links":{"self":[{"href":"https:\/\/www.europesays.com\/no\/wp-json\/wp\/v2\/posts\/131737","targetHints":{"allow":["GET"]}}],"collection":[{"href":"https:\/\/www.europesays.com\/no\/wp-json\/wp\/v2\/posts"}],"about":[{"href":"https:\/\/www.europesays.com\/no\/wp-json\/wp\/v2\/types\/post"}],"author":[{"embeddable":true,"href":"https:\/\/www.europesays.com\/no\/wp-json\/wp\/v2\/users\/2"}],"replies":[{"embeddable":true,"href":"https:\/\/www.europesays.com\/no\/wp-json\/wp\/v2\/comments?post=131737"}],"version-history":[{"count":0,"href":"https:\/\/www.europesays.com\/no\/wp-json\/wp\/v2\/posts\/131737\/revisions"}],"wp:featuredmedia":[{"embeddable":true,"href":"https:\/\/www.europesays.com\/no\/wp-json\/wp\/v2\/media\/131738"}],"wp:attachment":[{"href":"https:\/\/www.europesays.com\/no\/wp-json\/wp\/v2\/media?parent=131737"}],"wp:term":[{"taxonomy":"category","embeddable":true,"href":"https:\/\/www.europesays.com\/no\/wp-json\/wp\/v2\/categories?post=131737"},{"taxonomy":"post_tag","embeddable":true,"href":"https:\/\/www.europesays.com\/no\/wp-json\/wp\/v2\/tags?post=131737"}],"curies":[{"name":"wp","href":"https:\/\/api.w.org\/{rel}","templated":true}]}}