{"id":131739,"date":"2026-01-08T06:09:43","date_gmt":"2026-01-08T06:09:43","guid":{"rendered":"https:\/\/www.europesays.com\/no\/131739\/"},"modified":"2026-01-08T06:09:43","modified_gmt":"2026-01-08T06:09:43","slug":"firefireblod-til-mot-tils-nye-fjes-vi-kan-gjore-han-til-et-monster","status":"publish","type":"post","link":"https:\/\/www.europesays.com\/no\/131739\/","title":{"rendered":"FireFireBlod, TIL | M\u00f8t TILs nye fjes: \u2013 Vi kan gj\u00f8re han til et \u00abmonster\u00bb"},"content":{"rendered":"\n<p>V\u00e5r fotballpodkast FireFireBlod inntok Skarphallen onsdag formiddag, for \u00e5 biv\u00e5ne TILs f\u00f8rste trenings\u00f8kt inn mot 2026-sesongen.<\/p>\n<p><b>Her har du alt i lydform, som episode 240 av FireFireBlod:<\/b><\/p>\n<p>Klubbsamtaler i Spania og Saudi-interesse<\/p>\n<p>Gjennom episoden blir det bes\u00f8k av Tore Rismo, Lars Petter Kr\u00e6mer-Andressen, Jens Hjert\u00f8-Dahl, Tobias Guddal, Ieltsin Cam\u00f5es, Mathias T\u00f8nnessen, Jesper Grundt, Kent-Are Antonsen og J\u00f8rgen Vik.<\/p>\n<p>Du f\u00e5r blant annet en del om dette:<\/p>\n<ul>\n<li>Alle storkj\u00f8pene p\u00e5 plass<\/li>\n<li>\u00c9n nykommer er \u00abklin g\u00e6r&#8217;n\u00bb<\/li>\n<li>En annen nykommer skal gj\u00f8res til et \u00abmonster\u00bb<\/li>\n<li>Rigget for salg \u2013 \u00e9n peker seg ut<\/li>\n<li>Sportssjefen til Spania for klubbsamtaler<\/li>\n<li>Bekrefter interesse fra Saudi-Arabia<\/li>\n<li>Fem afrikanere snart p\u00e5 plass<\/li>\n<li>Hvor ligger Kent-Ares fremtid?<\/li>\n<li>Kamikaze-tips p\u00e5 TILs oppstilling i cupen 7. mars<\/li>\n<li>Keeperhj\u00f8rnet om Triges sjokkbeskjed og Karlstr\u00f8ms nye klubb<\/li>\n<li>Slappe ordspill<\/li>\n<li>Nytt samboerskap og drama med budrunde<\/li>\n<li>Nye utl\u00e5n p\u00e5 trappene<\/li>\n<\/ul>\n<p>  <a href=\"https:\/\/www.nordlys.no\/5-34-2269749\" class=\"related-teaser has-image default-story-teaser article--c-eRUmMG article--c-eRUmMG-jKCPdD-design-default\" rel=\"nofollow noopener\" target=\"_blank\"><\/p>\n<p>    <img decoding=\"async\" loading=\"lazy\"  src=\"https:\/\/www.europesays.com\/no\/wp-content\/uploads\/2026\/01\/KintehPodNY.jpg\" alt=\"\" class=\"brick-c-cFOWSL\" style=\"\"\/><\/p>\n<p>\n            Les ogs\u00e5<\/p>\n<p>              \u2013 Tror ikke han spiller mer for TIL\n        <\/p>\n<p>  <\/a><br \/>\n  Finn og f\u00f8lg podkasten<\/p>\n<p>Alle v\u00e5re 240 episoder av FireFireBlod (tidligere kjent som JoMos Kosmos) er tilgjengelige og lette \u00e5 s\u00f8ke opp b\u00e5de p\u00e5 Spotify, Apple Podcasts (iTunes) og Omny.<\/p>\n<p><b><a href=\"https:\/\/bsky.app\/profile\/firefireblod.bsky.social\" rel=\"Follow nofollow noopener\" target=\"_blank\">F\u00f8lg FireFireBlod p\u00e5 BlueSky<\/a>.<\/b><\/p>\n<p><b><a href=\"https:\/\/x.com\/FireFireBlod\" rel=\"Follow nofollow\">F\u00f8lg FireFireBlod p\u00e5 X<\/a>.<\/b><\/p>\n<p><b><a href=\"https:\/\/www.instagram.com\/firefireblod\/\" rel=\"Follow nofollow noopener\" target=\"_blank\">F\u00f8lg FireFireBlod p\u00e5 Instagram<\/a>.<\/b><\/p>\n<p><script async src=\"\/\/www.instagram.com\/embed.js\"><\/script><\/p>\n","protected":false},"excerpt":{"rendered":"V\u00e5r fotballpodkast FireFireBlod inntok Skarphallen onsdag formiddag, for \u00e5 biv\u00e5ne TILs f\u00f8rste trenings\u00f8kt inn mot 2026-sesongen. Her har&hellip;\n","protected":false},"author":2,"featured_media":131740,"comment_status":"","ping_status":"","sticky":false,"template":"","format":"standard","meta":{"footnotes":""},"categories":[59],"tags":[36,134,1271,92,1113,30,28,29,1270,15265,83,82,1510,471],"class_list":{"0":"post-131739","1":"post","2":"type-post","3":"status-publish","4":"format-standard","5":"has-post-thumbnail","7":"category-sport","8":"tag-art","9":"tag-eliteserien","10":"tag-firefireblod","11":"tag-fotball","12":"tag-live","13":"tag-no","14":"tag-norge","15":"tag-norway","16":"tag-podkast","17":"tag-skarphallen","18":"tag-sport","19":"tag-sports","20":"tag-story","21":"tag-til"},"share_on_mastodon":{"url":"https:\/\/pubeurope.com\/@no\/115857992604002814","error":""},"_links":{"self":[{"href":"https:\/\/www.europesays.com\/no\/wp-json\/wp\/v2\/posts\/131739","targetHints":{"allow":["GET"]}}],"collection":[{"href":"https:\/\/www.europesays.com\/no\/wp-json\/wp\/v2\/posts"}],"about":[{"href":"https:\/\/www.europesays.com\/no\/wp-json\/wp\/v2\/types\/post"}],"author":[{"embeddable":true,"href":"https:\/\/www.europesays.com\/no\/wp-json\/wp\/v2\/users\/2"}],"replies":[{"embeddable":true,"href":"https:\/\/www.europesays.com\/no\/wp-json\/wp\/v2\/comments?post=131739"}],"version-history":[{"count":0,"href":"https:\/\/www.europesays.com\/no\/wp-json\/wp\/v2\/posts\/131739\/revisions"}],"wp:featuredmedia":[{"embeddable":true,"href":"https:\/\/www.europesays.com\/no\/wp-json\/wp\/v2\/media\/131740"}],"wp:attachment":[{"href":"https:\/\/www.europesays.com\/no\/wp-json\/wp\/v2\/media?parent=131739"}],"wp:term":[{"taxonomy":"category","embeddable":true,"href":"https:\/\/www.europesays.com\/no\/wp-json\/wp\/v2\/categories?post=131739"},{"taxonomy":"post_tag","embeddable":true,"href":"https:\/\/www.europesays.com\/no\/wp-json\/wp\/v2\/tags?post=131739"}],"curies":[{"name":"wp","href":"https:\/\/api.w.org\/{rel}","templated":true}]}}