{"id":131743,"date":"2026-01-08T06:14:09","date_gmt":"2026-01-08T06:14:09","guid":{"rendered":"https:\/\/www.europesays.com\/no\/131743\/"},"modified":"2026-01-08T06:14:09","modified_gmt":"2026-01-08T06:14:09","slug":"lier-buskerud-store-deler-av-lier-var-uten-strom-omfattet-nesten-10-000-kunder","status":"publish","type":"post","link":"https:\/\/www.europesays.com\/no\/131743\/","title":{"rendered":"Lier, Buskerud | Store deler av Lier var uten str\u00f8m \u2013 omfattet nesten 10.000 kunder"},"content":{"rendered":"\n<p>Sentralen til Glitre Nett fikk melding om str\u00f8mbruddet klokka 23.03, skriver <a rel=\"noopener nofollow\" href=\"https:\/\/www.dt.no\/over-3-600-uten-strom\/s\/5-57-2768635\" target=\"_blank\">Drammens Tidende<\/a>.<\/p>\n<p>Da var dr\u00f8yt 3635 kunder omfattet. P\u00e5 det meste var 9476 abonnenter str\u00f8ml\u00f8se.<\/p>\n<p>\u2013 \u00c5rsaken er forel\u00f8pig ukjent, men vi jobber med \u00e5 finne feilen. Dette kan gj\u00f8re at str\u00f8mmen kommer tilbake for s\u00e5 \u00e5 falle ut igjen, opptil flere ganger. F\u00f8r vi finner feilen, er det vanskelig \u00e5 si n\u00e5r str\u00f8mmen vil v\u00e6re permanent tilbake. Vi beklager ulempen, skrev <a rel=\"noopener nofollow\" href=\"https:\/\/www.glitrenett.no\/kunde\/alt-om-strombrudd\" target=\"_blank\">nettselskapet<\/a>.<\/p>\n<p>Noe etter klokka 4 var det ingen str\u00f8ml\u00f8se kunder i omr\u00e5det.<\/p>\n","protected":false},"excerpt":{"rendered":"Sentralen til Glitre Nett fikk melding om str\u00f8mbruddet klokka 23.03, skriver Drammens Tidende. Da var dr\u00f8yt 3635 kunder&hellip;\n","protected":false},"author":2,"featured_media":3844,"comment_status":"","ping_status":"","sticky":false,"template":"","format":"standard","meta":{"footnotes":""},"categories":[10],"tags":[20,21,24,25,15,22,23,13,30,28,29,14,16,26,27],"class_list":{"0":"post-131743","1":"post","2":"type-post","3":"status-publish","4":"format-standard","5":"has-post-thumbnail","7":"category-norge","8":"tag-breaking-news","9":"tag-breakingnews","10":"tag-featured-news","11":"tag-featurednews","12":"tag-headlines","13":"tag-latest-news","14":"tag-latestnews","15":"tag-news","16":"tag-no","17":"tag-norge","18":"tag-norway","19":"tag-nyheter","20":"tag-overskrifter","21":"tag-top-stories","22":"tag-topstories"},"share_on_mastodon":{"url":"https:\/\/pubeurope.com\/@no\/115858011810316402","error":""},"_links":{"self":[{"href":"https:\/\/www.europesays.com\/no\/wp-json\/wp\/v2\/posts\/131743","targetHints":{"allow":["GET"]}}],"collection":[{"href":"https:\/\/www.europesays.com\/no\/wp-json\/wp\/v2\/posts"}],"about":[{"href":"https:\/\/www.europesays.com\/no\/wp-json\/wp\/v2\/types\/post"}],"author":[{"embeddable":true,"href":"https:\/\/www.europesays.com\/no\/wp-json\/wp\/v2\/users\/2"}],"replies":[{"embeddable":true,"href":"https:\/\/www.europesays.com\/no\/wp-json\/wp\/v2\/comments?post=131743"}],"version-history":[{"count":0,"href":"https:\/\/www.europesays.com\/no\/wp-json\/wp\/v2\/posts\/131743\/revisions"}],"wp:featuredmedia":[{"embeddable":true,"href":"https:\/\/www.europesays.com\/no\/wp-json\/wp\/v2\/media\/3844"}],"wp:attachment":[{"href":"https:\/\/www.europesays.com\/no\/wp-json\/wp\/v2\/media?parent=131743"}],"wp:term":[{"taxonomy":"category","embeddable":true,"href":"https:\/\/www.europesays.com\/no\/wp-json\/wp\/v2\/categories?post=131743"},{"taxonomy":"post_tag","embeddable":true,"href":"https:\/\/www.europesays.com\/no\/wp-json\/wp\/v2\/tags?post=131743"}],"curies":[{"name":"wp","href":"https:\/\/api.w.org\/{rel}","templated":true}]}}