{"id":131746,"date":"2026-01-08T06:16:51","date_gmt":"2026-01-08T06:16:51","guid":{"rendered":"https:\/\/www.europesays.com\/no\/131746\/"},"modified":"2026-01-08T06:16:51","modified_gmt":"2026-01-08T06:16:51","slug":"dodsfall-anders-krystad-nesodding-og-fotballprofil-anders-krystad-er-dod-etterlater-seg-dype-spor-i-fotball-norge","status":"publish","type":"post","link":"https:\/\/www.europesays.com\/no\/131746\/","title":{"rendered":"D\u00f8dsfall, Anders Krystad | Nesodding og fotballprofil Anders Krystad er d\u00f8d: \u2013 Etterlater seg dype spor i Fotball-Norge"},"content":{"rendered":"\n<p>Krystads bortgang ble kjent mandag.<\/p>\n<p>69-\u00e5ringen var et kjent ansikt i fotballmilj\u00f8et, b\u00e5de i kraft av \u00e5 ha v\u00e6rt ansatt i fotballforbundet i en \u00e5rrekke samt en rekke roller i V\u00e5lerenga.<\/p>\n<p>I et intervju med <a href=\"https:\/\/www.dagbladet.no\/nyheter\/med-hjertet-i-enga\/65509004\" rel=\"Follow nofollow noopener\" target=\"_blank\">Dagbladet <\/a>i 1999, kommer det fram at Krystad vokste opp p\u00e5 Nesodden. Her var han blant annet aktiv i speideren og i Nesodden Unge H\u00f8yre. <\/p>\n<p> \u2013 Krystad gikk bort i Vietnam, et land som gjennom mange \u00e5r ble hans andre hjem, og han etterlater seg dype spor i Fotball-Norge og hos alle han har ber\u00f8rt gjennom sitt engasjement og sitt arbeid, skriver NFF i et minneord <a href=\"https:\/\/www.fotball.no\/tema\/nff-nyheter\/2026\/minneord-over-anders-krystad\/\" rel=\"Follow nofollow noopener\" target=\"_blank\">p\u00e5 egne nettsider<\/a>.<\/p>\n<p>Der heter det ogs\u00e5 at Krystad viet store deler av sitt liv til fotballen.<\/p>\n<p>Han ble ansatt i Norges Fotballforbund tidlig p\u00e5 2000-tallet. Fram til 2023 hadde han ulike roller.<\/p>\n<p>\u2013 Han flyttet etter hvert permanent til den vietnamesiske byen Hu\u00ea\u0301, og arbeidet utrettelig for \u00e5 gi vietnamesiske barn tilgang til trygg, inkluderende og utviklende fotball, skriver NFF.<\/p>\n<p>NFF-prosjektet Football for All in Vietnam, som Krystad ledet, ble h\u00f8yt anerkjent internasjonalt og har blant annet blitt tildelt flere prestisjetunge priser av Det asiatiske fotballforbundet.<\/p>\n<p>Den avd\u00f8de fotballprofilen var ogs\u00e5 med \u00e5 starte opp V\u00e5lerengas supporterklubb Klanen p\u00e5 1990-tallet. Han var siden en sentral kraft i Oslo-klubbens antirasisme-arbeid.<\/p>\n<p>Fra 1998 til 2000 var han daglig leder i V\u00e5lerenga Fotball.<\/p>\n<p>\u2013 Felles for det Anders gjorde i sitt arbeid, var et tydelig verdigrunnlag preget av inkludering, rettferdighet og ansvar. Han trodde p\u00e5 fellesskapet, p\u00e5 kraften i frivillighet og p\u00e5 at sm\u00e5 handlinger kan skape store endringer, skriver NFF.<\/p>\n<p>(\u00a9NTB)<\/p>\n","protected":false},"excerpt":{"rendered":"Krystads bortgang ble kjent mandag. 69-\u00e5ringen var et kjent ansikt i fotballmilj\u00f8et, b\u00e5de i kraft av \u00e5 ha&hellip;\n","protected":false},"author":2,"featured_media":131747,"comment_status":"","ping_status":"","sticky":false,"template":"","format":"standard","meta":{"footnotes":""},"categories":[59],"tags":[15266,36,576,92,6496,30,28,4049,29,14,83,82,1510],"class_list":{"0":"post-131746","1":"post","2":"type-post","3":"status-publish","4":"format-standard","5":"has-post-thumbnail","7":"category-sport","8":"tag-anders-krystad","9":"tag-art","10":"tag-dodsfall","11":"tag-fotball","12":"tag-nesodden","13":"tag-no","14":"tag-norge","15":"tag-norges-fotballforbund","16":"tag-norway","17":"tag-nyheter","18":"tag-sport","19":"tag-sports","20":"tag-story"},"share_on_mastodon":{"url":"https:\/\/pubeurope.com\/@no\/115858023661108934","error":""},"_links":{"self":[{"href":"https:\/\/www.europesays.com\/no\/wp-json\/wp\/v2\/posts\/131746","targetHints":{"allow":["GET"]}}],"collection":[{"href":"https:\/\/www.europesays.com\/no\/wp-json\/wp\/v2\/posts"}],"about":[{"href":"https:\/\/www.europesays.com\/no\/wp-json\/wp\/v2\/types\/post"}],"author":[{"embeddable":true,"href":"https:\/\/www.europesays.com\/no\/wp-json\/wp\/v2\/users\/2"}],"replies":[{"embeddable":true,"href":"https:\/\/www.europesays.com\/no\/wp-json\/wp\/v2\/comments?post=131746"}],"version-history":[{"count":0,"href":"https:\/\/www.europesays.com\/no\/wp-json\/wp\/v2\/posts\/131746\/revisions"}],"wp:featuredmedia":[{"embeddable":true,"href":"https:\/\/www.europesays.com\/no\/wp-json\/wp\/v2\/media\/131747"}],"wp:attachment":[{"href":"https:\/\/www.europesays.com\/no\/wp-json\/wp\/v2\/media?parent=131746"}],"wp:term":[{"taxonomy":"category","embeddable":true,"href":"https:\/\/www.europesays.com\/no\/wp-json\/wp\/v2\/categories?post=131746"},{"taxonomy":"post_tag","embeddable":true,"href":"https:\/\/www.europesays.com\/no\/wp-json\/wp\/v2\/tags?post=131746"}],"curies":[{"name":"wp","href":"https:\/\/api.w.org\/{rel}","templated":true}]}}