{"id":131752,"date":"2026-01-08T06:21:06","date_gmt":"2026-01-08T06:21:06","guid":{"rendered":"https:\/\/www.europesays.com\/no\/131752\/"},"modified":"2026-01-08T06:21:06","modified_gmt":"2026-01-08T06:21:06","slug":"nesten-20-000-kroner-i-maneden-for-oslo-leilighet-nrk-norge-oversikt-over-nyheter-fra-ulike-deler-av-landet","status":"publish","type":"post","link":"https:\/\/www.europesays.com\/no\/131752\/","title":{"rendered":"Nesten 20.000 kroner i m\u00e5neden for Oslo-leilighet \u2013 NRK Norge \u2013 Oversikt over nyheter fra ulike deler av landet"},"content":{"rendered":"<p>Saken oppsummert <\/p>\n<ul>\n<li>Leieprisene i norske storbyer, s\u00e6rlig Oslo, har steget kraftig i 2025<\/li>\n<li>Snittleiepris for en leilighet i Oslo er p\u00e5 nesten 20.000 kroner i m\u00e5neden, viser nye tall<\/li>\n<li>I Bergen, Stavanger og Sandnes er snittleieprisen p\u00e5 nesten 18.000 kroner<\/li>\n<li>\u00d8kte renter og skatteendringer har gjort det mindre l\u00f8nnsomt \u00e5 drive med utleie, noe som har f\u00f8rt til f\u00e6rre utleieleiligheter og h\u00f8yere priser<\/li>\n<li>Leieprisveksten bidrar til \u00f8kt prisvekst generelt og kan gj\u00f8re det vanskeligere for Norges Bank \u00e5 sette ned renten<\/li>\n<\/ul>\n<p>I fjor ble det lagt ut <a href=\"https:\/\/www.nrk.no\/norge\/uvanlig-mange-boliger-for-salg-i-oslo-i-ar-1.17566533\" ec-id=\"pp:article:1.17566533\" ec-name=\"uvanlig mange leieboliger til salgs\" rel=\"nofollow noopener\" target=\"_blank\">uvanlig mange leieboliger til salgs<\/a> i hovedstaden. \u00c5rsaken er at det har blitt stadig dyrere og mindre l\u00f8nnsomt \u00e5 drive med boligutleie fordi rentene og skattene har \u00f8kt.<\/p>\n<p>Lavere tilbud av leieboliger gj\u00f8r at flere har sl\u00e5tt alarm om at <a href=\"https:\/\/www.nrk.no\/norge\/utleiere-i-oslo-gar-10.000-kroner-i-minus-hver-maned-1.17594840\" ec-id=\"pp:article:1.17594840\" ec-name=\"leieprisene kan stige kraftig\" rel=\"nofollow noopener\" target=\"_blank\">leieprisene kan stige kraftig<\/a>.<\/p>\n<p><strong>N\u00e5 viser ferske tall fra Eiendom Norge og Eiendomsverdi AS at man m\u00e5 ut med i underkant av 20.000 kroner i m\u00e5neden for \u00e5 leie en vanlig leilighet i Oslo.<\/strong><\/p>\n<p>Det h\u00f8ye prisniv\u00e5et har presset Marthe Delbekk Enger ut av Oslo og til utkantkommunen R\u00e6lingen.<\/p>\n<p>\u2013 Det blir jo et slags \u00f8konomisk klasseskille mellom de som har r\u00e5d til \u00e5 bo i byen og ikke. Folk man ofte trenger i jobber i byen, har ikke r\u00e5d til \u00e5 bo der. Det er trist, sier Enger.<\/p>\n<p><img decoding=\"async\"   src=\"data:image\/gif;base64,R0lGODlhAQABAIAAAAAAAP\/\/\/yH5BAEAAAAALAAAAAABAAEAAAIBRAA7\" loading=\"eager\" alt=\"Bildet viser en person med langt, b\u00f8lgete h\u00e5r som ligger over skuldrene. Personen b\u00e6rer en lys genser med en gr\u00f8nn sjal rundt halsen. Omgivelsene er innend\u00f8rs, med en gr\u00e5 vegg og m\u00f8bler synlige i bakgrunnen, inkludert en lampe og en bord med dekorative gjenstander. Det er naturlig lys som str\u00f8mmer inn fra en vindu. (Bildebeskrivelsen er laget av en KI-tjeneste)\" title=\"Foto: Privat\"\/><\/p>\n<p class=\"\">Marthe Delbekk Enger bor i R\u00e6lingen, fordi leieprisene i Oslo er h\u00f8ye.<\/p>\n<p>Foto: Privat<\/p>\n<p>Selv jobber hun som forskningsr\u00e5dgiver p\u00e5 Akershus universitetssykehus (Ahus) og har l\u00f8nn p\u00e5 niv\u00e5 med en sykepleier.<\/p>\n<p>Det holder ikke til \u00e5 leie en leilighet i Oslo. P\u00e5 R\u00e6lingen leier hun en 54 kvadratmeter stor leilighet til 14.200 kroner i m\u00e5neden.<\/p>\n<p>\u2013 Jeg hadde ikke f\u00e5tt det til \u00e5 g\u00e5 rundt med en normal inntekt hvis jeg skulle leie i Oslo, sier hun.<\/p>\n<p>\u2013 Vanskeligere for Norges Bank<\/p>\n<p>Administrerende direkt\u00f8r Henning Lauridsen i Eiendom Norge bekrefter at det har blitt mye vanskeligere \u00e5 leie bolig i Oslo p\u00e5 grunn av de h\u00f8ye prisene.<\/p>\n<p>Det siste \u00e5ret har leieprisene i hovedstaden \u00f8kt med 6,3 prosent. B\u00e5de i Stavanger og Sandnes samt i Bergen har prisene steget enda mer.<\/p>\n<p>\u2013 Det vi er ganske sikre p\u00e5, er at vi kommer til \u00e5 ha en ganske sterk leieprisvekst de kommende \u00e5rene, og minst s\u00e5 lenge som renta blir liggende p\u00e5 et relativt h\u00f8yt niv\u00e5, sier Lauridsen.<\/p>\n<p><img decoding=\"async\"   src=\"data:image\/gif;base64,R0lGODlhAQABAIAAAAAAAP\/\/\/yH5BAEAAAAALAAAAAABAAEAAAIBRAA7\" loading=\"eager\" alt=\"Henning Lauridsen st\u00e5r foran en bl\u00e5 vegg\" title=\"Foto: William Jobling \/ NRK\"\/><\/p>\n<p class=\"\">Administrerende direkt\u00f8r Henning Lauridsen i Eiendom Norge<\/p>\n<p>Foto: William Jobling \/ NRK<\/p>\n<p><strong>Han er bekymret for en spiraleffekt som kan gj\u00f8re det vanskelig \u00e5 f\u00e5 leieprisene ned.<\/strong><\/p>\n<p>Leieprisene er nemlig en sentral del av regnestykket n\u00e5r Statistisk sentralbyr\u00e5 skal beregne prisveksten p\u00e5 varer og tjenester husholdningene i Norge kj\u00f8per.<\/p>\n<p>N\u00e5r leieprisene stiger mye, bidrar det til at prisveksten i samfunnet stiger. Og Norges Bank er opptatt av \u00e5 holde prisveksten stabilt p\u00e5 rundt 2 prosent \u00e5rlig.<\/p>\n<p>\u2013 Dette gj\u00f8r det rett og slett vanskeligere for Norges Bank \u00e5 sette ned renta. Og s\u00e5 lenge renta er h\u00f8y, vil leieprisene stige. S\u00e5 her har vi en form for spiraleffekt, sier han.<\/p>\n<p>Flere \u00e5rsaker til leieprisvekst<\/p>\n<p>Sjef\u00f8konom Jan Ludvig Andreassen i Eika-gruppen tror ogs\u00e5 vi m\u00e5 forberede oss p\u00e5 at leieboligprisene kommer til \u00e5 fortsette \u00e5 stige fremover.<\/p>\n<p>Han sp\u00e5r at leieprisene vil stige dobbelt s\u00e5 mye som den generelle prisveksten.<\/p>\n<p><img decoding=\"async\"   src=\"data:image\/gif;base64,R0lGODlhAQABAIAAAAAAAP\/\/\/yH5BAEAAAAALAAAAAABAAEAAAIBRAA7\" loading=\"eager\" alt=\"Sjefs\u00f8konom i Eika Jan Ludvig Andreassen\" title=\"Foto: Torbj\u00f8rn Brovold \/ NRK\"\/><\/p>\n<p class=\"\">Sjef\u00f8konom Jan Ludvig Andreassen i Eika-gruppen<\/p>\n<p>Foto: Torbj\u00f8rn Brovold \/ NRK<\/p>\n<p>Han peker p\u00e5 to hoved\u00e5rsaker:<\/p>\n<ul>\n<li>Det er bygget for f\u00e5 utleieboliger over tid.<\/li>\n<li>Skatteendringer har gjort det dyrere og mindre attraktivt \u00e5 leie ut. I dag er formuesverdien av en sekund\u00e6rbolig 100 prosent. Tidligere var den langt lavere.<\/li>\n<\/ul>\n<p>Men det er mulig \u00e5 temme leieprisene, mener sjef\u00f8konomen.<\/p>\n<p>\u2013 Det ene er at man kan gj\u00f8re det mer l\u00f8nnsomt for private \u00e5 bygge og leie ut. Alternativet er at det offentlige m\u00e5 bygge i egen regi. Det er litt overraskende at ingen politiske partier klarer \u00e5 manne seg opp til \u00e5 si at vi \u00f8nsker det ene framfor det andre, sier han.<\/p>\n<p><img decoding=\"async\"   src=\"data:image\/gif;base64,R0lGODlhAQABAIAAAAAAAP\/\/\/yH5BAEAAAAALAAAAAABAAEAAAIBRAA7\" loading=\"eager\" alt=\"Boligprisene steg med 1 prosent fra juni til juli, viser sesongjusterte tall fra Eiendom Norge.\" title=\"Foto: NTB scanpix\"\/><\/p>\n<p class=\"\">Sjef\u00f8konom Jan Ludvig Andreassen sier en av l\u00f8sningene p\u00e5 den store leieprisveksten er \u00e5 bygge flere boliger.<\/p>\n<p>Foto: NTB scanpix<\/p>\n<p>Dr\u00f8mmer om \u00e5 bo i Oslo<\/p>\n<p>Tilbake p\u00e5 R\u00e6lingen h\u00e5per Marthe Delbekk Enger hun en eller annen dag f\u00e5r r\u00e5d til \u00e5 flytte til hovedstaden.<\/p>\n<p>Hun mener politikerne kunne regulert leieprisene eller utjevnet skattefordelene mellom \u00e5 eie og leie bolig for \u00e5 gj\u00f8re det enklere \u00e5 v\u00e6re leietaker.<\/p>\n<p>\u2013 Det er trist \u00e5 se at leieprisene bare fortsetter \u00e5 stige. N\u00e5r leieprisene er s\u00e5 h\u00f8ye som i dag, er det vanskelig \u00e5 spare opp egenkapital og f\u00e5 boligl\u00e5n, sier hun.<\/p>\n<p><img decoding=\"async\"   src=\"data:image\/gif;base64,R0lGODlhAQABAIAAAAAAAP\/\/\/yH5BAEAAAAALAAAAAABAAEAAAIBRAA7\" loading=\"eager\" alt=\"Boliger p\u00e5 Gr\u00fcnerl\u00f8kka og \u00f8stover mot Carl Berners plass.\" title=\"Foto: H\u00e5kon Mosvold Larsen \/ NTB\"\/><\/p>\n<p class=\"\">Det har blitt dyrt \u00e5 bo i Oslo. If\u00f8lge Eiendom Norge koster det i underkant av 20.000 kroner \u00e5 leie en vanlig leilighet i Oslo.<\/p>\n<p>Foto: H\u00e5kon Mosvold Larsen \/ NTB<\/p>\n<p>Hun tar jevnlig buss eller tog for \u00e5 v\u00e6re sammen med venner og dra p\u00e5 aktiviteter i Oslo.<\/p>\n<p>Etter hvert h\u00e5per hun \u00e5 ha spart nok til \u00e5 kunne bo der.<\/p>\n<p>\u2013 Jeg h\u00e5per jo p\u00e5 det, men da m\u00e5 jeg flytte inn i kollektiv. Hvis ikke har jeg ikke r\u00e5d til det. Hvis leieprisene fortsetter \u00e5 stige i samme takt som n\u00e5, har jeg ikke mulighet til \u00e5 flytte til Oslo, sier hun.<\/p>\n<p>Publisert<\/p>\n<p>08.01.2026, kl. 06.59<\/p>\n","protected":false},"excerpt":{"rendered":"Saken oppsummert Leieprisene i norske storbyer, s\u00e6rlig Oslo, har steget kraftig i 2025 Snittleiepris for en leilighet i&hellip;\n","protected":false},"author":2,"featured_media":131753,"comment_status":"","ping_status":"","sticky":false,"template":"","format":"standard","meta":{"footnotes":""},"categories":[10],"tags":[20,21,24,25,15,22,23,13,30,28,29,14,16,26,27],"class_list":{"0":"post-131752","1":"post","2":"type-post","3":"status-publish","4":"format-standard","5":"has-post-thumbnail","7":"category-norge","8":"tag-breaking-news","9":"tag-breakingnews","10":"tag-featured-news","11":"tag-featurednews","12":"tag-headlines","13":"tag-latest-news","14":"tag-latestnews","15":"tag-news","16":"tag-no","17":"tag-norge","18":"tag-norway","19":"tag-nyheter","20":"tag-overskrifter","21":"tag-top-stories","22":"tag-topstories"},"share_on_mastodon":{"url":"https:\/\/pubeurope.com\/@no\/115858039315532369","error":""},"_links":{"self":[{"href":"https:\/\/www.europesays.com\/no\/wp-json\/wp\/v2\/posts\/131752","targetHints":{"allow":["GET"]}}],"collection":[{"href":"https:\/\/www.europesays.com\/no\/wp-json\/wp\/v2\/posts"}],"about":[{"href":"https:\/\/www.europesays.com\/no\/wp-json\/wp\/v2\/types\/post"}],"author":[{"embeddable":true,"href":"https:\/\/www.europesays.com\/no\/wp-json\/wp\/v2\/users\/2"}],"replies":[{"embeddable":true,"href":"https:\/\/www.europesays.com\/no\/wp-json\/wp\/v2\/comments?post=131752"}],"version-history":[{"count":0,"href":"https:\/\/www.europesays.com\/no\/wp-json\/wp\/v2\/posts\/131752\/revisions"}],"wp:featuredmedia":[{"embeddable":true,"href":"https:\/\/www.europesays.com\/no\/wp-json\/wp\/v2\/media\/131753"}],"wp:attachment":[{"href":"https:\/\/www.europesays.com\/no\/wp-json\/wp\/v2\/media?parent=131752"}],"wp:term":[{"taxonomy":"category","embeddable":true,"href":"https:\/\/www.europesays.com\/no\/wp-json\/wp\/v2\/categories?post=131752"},{"taxonomy":"post_tag","embeddable":true,"href":"https:\/\/www.europesays.com\/no\/wp-json\/wp\/v2\/tags?post=131752"}],"curies":[{"name":"wp","href":"https:\/\/api.w.org\/{rel}","templated":true}]}}