{"id":131754,"date":"2026-01-08T06:22:11","date_gmt":"2026-01-08T06:22:11","guid":{"rendered":"https:\/\/www.europesays.com\/no\/131754\/"},"modified":"2026-01-08T06:22:11","modified_gmt":"2026-01-08T06:22:11","slug":"flere-mangler-soveplass-i-kulden-foreslar-radhuskantinen-som-nodlosning-nrk-vestland","status":"publish","type":"post","link":"https:\/\/www.europesays.com\/no\/131754\/","title":{"rendered":"Flere mangler soveplass i kulden \u2013 foresl\u00e5r r\u00e5dhuskantinen som n\u00f8dl\u00f8sning \u2013 NRK Vestland"},"content":{"rendered":"<p>Saken oppsummert: <\/p>\n<ul>\n<li>Natthuset i Bergen tilbyr 10 akuttovernattingsplasser, men m\u00e5 avvise flere p\u00e5 grunn av kapasitet.<\/li>\n<li>Kommunen har totalt 19 akuttovernattingsplasser til rusavhengige, som ikke dekker behovet i vinterkulden.<\/li>\n<li>Huset Bergen etterlyser donasjoner av soveposer og varme kl\u00e6r, og ber om strakstiltak fra kommunen.<\/li>\n<li>Kvinner er spesielt utsatt, da det ofte ikke er \u00abgratis\u00bb \u00e5 sove p\u00e5 sofaer hos andre.<\/li>\n<li>Opposisjonspolitikere foresl\u00e5r alternative l\u00f8sninger som kontor- og kantineplasser i R\u00e5dhuset.<\/li>\n<li>Kommunen vurderer n\u00f8dl\u00f8sninger for \u00e5 \u00f8ke antall akutte sengeplasser i l\u00f8pet av uken.<\/li>\n<\/ul>\n<p>Oppsummeringen er laget av en KI-tjeneste fra OpenAI. Innholdet er kvalitetssikret av NRKs journalister f\u00f8r publisering.<\/p>\n<p>\u2013 De er kalde. Denne gruppen har ikke de kl\u00e6rne som trengs for \u00e5 v\u00e6re ute i ti og tolv minusgrader, sier Juni Meyer, avdelingsleder for Huset Bergen.<\/p>\n<p>Gjennom tilbudet Natthuset tilbyr Huset 10 overnattingsplasser til rusavhengige.<\/p>\n<p>Totalt har kommunen 19 akuttovernattingsplasser for rusavhengige, men kapasiteten er sprengt i kulden.<\/p>\n<p><strong>Denne uken har Natthuset avvist flere som fryser i kulden, if\u00f8lge Meyer.<\/strong><\/p>\n<p>Onsdag gikk de ogs\u00e5 ut i sosiale medier og ba folk donere soveposer og varme kl\u00e6r.<\/p>\n<p>Meyer er s\u00e6rlig bekymret for kvinnene som mangler et sted \u00e5 sove.<\/p>\n<p>\u2013 Ikke \u00abgratis\u00bb for kvinnene \u00e5 bo p\u00e5 sofa<\/p>\n<p>I Bergen er en fjerdedel av bostedsl\u00f8se kvinner.<\/p>\n<p>\u2013 Mange finner seg gjerne en sofa \u00e5 sove p\u00e5, men for kvinner kan det v\u00e6re ugreit. Vi vet jo at det ikke er \u00abgratis\u00bb \u00e5 sove p\u00e5 disse sofaene for kvinner, sier hun.<\/p>\n<p>N\u00e5 ber de om strakstiltak fra kommunen.<\/p>\n<p>\u2013 Hvis vi hadde hatt penger, s\u00e5 hadde vi ordnet dette selv. Vi kunne \u00e5pnet en til etasje og kj\u00f8pt inn madrasser, sier hun.\n<\/p>\n<p><img decoding=\"async\"   src=\"data:image\/gif;base64,R0lGODlhAQABAIAAAAAAAP\/\/\/yH5BAEAAAAALAAAAAABAAEAAAIBRAA7\" loading=\"eager\" alt=\"Et vindu med lys i m\u00f8rket med teksten &quot;huset&quot;. \" title=\"Foto: Sandra Amalie Lid Krumsvik \/ NRK\"\/><\/p>\n<p class=\"\">Huset i Bergen m\u00e5 avvise bostedsl\u00f8se i kulden. <\/p>\n<p>Foto: Sandra Amalie Lid Krumsvik \/ NRK<\/p>\n<p>Foresl\u00e5r kontor og kantine<\/p>\n<p>Flere opposisjonspolitikere i Bergen raser, blant dem Mikkel Gr\u00fcner (SV).<\/p>\n<p>\u2013 Byr\u00e5dets iskalde politikk skal ikke f\u00f8re til at folk fryser i hjel om natten. Det er en ekstraordin\u00e6r situasjon, sier han til <a href=\"https:\/\/www.ba.no\/slar-alarm-folk-skal-ikke-fryse-i-hjel-om-natten\/s\/5-8-3274387\" ec-id=\"https:\/\/www.ba.no\/slar-alarm-folk-skal-ikke-fryse-i-hjel-om-natten\/s\/5-8-3274387\" ec-name=\"Bergensavisen\" rel=\"nofollow noopener\" target=\"_blank\">Bergensavisen<\/a>.<\/p>\n<p>Til avisen sier han at han tilbyr sin egen kontorplass.<\/p>\n<p><strong>\u2013 Dersom byr\u00e5det sliter med \u00e5 finne passende lokaler, kan folk gjerne f\u00e5 sove i 12. etasje p\u00e5 R\u00e5dhuset. Her er det god plass, sier Gr\u00fcner til avisen.<\/strong>\n<\/p>\n<ul class=\"dhpg__gallery__list\">\n<li class=\"dhpg__gallery__listItem\"><img alt=\"Mikkel Gr\u00fcner (SV)\"  width=\"2400\" height=\"2400\" loading=\"lazy\"\/>Mikkel Gr\u00fcner (SV)\n<ul>\n<li>Bystyremedlem og gruppeleder for Sosialistisk venstreparti, Bergen\u00a0<\/li>\n<\/ul>\n<\/li>\n<\/ul>\n<p>Linn Kristin Eng\u00f8, gruppeleder Arbeiderpartiet i bystyret, stiller seg bak. Hun foresl\u00e5r r\u00e5dhuskantinen som soveplass.<\/p>\n<p>\u2013 Folk skal ikke d\u00f8 for at de mangler tak over hodet. Kombinasjonen hypotermi og rus er livsfarlig, sier hun til BA.\n<\/p>\n<p><img decoding=\"async\"   src=\"data:image\/gif;base64,R0lGODlhAQABAIAAAAAAAP\/\/\/yH5BAEAAAAALAAAAAABAAEAAAIBRAA7\" loading=\"eager\" alt=\"Det nye R\u00e5dhuset i Bergen\" title=\"Foto: NRK\"\/><\/p>\n<p class=\"\">Flere politikere i Bergen foresl\u00e5r r\u00e5dhuset som n\u00f8dl\u00f8sning. <\/p>\n<p>Foto: NRK<\/p>\n<p>Skal unders\u00f8ke n\u00f8dl\u00f8sning<\/p>\n<p>Charlotte Spurkeland (H), byr\u00e5d for barnevern, sosiale tjenester og mangfold, sier kommunen skal se p\u00e5 en l\u00f8sning torsdag.<\/p>\n<p>\u2013 Det er ogs\u00e5 stor p\u00e5gang hos de andre overnattingstilbudene som driver p\u00e5 oppdrag for kommunen. Jeg mener derfor vi m\u00e5 se om vi kan f\u00e5 til en n\u00f8dl\u00f8sning, slik at vi f\u00e5r flere akutte sengeplasser denne uken n\u00e5 n\u00e5r det er s\u00e5 kaldt, sier hun til avisen og fortsetter med:<\/p>\n<p>\u2013 Jeg har bedt etaten om \u00e5 unders\u00f8ke med Huset Bergen hva som er mulig \u00e5 f\u00e5 til fra torsdag av, sier hun.<\/p>\n<p><img decoding=\"async\"   src=\"data:image\/gif;base64,R0lGODlhAQABAIAAAAAAAP\/\/\/yH5BAEAAAAALAAAAAABAAEAAAIBRAA7\" loading=\"eager\" alt=\"Charlotte Spurkeland \" title=\"Foto: Benjamin Ren\u00e9 Dyrdal \/ NRK\"\/><\/p>\n<p class=\"\">Charlotte Spurkeland (H), byr\u00e5d for barnevern, sosiale tjenester og mangfold, sier kommunen skal se p\u00e5 en n\u00f8dl\u00f8sning. <\/p>\n<p>Foto: Benjamin Ren\u00e9 Dyrdal \/ NRK<\/p>\n<p>F\u00e5r en varm dusj<\/p>\n<p>Meyer i Huset Bergen sier de kan tilby hjelp til alle som trenger det p\u00e5 dagtid.<\/p>\n<p>\u2013 De f\u00e5r komme inn til oss, ta en varm dusj, f\u00e5 p\u00e5 seg varme kl\u00e6r. Men s\u00e5 m\u00e5 de ut igjen, sier Meyer.<\/p>\n<p>Hun roser ogs\u00e5 de som stiller seg i k\u00f8.<\/p>\n<p>\u2013 De er alle veldig \u00e6rlige og rettferdige p\u00e5 hvem som stilte seg f\u00f8rst i k\u00f8en.<\/p>\n<p>Publisert<\/p>\n<p>07.01.2026, kl. 22.01<\/p>\n<p>Oppdatert<\/p>\n<p>08.01.2026, kl. 05.21<\/p>\n","protected":false},"excerpt":{"rendered":"Saken oppsummert: Natthuset i Bergen tilbyr 10 akuttovernattingsplasser, men m\u00e5 avvise flere p\u00e5 grunn av kapasitet. Kommunen har&hellip;\n","protected":false},"author":2,"featured_media":131755,"comment_status":"","ping_status":"","sticky":false,"template":"","format":"standard","meta":{"footnotes":""},"categories":[5],"tags":[20,21,24,25,15,19,22,23,17,18,13,30,28,29,14,16,26,27],"class_list":{"0":"post-131754","1":"post","2":"type-post","3":"status-publish","4":"format-standard","5":"has-post-thumbnail","7":"category-overskrifter","8":"tag-breaking-news","9":"tag-breakingnews","10":"tag-featured-news","11":"tag-featurednews","12":"tag-headlines","13":"tag-hovedoppslag","14":"tag-latest-news","15":"tag-latestnews","16":"tag-main-news","17":"tag-mainnews","18":"tag-news","19":"tag-no","20":"tag-norge","21":"tag-norway","22":"tag-nyheter","23":"tag-overskrifter","24":"tag-top-stories","25":"tag-topstories"},"share_on_mastodon":{"url":"https:\/\/pubeurope.com\/@no\/115858043451683041","error":""},"_links":{"self":[{"href":"https:\/\/www.europesays.com\/no\/wp-json\/wp\/v2\/posts\/131754","targetHints":{"allow":["GET"]}}],"collection":[{"href":"https:\/\/www.europesays.com\/no\/wp-json\/wp\/v2\/posts"}],"about":[{"href":"https:\/\/www.europesays.com\/no\/wp-json\/wp\/v2\/types\/post"}],"author":[{"embeddable":true,"href":"https:\/\/www.europesays.com\/no\/wp-json\/wp\/v2\/users\/2"}],"replies":[{"embeddable":true,"href":"https:\/\/www.europesays.com\/no\/wp-json\/wp\/v2\/comments?post=131754"}],"version-history":[{"count":0,"href":"https:\/\/www.europesays.com\/no\/wp-json\/wp\/v2\/posts\/131754\/revisions"}],"wp:featuredmedia":[{"embeddable":true,"href":"https:\/\/www.europesays.com\/no\/wp-json\/wp\/v2\/media\/131755"}],"wp:attachment":[{"href":"https:\/\/www.europesays.com\/no\/wp-json\/wp\/v2\/media?parent=131754"}],"wp:term":[{"taxonomy":"category","embeddable":true,"href":"https:\/\/www.europesays.com\/no\/wp-json\/wp\/v2\/categories?post=131754"},{"taxonomy":"post_tag","embeddable":true,"href":"https:\/\/www.europesays.com\/no\/wp-json\/wp\/v2\/tags?post=131754"}],"curies":[{"name":"wp","href":"https:\/\/api.w.org\/{rel}","templated":true}]}}