{"id":131760,"date":"2026-01-08T06:28:10","date_gmt":"2026-01-08T06:28:10","guid":{"rendered":"https:\/\/www.europesays.com\/no\/131760\/"},"modified":"2026-01-08T06:28:10","modified_gmt":"2026-01-08T06:28:10","slug":"god-morgen-bergen-mollendalsveien-god-morgen-bergen","status":"publish","type":"post","link":"https:\/\/www.europesays.com\/no\/131760\/","title":{"rendered":"God morgen, Bergen, M\u00f8llendalsveien | God morgen, Bergen!"},"content":{"rendered":"\n<p>Kommer du frem?<\/p>\n<p>Bevegelig arbeid p\u00e5 E39<\/p>\n<p>Mellom klokken 0900 og 1400 vil det v\u00e6re vedlikeholdsarbeid p\u00e5 strekningen mellom Nordhordlandsbroen og Ostereidet.<\/p>\n<p>\u2013 Det er bevegelig arbeid. Det skal v\u00e6re vedlikehold p\u00e5 v\u00e6rstasjonene, s\u00e5 de tar en og en om gangen, sier trafikkoperat\u00f8r ved , Arne Viken.<\/p>\n<p>Det blir manuell dirigering der det er behov.<\/p>\n<p>Arbeidet skal p\u00e5g\u00e5 til og med fredag.<\/p>\n<p>   <img decoding=\"async\" width=\"6016\" height=\"4016\" fetchpriority=\"low\"  loading=\"lazy\"  src=\"https:\/\/www.europesays.com\/no\/wp-content\/uploads\/2026\/01\/5_8_2523157_BA02894_1.jpg\" alt=\"Det g\u00e5r mot en ny hvit og fin helg p\u00e5 Fl\u00f8yen.  Sn\u00f8en er her! Og den blir v\u00e6rende en god stund.  10\u201320 centimeter hvite fnugg er ventet det n\u00e6rmeste d\u00f8gnet. \" class=\"brick-c-cFOWSL\" style=\"--brick-image-ratio: 6016 \/ 4016;\"\/><\/p>\n<p>      Det blir periodevis solrikt i dag.<br \/>\n      Foto: EIRIK HAGES\u00c6TER (arkiv)\n    <\/p>\n<p>  Kulden biter fast<\/p>\n<p>Torsdag blir en fin dag med lite eller ingen skyer.<\/p>\n<p><b>\u2013 Som i g\u00e5r vil temperaturen v\u00e6re lav i morgentimene, rundt ni til tolv minusgrader i sentrum, melder statsmeteorolog ved , Oddlaug Nese.<\/b><\/p>\n<p>Utover dagen trekker skyene inn, selv om det blir perioder med sol.<\/p>\n<p>\u2013 Det er etter hvert en mulighet for noen lette sn\u00f8byger p\u00e5 kysten, men det ser ikke ut til at de kommer s\u00e5 langt inn som til Bergen sentrum.<\/p>\n<p>P\u00e5 ettermiddag og kveldstid vil temperaturen g\u00e5 noe opp til rundt tre til seks minusgrader.<\/p>\n<p>   <img decoding=\"async\" width=\"1200\" height=\"899\" fetchpriority=\"low\"  loading=\"lazy\"  src=\"https:\/\/www.europesays.com\/no\/wp-content\/uploads\/2026\/01\/IMG_5895.jpg\" alt=\"\" class=\"brick-c-cFOWSL\" style=\"--brick-image-ratio: 1200 \/ 899;\"\/><\/p>\n<p>      Det var elleville tilstander p\u00e5 Fantoft da studenter kunne sikre seg alt mulig rart gratis i august.<br \/>\n      Foto: MIKAEL TAKLE (arkiv)\n    <\/p>\n<p>  Gratisfestival<\/p>\n<p>Mellom 1400 og 1700 er det gjenbruksfestival i M\u00f8llendalsveien i regi av Sammen.<\/p>\n<p>Arrangementet er hovedsakelig for studenter, som da kan sikre seg:<\/p>\n<p><b>\u2013 Kommoder, hyller, TV, kj\u00f8kkenredskaper, b\u00f8ker og mye mer \u2013 alt brukt, gratis, og med potensial til \u00e5 f\u00e5 nytt liv i din studentbolig, if\u00f8lge arrang\u00f8ren selv.<\/b><\/p>\n<p>Sist gang dette ble arrangert var i august, <a rel=\"Follow nofollow noopener\" href=\"https:\/\/www.ba.no\/elleville-tilstander-pa-gjenbruksfestival-pa-fantoft-helt-sprott\/s\/5-8-3116520\" target=\"_blank\">hvor folk m\u00f8tte opp mange timer f\u00f8r for \u00e5 v\u00e6re blant de f\u00f8rste.<\/a><\/p>\n<p>Har du f\u00e5tt med deg dette?<\/p>\n<ul>\n<li><b>Jarle bor i Bergens \u00abkuldehull\u00bb<\/b><\/li>\n<\/ul>\n<p>I 66 \u00e5r har Jarle Blindheim kalt Blindheim sitt hjem. Det er som oftest blant de kaldeste stedene i Bergen om vinteren. Da BA tok turen var det hele tolv grader kaldere der enn i sentrum.<\/p>\n<p>  <a href=\"https:\/\/www.ba.no\/5-8-3272790\" class=\"related-teaser has-image default-story-teaser article--c-eRUmMG article--c-eRUmMG-jKCPdD-design-default\" rel=\"nofollow noopener\" target=\"_blank\"><\/p>\n<p>    <img decoding=\"async\" loading=\"lazy\"  src=\"https:\/\/www.europesays.com\/no\/wp-content\/uploads\/2026\/01\/1616.jpg\" alt=\"\" class=\"brick-c-cFOWSL\" style=\"\"\/><\/p>\n<p>\n            Les ogs\u00e5<\/p>\n<p>              Jarle bor i Bergens \u00abkuldehull\u00bb: \u2013 Jeg holder varmen\n        <\/p>\n<p>  <\/a><\/p>\n<ul>\n<li><b>Idyllisk privatbro st\u00e5r i fare for \u00e5 rase mener kommunen<\/b><\/li>\n<\/ul>\n<p>En liten bro gjemt mellom tr\u00e6rne i Fana ble ved en feiltakelse sjekket av kommunen. De fant ut broen har kritiske skader, som kan f\u00f8re til at den raser sammen. Om den ikke blir fikset kan det bli dyrt for beboerne i omr\u00e5det, ettersom den er privat. N\u00e5 har grunneierne startet en spleis for \u00e5 fikse broen.<\/p>\n<p>  <a href=\"https:\/\/www.ba.no\/5-8-3270281\" class=\"related-teaser has-image default-story-teaser article--c-eRUmMG article--c-eRUmMG-jKCPdD-design-default\" rel=\"nofollow noopener\" target=\"_blank\"><\/p>\n<p>    <img decoding=\"async\" loading=\"lazy\"  src=\"https:\/\/www.europesays.com\/no\/wp-content\/uploads\/2026\/01\/1591.jpg\" alt=\"\" class=\"brick-c-cFOWSL\" style=\"\"\/><\/p>\n<p>\n            Les ogs\u00e5<\/p>\n<p>              Fikk urovekkende brev tilsendt: \u2013 Broen var i kritisk forfatning\n        <\/p>\n<p>  <\/a><\/p>\n<ul>\n<li><b>Helland verdt 70 millioner kroner<\/b><\/li>\n<\/ul>\n<p>Den anerkjente nettsiden Transfermarkt har verdsatt Brann-stopperen til svimlende seks millioner euro, noe som gj\u00f8r han Brann sin mest verdifulle spiller. Det er ogs\u00e5 en seksdobling fra fjor\u00e5rets sesongoppkj\u00f8ring. Brann-trener Freyr Alexandersson var ikke s\u00e5 imponert over tallene.<\/p>\n<p>  <a href=\"https:\/\/www.ba.no\/5-8-3274595\" class=\"related-teaser has-image default-story-teaser article--c-eRUmMG article--c-eRUmMG-jKCPdD-design-default\" rel=\"nofollow noopener\" target=\"_blank\"><\/p>\n<p>    <img decoding=\"async\" loading=\"lazy\"  src=\"https:\/\/www.europesays.com\/no\/wp-content\/uploads\/2026\/01\/DSC_4432.JPG\" alt=\"\" class=\"brick-c-cFOWSL\" style=\"\"\/><\/p>\n<p>\n            Les ogs\u00e5<\/p>\n<p>              Hellands ekstreme utvikling: \u2013 Det legger klubbene merke til\n        <\/p>\n<p>  <\/a><br \/>\n  S\u00e5 mye koster str\u00f8mmen i dag<\/p>\n<p>Sudoku, ordknute og kryssord<\/p>\n<p>  Gikk du glipp av disse?<\/p>\n","protected":false},"excerpt":{"rendered":"Kommer du frem? Bevegelig arbeid p\u00e5 E39 Mellom klokken 0900 og 1400 vil det v\u00e6re vedlikeholdsarbeid p\u00e5 strekningen&hellip;\n","protected":false},"author":2,"featured_media":131761,"comment_status":"","ping_status":"","sticky":false,"template":"","format":"standard","meta":{"footnotes":""},"categories":[10],"tags":[36,444,20,21,24,25,797,15,22,23,15267,13,30,28,29,14,16,15268,1510,26,27,553,15180],"class_list":{"0":"post-131760","1":"post","2":"type-post","3":"status-publish","4":"format-standard","5":"has-post-thumbnail","7":"category-norge","8":"tag-art","9":"tag-bergen","10":"tag-breaking-news","11":"tag-breakingnews","12":"tag-featured-news","13":"tag-featurednews","14":"tag-god-morgen","15":"tag-headlines","16":"tag-latest-news","17":"tag-latestnews","18":"tag-mollendalsveien","19":"tag-news","20":"tag-no","21":"tag-norge","22":"tag-norway","23":"tag-nyheter","24":"tag-overskrifter","25":"tag-sammen","26":"tag-story","27":"tag-top-stories","28":"tag-topstories","29":"tag-vaer","30":"tag-vaeret-i-bergen"},"share_on_mastodon":{"url":"https:\/\/pubeurope.com\/@no\/115858066912838820","error":""},"_links":{"self":[{"href":"https:\/\/www.europesays.com\/no\/wp-json\/wp\/v2\/posts\/131760","targetHints":{"allow":["GET"]}}],"collection":[{"href":"https:\/\/www.europesays.com\/no\/wp-json\/wp\/v2\/posts"}],"about":[{"href":"https:\/\/www.europesays.com\/no\/wp-json\/wp\/v2\/types\/post"}],"author":[{"embeddable":true,"href":"https:\/\/www.europesays.com\/no\/wp-json\/wp\/v2\/users\/2"}],"replies":[{"embeddable":true,"href":"https:\/\/www.europesays.com\/no\/wp-json\/wp\/v2\/comments?post=131760"}],"version-history":[{"count":0,"href":"https:\/\/www.europesays.com\/no\/wp-json\/wp\/v2\/posts\/131760\/revisions"}],"wp:featuredmedia":[{"embeddable":true,"href":"https:\/\/www.europesays.com\/no\/wp-json\/wp\/v2\/media\/131761"}],"wp:attachment":[{"href":"https:\/\/www.europesays.com\/no\/wp-json\/wp\/v2\/media?parent=131760"}],"wp:term":[{"taxonomy":"category","embeddable":true,"href":"https:\/\/www.europesays.com\/no\/wp-json\/wp\/v2\/categories?post=131760"},{"taxonomy":"post_tag","embeddable":true,"href":"https:\/\/www.europesays.com\/no\/wp-json\/wp\/v2\/tags?post=131760"}],"curies":[{"name":"wp","href":"https:\/\/api.w.org\/{rel}","templated":true}]}}