{"id":131764,"date":"2026-01-08T06:35:19","date_gmt":"2026-01-08T06:35:19","guid":{"rendered":"https:\/\/www.europesays.com\/no\/131764\/"},"modified":"2026-01-08T06:35:19","modified_gmt":"2026-01-08T06:35:19","slug":"aker-solutions-nedbemanning-aker-solutions-nedbemanner-over-500-arsverk","status":"publish","type":"post","link":"https:\/\/www.europesays.com\/no\/131764\/","title":{"rendered":"Aker Solutions, Nedbemanning | Aker Solutions nedbemanner over 500 \u00e5rsverk"},"content":{"rendered":"\n<p>De \u00f8vrige stillingene kuttes ulike steder i Norge og internasjonalt. <\/p>\n<p>Enkelte steder er nedbemanningen allerede gjort, mens de \u00f8vrige skjer i l\u00f8pet av v\u00e5ren.<\/p>\n<p>\u2013 Vi ser fortsatt mange muligheter b\u00e5de i Norge og internasjonalt, men det forventede aktivitetsniv\u00e5et betyr at vi m\u00e5 ta grep n\u00e5 for \u00e5 sikre selskapets robusthet og trygg finansiell styring, sier daglig leder Kjetel Digre i en <a rel=\"noopener nofollow\" href=\"https:\/\/news.cision.com\/aker-solutions-asa\/r\/aker-solutions-cuts-costs-and-adjusts-workforce,c4289433\" target=\"_blank\">pressemelding<\/a>.<\/p>\n<p>Det totale antallet ansatte som rammes, kan endres. Det kommer an p\u00e5 om selskapet klarer \u00e5 sikre seg nye prosjekter i denne perioden.<\/p>\n<p>Enkelte steder kommer til \u00e5 ha h\u00f8y aktivitet i \u00e5r, og tiltak er allerede gjort for \u00e5 sikre at ansatte fra mindre aktive steder, kan bidra der ettersp\u00f8rselen er h\u00f8yere.<\/p>\n<p>Imidlertid er det n\u00f8dvendig med nedbemanning i enkelte deler av selskapet fordi markedet for nye prosjekter, b\u00e5de innen olje, gass og fornybar industri, utvikler seg saktere enn ventet, heter det.<\/p>\n<p>Digre viser dessuten til den gr\u00f8nne omstillingspakken til industrien som regjeringen innf\u00f8rte i 2020. Det har v\u00e6rt h\u00f8y aktivitet i industrien de siste \u00e5rene som f\u00f8lge av denne krisepakken.<\/p>\n<p>\u2013 Denne omstillingen tar lengre tid enn ventet, og vi merker n\u00e5 effekten av det, sier Digre.<\/p>\n","protected":false},"excerpt":{"rendered":"De \u00f8vrige stillingene kuttes ulike steder i Norge og internasjonalt. Enkelte steder er nedbemanningen allerede gjort, mens de&hellip;\n","protected":false},"author":2,"featured_media":131765,"comment_status":"","ping_status":"","sticky":false,"template":"","format":"standard","meta":{"footnotes":""},"categories":[10],"tags":[20,21,24,25,15,22,23,13,30,28,29,14,16,26,27],"class_list":{"0":"post-131764","1":"post","2":"type-post","3":"status-publish","4":"format-standard","5":"has-post-thumbnail","7":"category-norge","8":"tag-breaking-news","9":"tag-breakingnews","10":"tag-featured-news","11":"tag-featurednews","12":"tag-headlines","13":"tag-latest-news","14":"tag-latestnews","15":"tag-news","16":"tag-no","17":"tag-norge","18":"tag-norway","19":"tag-nyheter","20":"tag-overskrifter","21":"tag-top-stories","22":"tag-topstories"},"share_on_mastodon":{"url":"https:\/\/pubeurope.com\/@no\/115858094299560199","error":""},"_links":{"self":[{"href":"https:\/\/www.europesays.com\/no\/wp-json\/wp\/v2\/posts\/131764","targetHints":{"allow":["GET"]}}],"collection":[{"href":"https:\/\/www.europesays.com\/no\/wp-json\/wp\/v2\/posts"}],"about":[{"href":"https:\/\/www.europesays.com\/no\/wp-json\/wp\/v2\/types\/post"}],"author":[{"embeddable":true,"href":"https:\/\/www.europesays.com\/no\/wp-json\/wp\/v2\/users\/2"}],"replies":[{"embeddable":true,"href":"https:\/\/www.europesays.com\/no\/wp-json\/wp\/v2\/comments?post=131764"}],"version-history":[{"count":0,"href":"https:\/\/www.europesays.com\/no\/wp-json\/wp\/v2\/posts\/131764\/revisions"}],"wp:featuredmedia":[{"embeddable":true,"href":"https:\/\/www.europesays.com\/no\/wp-json\/wp\/v2\/media\/131765"}],"wp:attachment":[{"href":"https:\/\/www.europesays.com\/no\/wp-json\/wp\/v2\/media?parent=131764"}],"wp:term":[{"taxonomy":"category","embeddable":true,"href":"https:\/\/www.europesays.com\/no\/wp-json\/wp\/v2\/categories?post=131764"},{"taxonomy":"post_tag","embeddable":true,"href":"https:\/\/www.europesays.com\/no\/wp-json\/wp\/v2\/tags?post=131764"}],"curies":[{"name":"wp","href":"https:\/\/api.w.org\/{rel}","templated":true}]}}