{"id":131768,"date":"2026-01-08T06:42:07","date_gmt":"2026-01-08T06:42:07","guid":{"rendered":"https:\/\/www.europesays.com\/no\/131768\/"},"modified":"2026-01-08T06:42:07","modified_gmt":"2026-01-08T06:42:07","slug":"nyheter-trafikk-slik-er-veiene-na-romerikes-blad","status":"publish","type":"post","link":"https:\/\/www.europesays.com\/no\/131768\/","title":{"rendered":"Nyheter, Trafikk | Slik er veiene n\u00e5 &#8211; Romerikes Blad"},"content":{"rendered":"<ol>\n<li><a href=\"https:\/\/news.google.com\/rss\/articles\/CBMiX0FVX3lxTE10SzliSURrZVEzUTI5Q2JMdk51VlJyd1lwSVBpTDFmemh1ay1wY1NKQ2l4dlFfNjBibFYybFVmdUNnZGxqRkkzV3RPMmhrRTRXcDFJM2x5c3Z4Z3VqYk9r?oc=5\" target=\"_blank\" rel=\"nofollow noopener\">Nyheter, Trafikk | Slik er veiene n\u00e5<\/a>&nbsp;&nbsp;Romerikes Blad<\/li>\n<li><a href=\"https:\/\/news.google.com\/rss\/articles\/CBMif0FVX3lxTE91dmUzVG5jZ2R6dVpBR2xtamh5MlA5N2p5d3BZc0ZURmNWaGdJdndyVGd4d0RYME1CNDNScjMyamZ1YUtoQ3F6YlNFazV0Vm03Y2hoOXJYeWhFbGJvaHFlemM0VGJPOGJ0ZDJMS3pRdmJqb1hjZk1aMXJBb01Wbnc?oc=5\" target=\"_blank\" rel=\"nofollow noopener\">Trafikk, Sn\u00f8 | Sn\u00f8en har kommet \u2013 hvordan er veiene?<\/a>&nbsp;&nbsp;Moss Avis<\/li>\n<li><a href=\"https:\/\/news.google.com\/rss\/articles\/CBMic0FVX3lxTE03Y1FUWmt4aDh1Z0tzZ2xRVWJGVlo0Q09GempDRUdxMVU0MEtTQ0lFZ0xzZUluSjJTMTlaSUZkbXlwTFdwdXFDS0hycjBlRUtqblFIeWdMVzBkNjNtajZKWWdHVzJzSkRXT0RLVzBfNnhwcXM?oc=5\" target=\"_blank\" rel=\"nofollow noopener\">Br\u00f8drene Hansen Maskindrift, Sn\u00f8rydding | \u2013 Det blir nok en lang natt<\/a>&nbsp;&nbsp;Halden Arbeiderblad<\/li>\n<li><a href=\"https:\/\/news.google.com\/rss\/articles\/CBMid0FVX3lxTFBCUXlwYjd1d0xJTUhvR0lVaU1QVFBNZnpJbDVNUzVhZTZZOVYtRUIzOEVab1RiZnlsQi1VaU5LY3NIZHdPMkF4b1NMNkY3RW5INzlkcW1SNE9OWkJiOUlycUU5UGJfX1lKVllPcFV4aE9wQ09WQlRR?oc=5\" target=\"_blank\" rel=\"nofollow noopener\">Br\u00f8yting, Sn\u00f8 | Derfor blir det ikke br\u00f8ytet hos deg<\/a>&nbsp;&nbsp;Romerikes Blad<\/li>\n<li><a href=\"https:\/\/news.google.com\/rss\/articles\/CBMinAFBVV95cUxNNWlWR1NIR2ZBdElyaUpuRmFYZllBMlEyNVVxcThDZjBnalA2N3BoY0gwVUgwTG8wakZwYnV3RkZUMU8wN1pOLXJlaEJaRnNTdk1LRTlybjdqWE5LZXdIemxXWXBTVzZkU0U3MXB0RU05S2N0NkplODhmWWxpcFpNLUdRQnppRUREc2FfNTZzRl91SlFXblBHOG9IMUE?oc=5\" target=\"_blank\" rel=\"nofollow noopener\">Trafikk, Vinter | Br\u00f8ytebilsj\u00e5f\u00f8r Inges mareritt: \u2013 Vi sitter med hjertet i halsen<\/a>&nbsp;&nbsp;Indre Akershus Blad<\/li>\n<\/ol>\n","protected":false},"excerpt":{"rendered":"Nyheter, Trafikk | Slik er veiene n\u00e5&nbsp;&nbsp;Romerikes Blad Trafikk, Sn\u00f8 | Sn\u00f8en har kommet \u2013 hvordan er veiene?&nbsp;&nbsp;Moss&hellip;\n","protected":false},"author":2,"featured_media":7393,"comment_status":"","ping_status":"","sticky":false,"template":"","format":"standard","meta":{"footnotes":""},"categories":[10],"tags":[20,21,24,25,15,22,23,13,30,28,29,14,16,26,27],"class_list":{"0":"post-131768","1":"post","2":"type-post","3":"status-publish","4":"format-standard","5":"has-post-thumbnail","7":"category-norge","8":"tag-breaking-news","9":"tag-breakingnews","10":"tag-featured-news","11":"tag-featurednews","12":"tag-headlines","13":"tag-latest-news","14":"tag-latestnews","15":"tag-news","16":"tag-no","17":"tag-norge","18":"tag-norway","19":"tag-nyheter","20":"tag-overskrifter","21":"tag-top-stories","22":"tag-topstories"},"share_on_mastodon":{"url":"https:\/\/pubeurope.com\/@no\/115858121844916094","error":""},"_links":{"self":[{"href":"https:\/\/www.europesays.com\/no\/wp-json\/wp\/v2\/posts\/131768","targetHints":{"allow":["GET"]}}],"collection":[{"href":"https:\/\/www.europesays.com\/no\/wp-json\/wp\/v2\/posts"}],"about":[{"href":"https:\/\/www.europesays.com\/no\/wp-json\/wp\/v2\/types\/post"}],"author":[{"embeddable":true,"href":"https:\/\/www.europesays.com\/no\/wp-json\/wp\/v2\/users\/2"}],"replies":[{"embeddable":true,"href":"https:\/\/www.europesays.com\/no\/wp-json\/wp\/v2\/comments?post=131768"}],"version-history":[{"count":0,"href":"https:\/\/www.europesays.com\/no\/wp-json\/wp\/v2\/posts\/131768\/revisions"}],"wp:featuredmedia":[{"embeddable":true,"href":"https:\/\/www.europesays.com\/no\/wp-json\/wp\/v2\/media\/7393"}],"wp:attachment":[{"href":"https:\/\/www.europesays.com\/no\/wp-json\/wp\/v2\/media?parent=131768"}],"wp:term":[{"taxonomy":"category","embeddable":true,"href":"https:\/\/www.europesays.com\/no\/wp-json\/wp\/v2\/categories?post=131768"},{"taxonomy":"post_tag","embeddable":true,"href":"https:\/\/www.europesays.com\/no\/wp-json\/wp\/v2\/tags?post=131768"}],"curies":[{"name":"wp","href":"https:\/\/api.w.org\/{rel}","templated":true}]}}