{"id":131772,"date":"2026-01-08T06:50:09","date_gmt":"2026-01-08T06:50:09","guid":{"rendered":"https:\/\/www.europesays.com\/no\/131772\/"},"modified":"2026-01-08T06:50:09","modified_gmt":"2026-01-08T06:50:09","slug":"benjamin-sesko-scoret-to-etter-samtaler-med-darren-fletcher","status":"publish","type":"post","link":"https:\/\/www.europesays.com\/no\/131772\/","title":{"rendered":"Benjamin Sesko scoret to etter samtaler med Darren Fletcher"},"content":{"rendered":"\n<p class=\"_lead_o9xde_2 _lead_xtcu6_50 layout-component text-serif-m layout-normal text-serif-l layout-component layout-wide layout-padded _wide_17hqh_1 layout-padded\">Darren Fletcher tok Benjamin Sesko (22) til side \u2013 s\u00e5 l\u00f8snet det for United-spissen.<\/p>\n<p> <img class=\"_image_qp4xg_65 layout-component layout-wide\" data-fullscreen- data-track-element-type=\"Article image fullscreen\" data-track-name=\"ImageFullscreen\" fetchpriority=\"high\" decoding=\"sync\" loading=\"eager\" height=\"102\" itemprop=\"image\"  src=\"https:\/\/www.europesays.com\/no\/wp-content\/uploads\/2026\/01\/67ff794af2ea7a08b79fd6839ff6c363.jpg\"  style=\"object-position:50% 50%;aspect-ratio:1.75;height:auto;object-fit:cover;width:100%\" width=\"102\"\/>  <\/p>\n<ul aria-hidden=\"true\" class=\"_images_ntbth_112\">\n<li><a class=\"_link_ntbth_117\" href=\"https:\/\/www.vg.no\/forfatter\/andreas-hopen\" style=\"z-index:1\" title=\"Andreas Hopen\" rel=\"nofollow noopener\" target=\"_blank\"><img alt=\"Bilde av Andreas Hopen\" class=\"_image_ntbth_93\" fetchpriority=\"low\" loading=\"lazy\" decoding=\"async\" itemprop=\"image\"  src=\"https:\/\/www.europesays.com\/no\/wp-content\/uploads\/2026\/01\/1767855009_623_8d697287-ea03-4d54-ab67-6d65b82629eb.jpeg\"  width=\"480\"\/><\/a><\/li>\n<\/ul>\n<p>Manchester Oppdatert torsdag 8. januar kl. 07:25    <\/p>\n<ul class=\"_list_o9xde_3 _list_64s2r_85 _unordered_o9xde_106 text-sans-m\">\n<li class=\"_item_o9xde_30\">Benjamin Sesko scoret to m\u00e5l for Manchester United mot Burnley og var n\u00e6r hattrick.<\/li>\n<li class=\"_item_o9xde_30\">Spissen har hittil kun scoret to m\u00e5l og \u00e9n assist p\u00e5 16 Premier League-kamper.<\/li>\n<li class=\"_item_o9xde_30\">Darren Fletcher roste Sesko, og bekreftet at han leder laget ogs\u00e5 mot Brighton i FA Cupen.<\/li>\n<li class=\"_item_o9xde_30\">United vurderer Ole Gunnar Solskj\u00e6r, Ruud van Nistelrooy og Michael Carrick til midlertidig managerrolle.<\/li>\n<\/ul>\n<p>Vis mer <\/p>\n<p class=\"_paragraph_o9xde_4 _paragraph_xtcu6_10 layout-component text-serif-m layout-normal text-serif-m layout-padded\">At sloveneren skulle score to m\u00e5l \u2013 og v\u00e6re n\u00e6re et hattrick var ikke gitt f\u00f8r onsdagens kamp.<\/p>\n<p class=\"_paragraph_o9xde_4 _paragraph_xtcu6_10 layout-component text-serif-m layout-normal text-serif-m layout-padded\">P\u00e5 de 16 f\u00f8rste kampene for Manchester United i <a href=\"https:\/\/www.vg.no\/tag\/premier-league?utm_source=vg-article&amp;utm_medium=auto-tagger&amp;utm_campaign=lnApoL\" class=\"_link_o9xde_39\" rel=\"nofollow noopener\" target=\"_blank\">Premier League<\/a> har 22-\u00e5ringen notert seg for to scoringer og \u00e9n assist. En mager uttelling for spissen som kostet Manchester United nesten 78 millioner pund i sommer.<\/p>\n<p class=\"_paragraph_o9xde_4 _paragraph_xtcu6_10 layout-component text-serif-m layout-normal text-serif-m layout-padded\">P\u00e5 Turf Moor stemte derimot det meste for den h\u00f8ye midtspissen.<\/p>\n<p class=\"_paragraph_o9xde_4 _paragraph_xtcu6_10 layout-component text-serif-m layout-normal text-serif-m layout-padded\">\u2013 Jeg synes han var fantastisk. Han kunne kanskje endt opp med et hattrick. En skikkelig god opplevelse for ham, sa Darren Fletcher p\u00e5 pressekonferansen etter kampen som til slutt endte 2\u20132.<\/p>\n<p class=\"_paragraph_o9xde_4 _paragraph_xtcu6_10 layout-component text-serif-m layout-normal text-serif-m layout-padded\">Se Seskos scoringer og resten av h\u00f8ydepunktene her:<\/p>\n<p class=\"_paragraph_o9xde_4 _paragraph_xtcu6_10 layout-component text-serif-m layout-normal text-serif-m layout-padded\">I tillegg til de to scoringene var Sesko n\u00e6rme scoring like f\u00f8r pause. Sloveneren leverte en str\u00e5lende heading, men Burnley-keeper Dubravka reddet mesterlig.<\/p>\n<p class=\"_paragraph_o9xde_4 _paragraph_xtcu6_10 layout-component text-serif-m layout-normal text-serif-m layout-padded\">At det meste stemte for Sesko er kanskje ikke tilfeldig.<\/p>\n<p class=\"_paragraph_o9xde_4 _paragraph_xtcu6_10 layout-component text-serif-m layout-normal text-serif-m layout-padded\">\u2013 I g\u00e5r satt jeg meg ned med ham og viste ham videoer av bevegelsene hans og hvor mulighetene kommer til \u00e5 komme, at man fortsette \u00e5 tro \u2013 og ta l\u00f8pene. Forh\u00e5pentligvis kommer m\u00e5lene til \u00e5 renne inn fra n\u00e5 av, forklarte den forel\u00f8pige Manchester United-sjefen foran et fullsatt presserom.<\/p>\n<p class=\"_paragraph_o9xde_4 _paragraph_xtcu6_10 layout-component text-serif-m layout-normal text-serif-m layout-padded\">Hovedpersonen selv er ikke tvil om at scoringene gjorde godt for selvtilliten.<\/p>\n<p class=\"_paragraph_o9xde_4 _paragraph_xtcu6_10 layout-component text-serif-m layout-normal text-serif-m layout-padded\">\u2013 Det hjalp helt klart mye, spesielt fordi jeg tror det som er viktig \u00e5 ha en god kamp og score noen m\u00e5l. Enda viktigere er det \u00e5 ha mer selvtillit enn f\u00f8r. N\u00e5 er det opp til meg og laget \u00e5 kjempe videre, sa Sesko til BBC-programmet Match of the Day.<\/p>\n<p class=\"_paragraph_o9xde_4 _paragraph_xtcu6_10 layout-component text-serif-m layout-normal text-serif-m layout-padded\"><a href=\"https:\/\/www.vg.no\/sport\/i\/K83On5\/sesko-dobbel-da-united-rotet-bort-seieren-mot-burnley\" data-track-element-type=\"Link\" data-track-id=\"link:K83On5\" class=\"_link_o9xde_39\" rel=\"nofollow noopener\" target=\"_blank\">Etter kampen bekreftet Darren Fletcher<\/a> at han ogs\u00e5 leder Manchester United mot Brighton i FA Cup-kampen s\u00f8ndag, men at han ikke vet noe utover den kampen.<\/p>\n<p class=\"_paragraph_o9xde_4 _paragraph_xtcu6_10 layout-component text-serif-m layout-normal text-serif-m layout-padded\">David Ornstein var p\u00e5 plass p\u00e5 Old Trafford onsdag \u2013 og fortalte i Viaplays sending at United-ledelsen skulle ha nye samtaler med kandidatene for den midlertidige United-jobben etter Burnley-kampen.<\/p>\n<p class=\"_paragraph_o9xde_4 _paragraph_xtcu6_10 layout-component text-serif-m layout-normal text-serif-m layout-padded\">If\u00f8lge den velrenommerte journalisten er de heteste kandidatene Ole Gunnar Solskj\u00e6r, Ruud van Nistelrooy og Michael Carrick. <\/p>\n","protected":false},"excerpt":{"rendered":"Darren Fletcher tok Benjamin Sesko (22) til side \u2013 s\u00e5 l\u00f8snet det for United-spissen. Manchester Oppdatert torsdag 8.&hellip;\n","protected":false},"author":2,"featured_media":131773,"comment_status":"","ping_status":"","sticky":false,"template":"","format":"standard","meta":{"footnotes":""},"categories":[5],"tags":[456,20,21,24,25,92,15,19,22,23,17,18,158,13,30,28,29,14,16,161,26,27],"class_list":{"0":"post-131772","1":"post","2":"type-post","3":"status-publish","4":"format-standard","5":"has-post-thumbnail","7":"category-overskrifter","8":"tag-benjamin-sesko","9":"tag-breaking-news","10":"tag-breakingnews","11":"tag-featured-news","12":"tag-featurednews","13":"tag-fotball","14":"tag-headlines","15":"tag-hovedoppslag","16":"tag-latest-news","17":"tag-latestnews","18":"tag-main-news","19":"tag-mainnews","20":"tag-manchester-united","21":"tag-news","22":"tag-no","23":"tag-norge","24":"tag-norway","25":"tag-nyheter","26":"tag-overskrifter","27":"tag-premier-league","28":"tag-top-stories","29":"tag-topstories"},"share_on_mastodon":{"url":"https:\/\/pubeurope.com\/@no\/115858153343734671","error":""},"_links":{"self":[{"href":"https:\/\/www.europesays.com\/no\/wp-json\/wp\/v2\/posts\/131772","targetHints":{"allow":["GET"]}}],"collection":[{"href":"https:\/\/www.europesays.com\/no\/wp-json\/wp\/v2\/posts"}],"about":[{"href":"https:\/\/www.europesays.com\/no\/wp-json\/wp\/v2\/types\/post"}],"author":[{"embeddable":true,"href":"https:\/\/www.europesays.com\/no\/wp-json\/wp\/v2\/users\/2"}],"replies":[{"embeddable":true,"href":"https:\/\/www.europesays.com\/no\/wp-json\/wp\/v2\/comments?post=131772"}],"version-history":[{"count":0,"href":"https:\/\/www.europesays.com\/no\/wp-json\/wp\/v2\/posts\/131772\/revisions"}],"wp:featuredmedia":[{"embeddable":true,"href":"https:\/\/www.europesays.com\/no\/wp-json\/wp\/v2\/media\/131773"}],"wp:attachment":[{"href":"https:\/\/www.europesays.com\/no\/wp-json\/wp\/v2\/media?parent=131772"}],"wp:term":[{"taxonomy":"category","embeddable":true,"href":"https:\/\/www.europesays.com\/no\/wp-json\/wp\/v2\/categories?post=131772"},{"taxonomy":"post_tag","embeddable":true,"href":"https:\/\/www.europesays.com\/no\/wp-json\/wp\/v2\/tags?post=131772"}],"curies":[{"name":"wp","href":"https:\/\/api.w.org\/{rel}","templated":true}]}}