{"id":131774,"date":"2026-01-08T06:52:17","date_gmt":"2026-01-08T06:52:17","guid":{"rendered":"https:\/\/www.europesays.com\/no\/131774\/"},"modified":"2026-01-08T06:52:17","modified_gmt":"2026-01-08T06:52:17","slug":"prins-carl-philip-tar-prinsesse-madeleine-i-forsvar-etter-kritikkstorm","status":"publish","type":"post","link":"https:\/\/www.europesays.com\/no\/131774\/","title":{"rendered":"Prins Carl Philip tar prinsesse Madeleine i forsvar etter kritikkstorm"},"content":{"rendered":"<p class=\"kicker \" style=\"\">Prins Carl Philip<\/p>\n<p>  Etter at kritikken har haglet, tar Carl Philip sin lilles\u00f8ster i forsvar.<\/p>\n<p>\n    TAR S\u00d8STEREN I FORSVAR: Etter \u00e5 ha v\u00e6rt sv\u00e6rt s\u00e5 ordknapp, letter Carl Philip p\u00e5 sl\u00f8ret vedr\u00f8rende s\u00f8sterens kritikkstorm. Foto: Splash News \/ NTB\n  <\/p>\n<p>Prins Carl Philip (46) har jobbet sammen med Oscar Kylberg siden 2011. De startet som venner, men oppdaget raskt at de delte en felles lidenskap for design.<\/p>\n<p class=\"font-weight-bold m-font-weight-bold\" data-lab-font_weight=\"font-weight-bold\">Frukten av samarbedet var selskapet Bernadotte &amp; Kylberg, som blant annet har st\u00e5tt for intereri\u00f8rdesignet til Clarion Hotel Signs nye signatursuiter.<\/p>\n<p>    <a itemprop=\"url\" href=\"https:\/\/www.seher.no\/kongelig\/andre-kongelige-har-noe-a-laere\/84059631\" rel=\"nofollow noopener\" target=\"_blank\"><\/p>\n<p>        <img loading=\"lazy\" decoding=\"async\" src=\"https:\/\/www.europesays.com\/no\/wp-content\/uploads\/2026\/01\/84063135.webp.webp\" width=\"980\" height=\"441\" title=\"- Andre kongelige har noe \u00e5 l\u00e6re\" alt=\"\" class=\"lazyload\" style=\"--aspect-ratio-image: 2.22; \"\/><\/p>\n<p>        &#8211; Andre kongelige har noe \u00e5 l\u00e6re<\/p>\n<p>    <\/a><\/p>\n<p>Det \u00e5 kombinere det rojale liv med entrepren\u00f8rskap, kan\u00a0 v\u00e6re en utfordring, innr\u00f8mmer prinsen i et intervju med Dagens Industri.<\/p>\n<p>&#8211; Det vi gj\u00f8r, g\u00e5s mer etter i s\u00f8mmene grunnet mitt egentlige virke. Derfor er vi veldig n\u00f8ye. Vi overlater aldri noe til tilfeldighetene &#8211; og alt vi har gjort for v\u00e5re kunder er vi 100 prosent forn\u00f8yd med, forteller han videre.<\/p>\n<p>        ANGSTANFALL: Det ble en dramatisk start p\u00e5 \u00abFarmen kjendis\u00bb-oppholdet for komiker Jonas Lihaug Fredriksen. Reporter: Nora Skavhaug. Video: Sanne Holt\/ TV 2\/ R\u00f8d L\u00f8per<\/p>\n<p>To av tre\t<\/p>\n<p>Prins Carl Philip er ikke den eneste i s\u00f8skenflokken som driver en bedrift ved siden av sine kongelige plikter.<\/p>\n<p>Prinsesse Madeleine (43) har som kjent entret hudpleiebransjen med sitt eget merke, MinLen.<\/p>\n<p>        <img loading=\"lazy\" decoding=\"async\" src=\"https:\/\/www.europesays.com\/no\/wp-content\/uploads\/2026\/01\/83578179.webp.webp\" width=\"686\" height=\"1029\" title=\"FORRETNINGSKVINNE: Kritikken lot ikke vente p\u00e5 seg da prinsesse Madeleine lanserte sitt eget hudpleiemerke. Foto: NTB\" alt=\"\" class=\"\" style=\"--aspect-ratio-image: 0.67; \"\/><\/p>\n<p>\n        FORRETNINGSKVINNE: Kritikken lot ikke vente p\u00e5 seg da prinsesse Madeleine lanserte sitt eget hudpleiemerke. Foto: NTB\n    <\/p>\n<p>Madeleine tok nemlig et uvanlig steg da hun gikk ut fra kongehusets tradisjonelle ramme, og ble bedriftsgr\u00fcnder. Hele Sverige fulgte med da hun lanserte hudpleieserien MinLen.<\/p>\n<p>If\u00f8lge <a href=\"https:\/\/kommunikasjon.ntb.no\/pressemelding\/18467257\/weleda-ag-exceptional-partnership-princess-madeleine-and-weleda-launch-new-skincare-brand-minlen?publisherId=17819585&amp;lang=en\" rel=\"nofollow noopener\" target=\"_blank\">pressemeldinger<\/a> ble det markedsf\u00f8rt som den f\u00f8rste naturlige, ansvarlige og multi-generasjons hudpleieserien i Europa &#8211; s\u00e6rlig skreddersydd for barn, ungdom og voksne som \u00f8nsker milde, dokumenterte produkter.<\/p>\n<p>        <img loading=\"lazy\" decoding=\"async\" src=\"https:\/\/www.europesays.com\/no\/wp-content\/uploads\/2026\/01\/83589437.webp.webp\" width=\"667\" height=\"594\" title=\"MED P\u00c5 LAGET: Prinsesse Madeleine og Weledas CEO Tina M\u00fcller er grunnleggerne bak hudpleiemerket MinLen. Foto: Jessica Gow \/ TT \/ NTB\" alt=\"\" class=\"\" style=\"--aspect-ratio-image: 1.12; \"\/><\/p>\n<p>\n        MED P\u00c5 LAGET: Prinsesse Madeleine og Weledas CEO Tina M\u00fcller er grunnleggerne bak hudpleiemerket MinLen. Foto: Jessica Gow \/ TT \/ NTB\n    <\/p>\n<p>Grunnleggeren bak satsingen var prinsesse Madeleine, som med sin erfaring som trebarnsmor hadde sett et behov i markedet.<\/p>\n<p class=\"font-weight-bold m-font-weight-bold\" data-lab-font_weight=\"font-weight-bold\">I pressemeldingen het det at MinLen skulle v\u00e6re et trygt alternativ, utviklet med fokus p\u00e5 \u00e5 beskytte og styrke hudens naturlige barriere.<\/p>\n<p>        <img loading=\"lazy\" decoding=\"async\" src=\"https:\/\/www.europesays.com\/no\/wp-content\/uploads\/2026\/01\/83390931.webp.webp\" width=\"667\" height=\"594\" title=\"HJELP?: Prinsesse Madeleines ektemann, Chris O'Neill er en sv\u00e6rt dyktig forretningsmann. Har prinsessen r\u00e5df\u00f8rt seg med ektemannen mon tro? Foto: Shutterstock\" alt=\"\" class=\"\" style=\"--aspect-ratio-image: 1.12; \"\/><\/p>\n<p>\n        HJELP?: Prinsesse Madeleines ektemann, Chris O&#8217;Neill er en sv\u00e6rt dyktig forretningsmann. Har prinsessen r\u00e5df\u00f8rt seg med ektemannen mon tro? Foto: Shutterstock\n    <\/p>\n<p>Lanseringen markerte et brudd med det tradisjonelle bildet av en prinsesserolle, til tross for at Madeleine valgte \u00e5 bruke sitt sivile navn &#8211; Madeleine Bernadotte &#8211; i forbindelse med arbeidet med MinLen.<\/p>\n<p class=\"font-weight-bold m-font-weight-bold\" data-lab-font_weight=\"font-weight-bold\">Satsingen vakte oppsikt, og debatten om hudpleieserien har blant annet handlet om bruken av hennes tittel i markedsf\u00f8ringen &#8211; hvor enkelte kritikere mener at det kan gi et urettferdig kommersielt fortrinn.<\/p>\n<p>    <a itemprop=\"url\" href=\"https:\/\/www.seher.no\/kongelig\/pa-vei-mot-skilsmisse\/84060444\" rel=\"nofollow noopener\" target=\"_blank\"><\/p>\n<p>        <img loading=\"lazy\" decoding=\"async\" src=\"https:\/\/www.europesays.com\/no\/wp-content\/uploads\/2026\/01\/1767855135_22_84060896.webp.webp\" width=\"980\" height=\"441\" title=\"- Skilsmisse p\u00e5 ny\u00e5ret\" alt=\"\" class=\"lazyload\" style=\"--aspect-ratio-image: 2.22; \"\/><\/p>\n<p>        &#8211; Skilsmisse p\u00e5 ny\u00e5ret<\/p>\n<p>    <\/a><\/p>\n<p>Prins Carl Philip sympatiserer med s\u00f8steren, og syns mye av kritikken var uberettiget, skriver <a href=\"https:\/\/www.svenskdam.se\/kungligt\/sorgliga-beskedet-bryter-upp-efter-atta-ar-ar-tacksam\/11212056?second_article=true\" rel=\"nofollow noopener\" target=\"_blank\">Svensk Damtidning.<\/a><\/p>\n<p>        <img loading=\"lazy\" decoding=\"async\" src=\"https:\/\/www.europesays.com\/no\/wp-content\/uploads\/2026\/01\/83960932.webp.webp\" width=\"686\" height=\"858\" title=\"IKKE FORTJENT, MEN...: forventet, forteller prins Carl Philip om kritikken som haglet s\u00f8sterens vei. Her med sin kj\u00e6re kone prinsesse Sofia. Foto: Jessica Gow \/ TT \/ NTB\" alt=\"\" class=\"\" style=\"--aspect-ratio-image: 0.80; \"\/><\/p>\n<p>\n        IKKE FORTJENT, MEN&#8230;: forventet, forteller prins Carl Philip om kritikken som haglet s\u00f8sterens vei. Her med sin kj\u00e6re kone prinsesse Sofia. Foto: Jessica Gow \/ TT \/ NTB\n    <\/p>\n<p>&#8211; Det f\u00f8rste steget er alltid det vanskeligste. Vi har hatt v\u00e5rt firma siden 2011, men for henne er det nytt. Og med den bransjen er det nytt. Jeg synes det var litt overraskende at det kom s\u00e5 mye kritikk rundt det. Men f\u00f8rste gang er alltid s\u00e5nn, b\u00e5de for s\u00f8steren min &#8211; og sv\u00e6rt mange andre.<\/p>\n<p>        ROMANSERYKTER: Sondre Sundby har endelig f\u00e5tt seg kj\u00e6reste, men r\u00f8per at dama kan bli sjalu p\u00e5 forholdet hans til \u00abFarmen kjendis\u00bb-kollegaen. Reporter: Thea Hope\/Nora Skavhaug. Video: Sanne Holt\/ TV 2\/ R\u00f8d L\u00f8per<\/p>\n<p>Forretningspartner Oscar Kylberg kunne da skyte inn at det \u00e5 f\u00e5 kritikk, ofte er en naturlig del av det \u00e5 drive en bedrift &#8211; og at dette er noe man kan l\u00e6re av.<\/p>\n<p class=\"font-weight-bold m-font-weight-bold\" data-lab-font_weight=\"font-weight-bold\">&#8211; Man m\u00e5 bare ta det til seg, g\u00e5 videre &#8211; og heller pr\u00f8ve \u00e5 l\u00e6re noe av det.<\/p>\n","protected":false},"excerpt":{"rendered":"Prins Carl Philip Etter at kritikken har haglet, tar Carl Philip sin lilles\u00f8ster i forsvar. TAR S\u00d8STEREN I&hellip;\n","protected":false},"author":2,"featured_media":131775,"comment_status":"","ping_status":"","sticky":false,"template":"","format":"standard","meta":{"footnotes":""},"categories":[58],"tags":[4104,71,76,15269,30,28,29,7073,5100,4247,72],"class_list":{"0":"post-131774","1":"post","2":"type-post","3":"status-publish","4":"format-standard","5":"has-post-thumbnail","7":"category-underholdning","8":"tag-eksklusivt","9":"tag-entertainment","10":"tag-kongelig","11":"tag-minlen","12":"tag-no","13":"tag-norge","14":"tag-norway","15":"tag-prins-carl-philip","16":"tag-prinsesse-madeleine","17":"tag-prinsesse-sofia","18":"tag-underholdning"},"share_on_mastodon":{"url":"https:\/\/pubeurope.com\/@no\/115858161220895457","error":""},"_links":{"self":[{"href":"https:\/\/www.europesays.com\/no\/wp-json\/wp\/v2\/posts\/131774","targetHints":{"allow":["GET"]}}],"collection":[{"href":"https:\/\/www.europesays.com\/no\/wp-json\/wp\/v2\/posts"}],"about":[{"href":"https:\/\/www.europesays.com\/no\/wp-json\/wp\/v2\/types\/post"}],"author":[{"embeddable":true,"href":"https:\/\/www.europesays.com\/no\/wp-json\/wp\/v2\/users\/2"}],"replies":[{"embeddable":true,"href":"https:\/\/www.europesays.com\/no\/wp-json\/wp\/v2\/comments?post=131774"}],"version-history":[{"count":0,"href":"https:\/\/www.europesays.com\/no\/wp-json\/wp\/v2\/posts\/131774\/revisions"}],"wp:featuredmedia":[{"embeddable":true,"href":"https:\/\/www.europesays.com\/no\/wp-json\/wp\/v2\/media\/131775"}],"wp:attachment":[{"href":"https:\/\/www.europesays.com\/no\/wp-json\/wp\/v2\/media?parent=131774"}],"wp:term":[{"taxonomy":"category","embeddable":true,"href":"https:\/\/www.europesays.com\/no\/wp-json\/wp\/v2\/categories?post=131774"},{"taxonomy":"post_tag","embeddable":true,"href":"https:\/\/www.europesays.com\/no\/wp-json\/wp\/v2\/tags?post=131774"}],"curies":[{"name":"wp","href":"https:\/\/api.w.org\/{rel}","templated":true}]}}