{"id":131776,"date":"2026-01-08T06:55:10","date_gmt":"2026-01-08T06:55:10","guid":{"rendered":"https:\/\/www.europesays.com\/no\/131776\/"},"modified":"2026-01-08T06:55:10","modified_gmt":"2026-01-08T06:55:10","slug":"ice-minneapolis-renee-good-ble-drept-i-skytingen-i-minneapolis-vance-og-trump-stotter-ice","status":"publish","type":"post","link":"https:\/\/www.europesays.com\/no\/131776\/","title":{"rendered":"Ice, Minneapolis | Renee Good ble drept i skytingen i Minneapolis: Vance og Trump st\u00f8tter ICE"},"content":{"rendered":"\n<p>Det var 37 \u00e5r gamle Renee Nicole Macklin Good som ble skutt og drept av immigrasjonsmyndigheten ICE i Minneapolis i Minnesota onsdag. Kvinnen var amerikansk statsborger og bodde i Minneapolis.<\/p>\n<p>\u2013 Hun var kj\u00e6rlig, tilgivende og godhjertet. Hun var et fantastisk menneske, sier moren hennes til <a rel=\"Follow nofollow noopener\" href=\"https:\/\/www.startribune.com\/ice-raids-minnesota\/601546426\" target=\"_blank\">Minnesota Star Tribune<\/a>.<\/p>\n<p>P\u00e5 egen Facebook-side beskrev 37-\u00e5ringen seg som \u00abmor, kvinne og poet\u00bb, skriver <a rel=\"Follow nofollow noopener\" href=\"https:\/\/nypost.com\/2026\/01\/07\/us-news\/woman-fatally-shot-by-ice-agent-identified\/\" target=\"_blank\">The New York Post<\/a>.<\/p>\n<p><b>Les ogs\u00e5: <a class=\"simple-relation related-teaser article--c-eRUmMG article--c-eRUmMG-fZoQSp-design-nettavisen article--c-eRUmMG-gwthdJ-cv\" href=\"https:\/\/www.nettavisen.no\/truer-med-a-straffeforfolge-russisk-mannskap-trump-er-ikke-redd\/s\/5-95-2813266\" rel=\"nofollow noopener\" target=\"_blank\">Truer med \u00e5 straffeforf\u00f8lge russisk mannskap: \u2013 Trump er ikke redd<\/a><\/b><\/p>\n<p>ICE-agentene st\u00f8ttes<\/p>\n<p>I etterkant av hendelsen har b\u00e5de USAs president og visepresident g\u00e5tt ut med st\u00f8tte til ICE etter skyteepisoden.<\/p>\n<p>\u2013 Jeg vil at hver eneste ICE-betjent skal vite at presidenten deres, visepresidenten deres og hele administrasjonen st\u00f8tter dem, skriver visepresident J.D. Vance p\u00e5 <a href=\"https:\/\/x.com\/JDVance\/status\/2009090255908130994\" rel=\"noopener nofollow\">X<\/a>.<\/p>\n<p>\u2013 Til de radikale som angriper dem, doxxer dem og truer dem: Gratulerer. Vi kommer til \u00e5 jobbe enda hardere med \u00e5 h\u00e5ndheve loven, skriver han videre.<\/p>\n<p>Doxxing er i korte trekk offentliggj\u00f8ring av personlig informasjon p\u00e5 internett, ofte med form\u00e5l \u00e5 utpresse personen eller skape frykt.<\/p>\n<p>    Vil du se neste video?<\/p>\n<p>    <a href=\"https:\/\/www.nettavisen.no\/nyheter\/ukrainsk-jagerfly-odelegger-for-vladimir-putin-i-pokrovsk\/v\/5-95-2807927\" class=\"recommend-poster\" data-adp-clicklabel=\"video-recommend\" data-adp-clickvalue=\"poster\" rel=\"nofollow noopener\" target=\"_blank\"><br \/>\n      <img decoding=\"async\" width=\"200\" height=\"200\" loading=\"lazy\" src=\"https:\/\/www.europesays.com\/no\/wp-content\/uploads\/2026\/01\/JAGERFLY+BREDDE.jpg\" alt=\"\" class=\"brick-c-cFOWSL\" style=\"--brick-image-ratio: 200 \/ 200;\"\/><\/p>\n<p>Nye bilder: Rammer Putin hardt0:41<\/p>\n<p>    <\/a><\/p>\n<p>        En kvinne ble skutt og drept av ICE i Minneapolis onsdag. Ordf\u00f8reren i byen regelrett slakter byr\u00e5et.<br \/>\n        Ikke en aktivist<\/p>\n<p>Good var trebarnsmor, hadde nylig flyttet til Minnesota, og ser ikke ut til \u00e5 ha hatt kontakt med politiet utenom en enkelt fartsbot.<\/p>\n<p>Eksmannen hennes sier hun nettopp hadde avlevert s\u00f8nnen p\u00e5 skolen og var p\u00e5 vei hjem da hun m\u00f8tte p\u00e5 en gruppe ICE-betjenter. Han sier videre at hun ikke var noen form for aktivist og at hun ikke hadde deltatt i noen form for demonstrasjon som han var kjent med.<\/p>\n<p>   <img decoding=\"async\" width=\"5270\" height=\"3514\" fetchpriority=\"low\"  loading=\"lazy\"  src=\"https:\/\/www.europesays.com\/no\/wp-content\/uploads\/2026\/01\/cueres_scp-mangler_navn_3yiiTU86-d4_1.jpg\" alt=\"People participate in a protest in response to the fatal shooting of Renee Nicole Good by a Federal immigration officer this morning in Minneapolis, Wednesday, Jan. 7, 2026, in New York. (AP Photo\/Ryan Murphy)\" class=\"brick-c-cFOWSL\" style=\"--brick-image-ratio: 5270 \/ 3514;\"\/><\/p>\n<p>      DEMONSTRASJONER: Folk demonstrerer mot Ice etter den fatale hendelsen i Minneapolis der en kvinne ble skutt og drept av ICE-agenter.<br \/>\n      Foto: Ryan Murphy (AP \/ NTB)\n    <\/p>\n<p><b>Les ogs\u00e5: <a class=\"simple-relation related-teaser article--c-eRUmMG article--c-eRUmMG-fZoQSp-design-nettavisen article--c-eRUmMG-gwthdJ-cv\" href=\"https:\/\/www.nettavisen.no\/venezuela-sier-at-100-mennesker-ble-drept-i-usas-angrep\/s\/5-95-2813458\" rel=\"nofollow noopener\" target=\"_blank\">Venezuela sier at 100 mennesker ble drept i USAs angrep<\/a><\/b><\/p>\n<p>Fanget p\u00e5 video<\/p>\n<p>Det var onsdag at en 37 \u00e5r gammel kvinne ble skutt av en ICE-betjent i Minneapolis i Minnesota. F\u00f8derale myndigheter sier at hun pr\u00f8vde \u00e5 kj\u00f8re p\u00e5 betjentene og at det ble skutt mot henne i selvforsvar.<\/p>\n<p>Denne versjonen st\u00f8ttes ikke av videoer som er lag ut p\u00e5 sosiale medier. I videoen kan man se en ICE-betjent g\u00e5 mot bilen hennes, kreve at hun \u00e5pner d\u00f8ra, og deretter dra i h\u00e5ndtaket. N\u00e5r Macklin Good begynner \u00e5 kj\u00f8re framover, avfyrer en annen ICE-betjent umiddelbart to skudd inn i kj\u00f8ret\u00f8yet fra kloss hold.<\/p>\n<p>Ordf\u00f8reren i byen og delstatens guvern\u00f8r bestrider ogs\u00e5 versjonen fra de f\u00f8derale myndighetene hendelsesforl\u00f8pet.<\/p>\n<p>   <img decoding=\"async\" width=\"4507\" height=\"3005\" fetchpriority=\"low\"  loading=\"lazy\"  src=\"https:\/\/www.europesays.com\/no\/wp-content\/uploads\/2026\/01\/cueres_scp-mangler_navn_gOZZ85OgWX8.jpg\" alt=\"FILE - Vice President JD Vance speaks during Turning Point USA's AmericaFest 2025, Dec. 21, 2025, in Phoenix. (AP Photo\/Jon Cherry, File)\" class=\"brick-c-cFOWSL\" style=\"--brick-image-ratio: 4507 \/ 3005;\"\/><\/p>\n<p>      RYKKER UT: USAs visepresident J.D. Vance gir full st\u00f8tte til ICE-betjentene som skj\u00f8t og drepte en kvinne i Minneapolis. Bildet er tatt i desember.<br \/>\n      Foto: Jon Cherry (AP\/NTB)\n    <\/p>\n<p>President Donald Trump sier saken skal etterforskes, men han mener hendelsesforl\u00f8pet er \u00e5penbart og at kvinnen ble skutt i selvforsvar. I et innlegg p\u00e5 <a href=\"https:\/\/truthsocial.com\/@realDonaldTrump\/posts\/115855701696773990\" rel=\"noopener nofollow\" target=\"_blank\">Truth Social<\/a> skriver han at \u00ab\u00e5rsaken til at disse hendelsene skjer er at det radikale venstre truer, angriper og rammer v\u00e5re politifolk og ICE-betjenter hver eneste dag\u00bb.<\/p>\n<p><b>Les ogs\u00e5: <a class=\"simple-relation related-teaser article--c-eRUmMG article--c-eRUmMG-fZoQSp-design-nettavisen article--c-eRUmMG-gwthdJ-cv\" href=\"https:\/\/www.nettavisen.no\/forsvarsministeren-er-krystallklar-nato-kommer-ikke-til-a-ryke\/s\/5-95-2813471\" rel=\"nofollow noopener\" target=\"_blank\">Forsvarsministeren er krystallklar: \u2013 Nato kommer ikke til \u00e5 ryke<\/a><\/b><\/p>\n","protected":false},"excerpt":{"rendered":"Det var 37 \u00e5r gamle Renee Nicole Macklin Good som ble skutt og drept av immigrasjonsmyndigheten ICE i&hellip;\n","protected":false},"author":2,"featured_media":131777,"comment_status":"","ping_status":"","sticky":false,"template":"","format":"standard","meta":{"footnotes":""},"categories":[12],"tags":[20,21,24,25,15,22,23,13,30,28,29,14,16,26,27,42,43,44,45],"class_list":{"0":"post-131776","1":"post","2":"type-post","3":"status-publish","4":"format-standard","5":"has-post-thumbnail","7":"category-verden","8":"tag-breaking-news","9":"tag-breakingnews","10":"tag-featured-news","11":"tag-featurednews","12":"tag-headlines","13":"tag-latest-news","14":"tag-latestnews","15":"tag-news","16":"tag-no","17":"tag-norge","18":"tag-norway","19":"tag-nyheter","20":"tag-overskrifter","21":"tag-top-stories","22":"tag-topstories","23":"tag-verden","24":"tag-world","25":"tag-world-news","26":"tag-worldnews"},"share_on_mastodon":{"url":"https:\/\/pubeurope.com\/@no\/115858173097056488","error":""},"_links":{"self":[{"href":"https:\/\/www.europesays.com\/no\/wp-json\/wp\/v2\/posts\/131776","targetHints":{"allow":["GET"]}}],"collection":[{"href":"https:\/\/www.europesays.com\/no\/wp-json\/wp\/v2\/posts"}],"about":[{"href":"https:\/\/www.europesays.com\/no\/wp-json\/wp\/v2\/types\/post"}],"author":[{"embeddable":true,"href":"https:\/\/www.europesays.com\/no\/wp-json\/wp\/v2\/users\/2"}],"replies":[{"embeddable":true,"href":"https:\/\/www.europesays.com\/no\/wp-json\/wp\/v2\/comments?post=131776"}],"version-history":[{"count":0,"href":"https:\/\/www.europesays.com\/no\/wp-json\/wp\/v2\/posts\/131776\/revisions"}],"wp:featuredmedia":[{"embeddable":true,"href":"https:\/\/www.europesays.com\/no\/wp-json\/wp\/v2\/media\/131777"}],"wp:attachment":[{"href":"https:\/\/www.europesays.com\/no\/wp-json\/wp\/v2\/media?parent=131776"}],"wp:term":[{"taxonomy":"category","embeddable":true,"href":"https:\/\/www.europesays.com\/no\/wp-json\/wp\/v2\/categories?post=131776"},{"taxonomy":"post_tag","embeddable":true,"href":"https:\/\/www.europesays.com\/no\/wp-json\/wp\/v2\/tags?post=131776"}],"curies":[{"name":"wp","href":"https:\/\/api.w.org\/{rel}","templated":true}]}}